{"id":363185,"date":"2025-09-03T12:05:13","date_gmt":"2025-09-03T12:05:13","guid":{"rendered":"https:\/\/www.europesays.com\/fr\/363185\/"},"modified":"2025-09-03T12:05:13","modified_gmt":"2025-09-03T12:05:13","slug":"la-france-et-leurope-face-a-la-brutale-augmentation-des-taux-dinteret-a-30-ans-regards-protestants","status":"publish","type":"post","link":"https:\/\/www.europesays.com\/fr\/363185\/","title":{"rendered":"La France et l\u2019Europe face \u00e0 la brutale augmentation des taux d\u2019int\u00e9r\u00eat \u00e0 30 ans \u2013 Regards protestants"},"content":{"rendered":"<p>L\u2019heure n\u2019est pas aux r\u00e9jouissances du c\u00f4t\u00e9 des taux d\u2019int\u00e9r\u00eat de la dette en Europe de l\u2019Ouest. <a href=\"https:\/\/regardsprotestants.com\/actualites\/societe\/la-france-au-defi-des-5-du-pib-pour-sa-defense\/\" target=\"_blank\" rel=\"noreferrer noopener nofollow\">La France<\/a> en particulier a affich\u00e9 un taux d\u2019emprunt \u00e0 4,513 % \u00e0 \u00e9ch\u00e9ance 30 ans au matin du mardi 2 septembre 2025, g\u00e9n\u00e9rant le pic le plus haut depuis juin 2009, d\u2019apr\u00e8s le journal \u00e9conomique <a href=\"https:\/\/www.latribune.fr\/economie\/union-europeenne\/france-royaume-uni-allemagne-les-taux-d-emprunt-flambent-en-europe-1031750.html\" target=\"_blank\" rel=\"noreferrer noopener nofollow\">La Tribune<\/a>. Cette remont\u00e9e fulgurante cr\u00e9e un climat de d\u00e9fiance \u00e0 l\u2019\u00e9gard du pays de la part des investisseurs, d\u00e9j\u00e0 rendus frileux par l\u2019incertitude planant sur les politiques europ\u00e9ennes et les parcours budg\u00e9taires.<\/p>\n<p>L\u2019approche du vote de confiance voulu par le Premier ministre Fran\u00e7ois Bayrou, qui pourrait ne plus occuper cette fonction tr\u00e8s longtemps, et la possibilit\u00e9 d\u2019une dissolution agitent leur nervosit\u00e9 et entretiennent leur r\u00e9serve envers l\u2019Hexagone. \u00ab\u00a0Une paralysie institutionnelle rendrait plus difficile l\u2019ajustement budg\u00e9taire, d\u00e9j\u00e0 compliqu\u00e9 par le niveau actuel du d\u00e9ficit \u00bb, confie l\u2019\u00e9conomiste chez Deutsche Bank, Jim Reid, alors que le taux \u00e0 10 ans n\u2019est gu\u00e8re mieux, pointant \u00e0 3,57 %.<\/p>\n<p>L\u2019Allemagne et le Royaume-Uni \u00e9galement fragilis\u00e9s<\/p>\n<p>Si les rendements d\u2019\u00c9tat \u00e0 30 ans en Allemagne n\u2019atteignent pas ceux de la France, la situation n\u2019y est pas forc\u00e9ment plus enviable malgr\u00e9 une meilleure image en mati\u00e8re de discipline budg\u00e9taire. Outre-Rhin, les Bunds (emprunts d\u2019\u00c9tat \u00e0 long terme) pointent \u00e0 3,40 %, un chiffre qui n\u2019avait plus \u00e9t\u00e9 atteint depuis 2011. Le d\u00e9ficit \u00e9tait jusqu\u2019alors limit\u00e9 de l\u2019autre c\u00f4t\u00e9 de la fronti\u00e8re, mais c\u2019\u00e9tait sans compter sur la politique budg\u00e9taire men\u00e9e par le r\u00e9cemment \u00e9lu chancelier, Friedrich Merz. Depuis son arriv\u00e9e au pouvoir le 6 mai dernier, son \u00ab\u00a0bazooka fiscal\u00a0\u00bb a ainsi permis un assouplissement du frein de la dette.<\/p>\n<p>Au Royaume de Sa Majest\u00e9, on cr\u00e8ve le plafond. Surpassant le pic fran\u00e7ais, les Britanniques voient le taux \u00e0 30 ans atteindre un score qui n\u2019avait plus \u00e9t\u00e9 constat\u00e9 depuis 1998 avec un point culminant \u00e0 5,693 %. Pour Neil Wilson, analyste chez Saxobank, les march\u00e9s affichent aussi une certaine d\u00e9fiance face \u00e0 la trajectoire \u00e9conomique du Royaume-Uni en raison de la volte-face op\u00e9r\u00e9e sur les coupes budg\u00e9taires. \u00ab\u00a0Cette \u00e9volution t\u00e9moigne du manque de confiance des investisseurs dans la capacit\u00e9 du Tr\u00e9sor \u00e0 respecter ses r\u00e8gles d\u2019endettement \u00bb, a-t-il ainsi d\u00e9velopp\u00e9.<\/p>\n","protected":false},"excerpt":{"rendered":"L\u2019heure n\u2019est pas aux r\u00e9jouissances du c\u00f4t\u00e9 des taux d\u2019int\u00e9r\u00eat de la dette en Europe de l\u2019Ouest. La&hellip;\n","protected":false},"author":2,"featured_media":363186,"comment_status":"","ping_status":"","sticky":false,"template":"","format":"standard","meta":{"footnotes":""},"categories":[1586],"tags":[11,1777,674,1011,27,12,25],"class_list":{"0":"post-363185","1":"post","2":"type-post","3":"status-publish","4":"format-standard","5":"has-post-thumbnail","7":"category-europe","8":"tag-actualites","9":"tag-eu","10":"tag-europe","11":"tag-fr","12":"tag-france","13":"tag-news","14":"tag-republique-francaise"},"share_on_mastodon":{"url":"https:\/\/pubeurope.com\/@fr\/115140278605287031","error":""},"_links":{"self":[{"href":"https:\/\/www.europesays.com\/fr\/wp-json\/wp\/v2\/posts\/363185","targetHints":{"allow":["GET"]}}],"collection":[{"href":"https:\/\/www.europesays.com\/fr\/wp-json\/wp\/v2\/posts"}],"about":[{"href":"https:\/\/www.europesays.com\/fr\/wp-json\/wp\/v2\/types\/post"}],"author":[{"embeddable":true,"href":"https:\/\/www.europesays.com\/fr\/wp-json\/wp\/v2\/users\/2"}],"replies":[{"embeddable":true,"href":"https:\/\/www.europesays.com\/fr\/wp-json\/wp\/v2\/comments?post=363185"}],"version-history":[{"count":0,"href":"https:\/\/www.europesays.com\/fr\/wp-json\/wp\/v2\/posts\/363185\/revisions"}],"wp:featuredmedia":[{"embeddable":true,"href":"https:\/\/www.europesays.com\/fr\/wp-json\/wp\/v2\/media\/363186"}],"wp:attachment":[{"href":"https:\/\/www.europesays.com\/fr\/wp-json\/wp\/v2\/media?parent=363185"}],"wp:term":[{"taxonomy":"category","embeddable":true,"href":"https:\/\/www.europesays.com\/fr\/wp-json\/wp\/v2\/categories?post=363185"},{"taxonomy":"post_tag","embeddable":true,"href":"https:\/\/www.europesays.com\/fr\/wp-json\/wp\/v2\/tags?post=363185"}],"curies":[{"name":"wp","href":"https:\/\/api.w.org\/{rel}","templated":true}]}}