{"id":363189,"date":"2025-09-03T12:07:12","date_gmt":"2025-09-03T12:07:12","guid":{"rendered":"https:\/\/www.europesays.com\/fr\/363189\/"},"modified":"2025-09-03T12:07:12","modified_gmt":"2025-09-03T12:07:12","slug":"chloe-malle-succede-a-anna-wintour-a-la-tete-de-vogue-aux-etats-unis-promettant-de-faconner-le-titre","status":"publish","type":"post","link":"https:\/\/www.europesays.com\/fr\/363189\/","title":{"rendered":"Chloe Malle succ\u00e8de \u00e0 Anna Wintour \u00e0 la t\u00eate de \u00ab\u00a0Vogue\u00a0\u00bb aux Etats-Unis, promettant de \u00ab\u00a0fa\u00e7onner\u00a0\u00bb le titre"},"content":{"rendered":"<p>                          <img loading=\"lazy\" decoding=\"async\" src=\"https:\/\/www.europesays.com\/fr\/wp-content\/uploads\/2025\/09\/360db75_ftp-import-images-1-dqroye3kf3uw-5777164-01-06.jpg\" alt=\"Chloe Malle lors du Met Gala, \u00e0 New York, le 6\u00a0mai\u00a02024.\"   width=\"664\" height=\"443\"\/>    Chloe Malle lors du Met Gala, \u00e0 New York, le 6\u00a0mai\u00a02024.  ANGELA WEISS\/AFP                        <\/p>\n<p class=\"article__paragraph  \">\u00ab\u00a0Poser [sa] propre empreinte\u00a0\u00bb sur l\u2019\u00e9dition am\u00e9ricaine de Vogue sera la cl\u00e9 du \u00ab\u00a0succ\u00e8s\u00a0\u00bb, estime la Franco-Am\u00e9ricaine Chloe Malle, qui a succ\u00e9d\u00e9 mardi 2\u00a0septembre \u00e0 la \u00ab\u00a0papesse de la mode\u00a0\u00bb, Anna Wintour, rest\u00e9e trente-sept ans \u00e0 la t\u00eate du titre. \u00ab\u00a0Malle sera responsable de la direction cr\u00e9ative et \u00e9ditoriale (\u2026) et rejoint l\u2019\u00e9quipe de direction, compos\u00e9e de dix responsables de contenu \u00e9ditorial \u00e0 l\u2019\u00e9chelle mondiale, sous l\u2019autorit\u00e9 d\u2019Anna Wintour\u00a0\u00bb, pr\u00e9cise un communiqu\u00e9 du propri\u00e9taire du magazine, le groupe am\u00e9ricain Cond\u00e9 Nast.<\/p>\n<p class=\"article__paragraph  \">Le premier num\u00e9ro sous l\u2019\u00e9gide de la New-Yorkaise de 39\u00a0ans devrait \u00eatre publi\u00e9 en\u00a02026, selon le New York Times, <a href=\"https:\/\/www.nytimes.com\/2025\/09\/02\/business\/media\/vogue-chloe-malle-new-editor.html?searchResultPosition=1\" target=\"_blank\" rel=\"noopener nofollow\" title=\"Nouvelle fen\u00eatre\">auquel elle a accord\u00e9 une interview diffus\u00e9e mardi<\/a>. La nouvelle directrice \u00e9ditoriale, qui souhaite \u00ab\u00a0un changement notable\u00a0\u00bb, y glisse que le mensuel devrait \u00eatre publi\u00e9 moins fr\u00e9quemment, autour de th\u00e8mes ou de moments culturels sp\u00e9cifiques, sur un papier de haute qualit\u00e9, afin d\u2019\u00eatre collectionn\u00e9.<\/p>\n<p class=\"article__paragraph  \">Chloe Malle, qui a rejoint Vogue en\u00a02011, occupait le poste de directrice \u00e9ditoriale du site Vogue.com depuis 2023 et copr\u00e9sentait un podcast maison depuis\u00a02022. \u00ab\u00a0Sous sa direction, le trafic direct vers Vogue.com a doubl\u00e9 et le site a enregistr\u00e9 une croissance \u00e0 deux chiffres de tous les indicateurs-cl\u00e9s (\u2026), notamment autour des \u00e9v\u00e9nements phares comme le Met Gala et Vogue World\u00a0\u00bb, explique Cond\u00e9 Nast dans son communiqu\u00e9.<\/p>\n<p>                  Connue pour sa couverture de mariages de c\u00e9l\u00e9brit\u00e9s                  <\/p>\n<p class=\"article__paragraph  \">\u00ab\u00a0J\u2019ai h\u00e2te de m\u2019impliquer encore plus dans les domaines de l\u2019\u00e9dition, de la vid\u00e9o et des \u00e9v\u00e9nements \u2013\u00a0encourageant la pluralit\u00e9 multiplateforme que notre audience recherche et exige\u00a0\u00bb, commente Chloe Malle, fille du cin\u00e9aste fran\u00e7ais Louis Malle et de l\u2019actrice am\u00e9ricaine Candice Bergen, dans ce communiqu\u00e9, ajoutant\u00a0: \u00ab\u00a0Vogue a d\u00e9j\u00e0 fa\u00e7onn\u00e9 qui je suis, d\u00e9sormais je suis enthousiaste \u00e0 la perspective de fa\u00e7onner Vogue.\u00a0\u00bb<\/p>\n<p class=\"article__paragraph  \">Questionn\u00e9e par le New York Times sur son pedigree, \u00e0 l\u2019heure o\u00f9 les Etats-Unis remettent en cause les parcours des \u00ab\u00a0enfants de\u00a0\u00bb, cette derni\u00e8re se dit \u00ab\u00a0fi\u00e8re de l\u2019\u00eatre\u00a0\u00bb. \u00ab\u00a0Il ne fait aucun doute que j\u2019ai b\u00e9n\u00e9fici\u00e9 \u00e0 100\u00a0% du privil\u00e8ge dans lequel j\u2019ai grandi\u00a0\u00bb, constate la m\u00e8re de deux enfants, connue notamment pour sa couverture de mariages de personnalit\u00e9s (r\u00e9cemment celui du milliardaire Jeff Bezos avec Lauren Sanchez). \u00ab\u00a0Je dirais, cependant, que cela m\u2019a toujours pouss\u00e9e \u00e0 travailler beaucoup plus dur (\u2026) pour prouver que j\u2019\u00e9tais plus que la fille de Candice Bergen ou quelqu\u2019un qui a grandi \u00e0 Beverly Hills\u00a0\u00bb, ajoute-t-elle.<\/p>\n<p class=\"article__paragraph  \">L\u2019annonce, en juin, <a href=\"https:\/\/www.lemonde.fr\/international\/article\/2025\/06\/26\/anna-wintour-papesse-de-la-mode-quitte-la-redaction-en-chef-de-l-edition-americaine-de-vogue-apres-presque-quarante-ans_6616050_3210.html\" rel=\"nofollow noopener\" target=\"_blank\">du retrait d\u2019Anna Wintour de l\u2019\u00e9dition am\u00e9ricaine de Vogue<\/a> avait fait grand bruit. Cette Britannique de naissance en avait pris les commandes en\u00a01988. Sous son r\u00e8gne, la publication a ouvert sa une aux c\u00e9l\u00e9brit\u00e9s, pour devenir l\u2019une des plus suivies et des plus influentes de la marque Vogue.<\/p>\n<p>                                     Lire aussi |  Article r\u00e9serv\u00e9 \u00e0 nos abonn\u00e9s  <a href=\"https:\/\/www.lemonde.fr\/m-le-mag\/article\/2025\/07\/02\/anna-wintour-dans-le-monde-une-curiosite-grandissante-pour-la-papesse-de-la-mode_6617407_4500055.html\" class=\"js-article-read-also catcher--favoris__link\" data-premium=\"1\" id=\"article-title-3429464\" rel=\"nofollow noopener\" target=\"_blank\">Anna Wintour dans \u00ab\u00a0Le Monde\u00a0\u00bb, une curiosit\u00e9 grandissante pour \u00ab\u00a0la papesse de la mode\u00a0\u00bb<\/a>    <\/p>\n<p>   Lire plus tard  <\/p>\n<p class=\"article__paragraph  \">Anna Wintour, 75\u00a0ans, reste toutefois \u00e0 la t\u00eate du titre et des autres marques de Cond\u00e9 Nast (Wired, Vanity Fair, GQ, Glamour, Tatler, Teen Vogue\u2026) \u00e0 l\u2019\u00e9chelle internationale. Et aura Chloe Malle pour voisine de bureau. \u00ab\u00a0Chloe a souvent prouv\u00e9 qu\u2019elle peut trouver l\u2019\u00e9quilibre entre la longue et singuli\u00e8re histoire du Vogue am\u00e9ricain et son avenir sur la ligne de front de la nouveaut\u00e9\u00a0\u00bb, l\u2019encourage-t-elle dans le communiqu\u00e9 du groupe.<\/p>\n<p class=\"author__detail\">  Le Monde avec AFP  <\/p>\n<p>                  <a href=\"https:\/\/www.lemonde.fr\/syndication\/\" class=\"reuse__content\" title=\"R\u00e9utiliser ce contenu\" target=\"_blank\" rel=\"nofollow noopener\">R\u00e9utiliser ce contenu<\/a>      <\/p>\n","protected":false},"excerpt":{"rendered":"Chloe Malle lors du Met Gala, \u00e0 New York, le 6\u00a0mai\u00a02024. ANGELA WEISS\/AFP \u00ab\u00a0Poser [sa] propre empreinte\u00a0\u00bb sur&hellip;\n","protected":false},"author":2,"featured_media":363190,"comment_status":"","ping_status":"","sticky":false,"template":"","format":"standard","meta":{"footnotes":""},"categories":[2],"tags":[11,1011,27,12,25],"class_list":{"0":"post-363189","1":"post","2":"type-post","3":"status-publish","4":"format-standard","5":"has-post-thumbnail","7":"category-actualites","8":"tag-actualites","9":"tag-fr","10":"tag-france","11":"tag-news","12":"tag-republique-francaise"},"share_on_mastodon":{"url":"https:\/\/pubeurope.com\/@fr\/115140286632547199","error":""},"_links":{"self":[{"href":"https:\/\/www.europesays.com\/fr\/wp-json\/wp\/v2\/posts\/363189","targetHints":{"allow":["GET"]}}],"collection":[{"href":"https:\/\/www.europesays.com\/fr\/wp-json\/wp\/v2\/posts"}],"about":[{"href":"https:\/\/www.europesays.com\/fr\/wp-json\/wp\/v2\/types\/post"}],"author":[{"embeddable":true,"href":"https:\/\/www.europesays.com\/fr\/wp-json\/wp\/v2\/users\/2"}],"replies":[{"embeddable":true,"href":"https:\/\/www.europesays.com\/fr\/wp-json\/wp\/v2\/comments?post=363189"}],"version-history":[{"count":0,"href":"https:\/\/www.europesays.com\/fr\/wp-json\/wp\/v2\/posts\/363189\/revisions"}],"wp:featuredmedia":[{"embeddable":true,"href":"https:\/\/www.europesays.com\/fr\/wp-json\/wp\/v2\/media\/363190"}],"wp:attachment":[{"href":"https:\/\/www.europesays.com\/fr\/wp-json\/wp\/v2\/media?parent=363189"}],"wp:term":[{"taxonomy":"category","embeddable":true,"href":"https:\/\/www.europesays.com\/fr\/wp-json\/wp\/v2\/categories?post=363189"},{"taxonomy":"post_tag","embeddable":true,"href":"https:\/\/www.europesays.com\/fr\/wp-json\/wp\/v2\/tags?post=363189"}],"curies":[{"name":"wp","href":"https:\/\/api.w.org\/{rel}","templated":true}]}}