{"id":36319,"date":"2025-04-19T11:01:18","date_gmt":"2025-04-19T11:01:18","guid":{"rendered":"https:\/\/www.europesays.com\/fr\/36319\/"},"modified":"2025-04-19T11:01:18","modified_gmt":"2025-04-19T11:01:18","slug":"cet-axe-tres-frequente-ferme-la-gratuite-dune-autoroute-souhaitee","status":"publish","type":"post","link":"https:\/\/www.europesays.com\/fr\/36319\/","title":{"rendered":"cet axe tr\u00e8s fr\u00e9quent\u00e9 ferm\u00e9, la gratuit\u00e9 d&rsquo;une autoroute souhait\u00e9e"},"content":{"rendered":"<p>            Par<br \/>\n        <strong><br \/>\n            <a href=\"https:\/\/actu.fr\/auteur\/lisa-rodrigues\" title=\"Consulter tous les articles de Lisa Rodrigues\" rel=\"nofollow noopener\" target=\"_blank\">Lisa Rodrigues<\/a><br \/>\n        <\/strong><\/p>\n<p>        Publi\u00e9 le<\/p>\n<p>            18 avr. 2025 \u00e0 13h22        <\/p>\n<p>Bient\u00f4t un an qu\u2019une partie de la montagne <a href=\"https:\/\/actu.fr\/auvergne-rhone-alpes\/la-riviere_38338\/enorme-eboulement-en-isere-des-recherches-d-eventuelles-victimes-en-cours-ce-que-l-on-sait_61407288.html\" rel=\"nofollow noopener\" target=\"_blank\">s\u2019est effondr\u00e9e sur la RD 1532<\/a> en Is\u00e8re. Bient\u00f4t un an, donc, que les habitants ne peuvent plus emprunter cet axe ultra-fr\u00e9quent\u00e9 \u2013 et gratuit \u2013 pour rejoindre <a href=\"https:\/\/actu.fr\/auvergne-rhone-alpes\/grenoble_38185\" rel=\"nofollow noopener\" target=\"_blank\">Grenoble<\/a>.<br \/>Ils sont oblig\u00e9s de rejoindre la RD 1092 sur l\u2019autre rive ou d\u2019emprunter l\u2019A49, chemin le plus rapide pour aller sur la M\u00e9tropole\u2026mais aussi le plus cher.<\/p>\n<p class=\" wall-content\">Les \u00e9lus de Saint-Marcellin Vercors Is\u00e8re Communaut\u00e9 ont donc vot\u00e9 \u00e0 l\u2019unanimit\u00e9 une motion <strong>demandant la gratuit\u00e9 de l\u2019autoroute<\/strong>, entre les p\u00e9ages de Saint-Marcellin et de Voreppe, le temps de r\u00e9tablir la circulation.<\/p>\n<p class=\" wall-content\">\u00ab\u00a0C\u2019est une situation exceptionnelle, <strong>il faut des mesures exceptionnelles<\/strong>\u00ab\u00a0, mart\u00e8le Fr\u00e9d\u00e9ric de Azevedo, pr\u00e9sident de la communaut\u00e9 de communes, contact\u00e9 par la r\u00e9daction.<\/p>\n<p>Un budget de 2 000 euros pour les habitants<\/p>\n<p class=\" wall-content\">Une demande indispensable, d\u2019autant que tous le savent, \u00ab\u00a0le d\u00e9lai de r\u00e9tablissement de la circulation est inconnu \u00e0 ce jour\u00a0\u00bb sur la d\u00e9partementale sinistr\u00e9e. Des \u00e9tudes ont bien \u00e9t\u00e9 lanc\u00e9es pour <a href=\"https:\/\/actu.fr\/auvergne-rhone-alpes\/la-riviere_38338\/isere-apres-l-eboulement-spectaculaire-cette-route-va-etre-completement-transformee_62374887.html\" rel=\"nofollow noopener\" target=\"_blank\">cr\u00e9er une nouvelle route<\/a>, plus s\u00e9curis\u00e9e, mais le chantier prendra des ann\u00e9es.<\/p>\n<blockquote class=\"ac-article-quote wall-content\">\n<p>On a des familles dont les couples travaillent tous les deux sur Grenoble. Maintenant, ils prennent l&rsquo;autoroute. Sur un an, c&rsquo;est un budget suppl\u00e9mentaire de plus de 2 000 euros !<\/p>\n<p>    <strong>Fr\u00e9d\u00e9ric de Azevedo, pr\u00e9sident de Saint-Marcellin Vercors Is\u00e8re Communaut\u00e9<\/strong>\n            <\/p><\/blockquote>\n<p class=\" wall-content\">Une somme cons\u00e9quente pour les habitants, qui font remonter ces difficult\u00e9s \u00e0 leurs \u00e9lus locaux. \u00ab\u00a0J\u2019ai aussi des entreprises, des artisans qui sont concern\u00e9s. Ceux de Saint-Gervais, ils font un d\u00e9tour \u00e9norme pour leurs chantiers sur Grenoble. Beaucoup me disent qu\u2019ils vont couler\u2026\u00a0\u00bb<\/p>\n<p>    <a href=\"https:\/\/www.google.com\/maps\/embed?pb=!1m14!1m12!1m3!1d53474.08454525513!2d5.450616901933451!3d45.21977154433997!2m3!1f0!2f0!3f0!3m2!1i1024!2i768!4f13.1!5e0!3m2!1sfr!2sfr!4v1744967852757!5m2!1sfr!2sfr\" title=\"Ouvrie le lien\" rel=\"nofollow noopener\" target=\"_blank\">Cliquez ici pour visualiser le contenu<\/a><\/p>\n<p class=\" wall-content\">Et en attendant, les reports de circulation se font sur des \u00ab\u00a0chemins de plaine ou routes de campagne\u00a0\u00bb non adapt\u00e9es \u00e0 un trafic important. \u00ab\u00a0Notre demande de gratuit\u00e9 est aussi un sujet de s\u00e9curit\u00e9.\u00a0\u00bb<\/p>\n<p>Adapter les contrats de concession d\u2019autoroutes<\/p>\n<p class=\" wall-content\">Pourtant, Area a bien fait un geste en accordant une <strong>r\u00e9duction de 50%<\/strong> sur l\u2019A49 entre <a href=\"https:\/\/actu.fr\/auvergne-rhone-alpes\/saint-marcellin_38416\" rel=\"nofollow noopener\" target=\"_blank\">Saint-Marcellin<\/a> et Tullins. \u00ab\u00a0Mais les gens ne sortent pas \u00e0 Tullins, ils vont jusqu\u2019\u00e0 Voreppe\u00a0\u00bb, insiste Fr\u00e9d\u00e9ric de Azevedo.<\/p>\n<p>      <img   decoding=\"async\" loading=\"lazy\" src=\"https:\/\/www.europesays.com\/fr\/wp-content\/uploads\/2025\/04\/frederic-de-azevedo-saint-marcellin-vercors-isere-960x640.png\" alt=\"Fr\u00e9d\u00e9ric de Azevedo, pr\u00e9sident de Saint-Marcellin Vercors Is\u00e8re Communaut\u00e9, demande avec les autres \u00e9lus locaux la gratuit\u00e9 de l'A49 entre Saint-Marcellin et Voreppe.\" width=\"960\" height=\"640\"\/><br \/>\n    Fr\u00e9d\u00e9ric de Azevedo, pr\u00e9sident de Saint-Marcellin Vercors Is\u00e8re Communaut\u00e9, demande avec les autres \u00e9lus locaux la gratuit\u00e9 de l\u2019A49 entre Saint-Marcellin et Voreppe. (\u00a9Document remis \u00e0 actu Grenoble \/ Saint-Marcellin Vercors Is\u00e8re Communaut\u00e9)<\/p>\n<p class=\" wall-content\">Le pr\u00e9sident souligne toutefois le besoin d\u2019un \u00ab\u00a0cadre\u00a0\u00bb clair et \u00e9tabli entre le gestionnaire autoroutier et l\u2019\u00c9tat central.\u00a0<\/p>\n<blockquote class=\"ac-article-quote wall-content\">\n<p>C&rsquo;est sujet de contractualisation. L&rsquo;\u00c9tat devrait pr\u00e9voir ces situations exceptionnelles de report sur les autoroutes en cas de force majeure dans leurs contrats de concession.\u00a0<\/p>\n<p>    <strong>Fr\u00e9d\u00e9ric de Azevedo, pr\u00e9sident de Saint-Marcellin Vercors Is\u00e8re Communaut\u00e9<\/strong>\n            <\/p><\/blockquote>\n<p class=\" wall-content\">La motion vot\u00e9e par la communaut\u00e9 de communes va d\u00e9sormais \u00eatre envoy\u00e9e aux repr\u00e9sentants de l\u2019\u00c9tat, ainsi qu\u2019aux responsables d\u2019Area pour r\u00e9engager le dialogue. La d\u00e9put\u00e9e Sandrine Nosb\u00e9 (LFI-NFP) a \u00e9galement <a href=\"https:\/\/actu.fr\/auvergne-rhone-alpes\/la-riviere_38338\/eboulement-en-isere-une-deputee-reclame-la-gratuite-de-l-a49-pour-les-habitants_62449940.html\" rel=\"nofollow noopener\" target=\"_blank\">envoy\u00e9 une lettre<\/a> \u00e0 ce sujet au ministre des Transports, rest\u00e9e sans r\u00e9ponse pour le moment.<\/p>\n<p class=\" wall-content\">Suivez toute l\u2019actualit\u00e9 de vos villes et m\u00e9dias favoris en vous inscrivant \u00e0 <a href=\"https:\/\/moncompte.actu.fr\" title=\"D\u00e9couvez Mon Actu\" rel=\"nofollow noopener\" data-trk=\"{&quot;cta&quot;:{&quot;action&quot;:&quot;https:\\\/\\\/moncompte.actu.fr&quot;,&quot;category&quot;:&quot;mon compte&quot;,&quot;from&quot;:&quot;article footer&quot;,&quot;name&quot;:&quot;Mon actu&quot;,&quot;type&quot;:&quot;cta&quot;}}\" target=\"_blank\">Mon Actu<\/a>.<\/p>\n<ul class=\"ac-article-tag wall-content\">\n<li><a href=\"https:\/\/actu.fr\/tag\/catastrophe-naturelle\" data-trk=\"{&quot;cta&quot;:{&quot;action&quot;:&quot;Catastrophe naturelle&quot;,&quot;category&quot;:&quot;tag&quot;,&quot;from&quot;:&quot;article footer&quot;,&quot;name&quot;:&quot;Catastrophe naturelle&quot;,&quot;type&quot;:&quot;cta&quot;}}\" rel=\"nofollow noopener\" target=\"_blank\">#Catastrophe naturelle<\/a><\/li>\n<li><a href=\"https:\/\/actu.fr\/tag\/circulation\" data-trk=\"{&quot;cta&quot;:{&quot;action&quot;:&quot;Circulation&quot;,&quot;category&quot;:&quot;tag&quot;,&quot;from&quot;:&quot;article footer&quot;,&quot;name&quot;:&quot;Circulation&quot;,&quot;type&quot;:&quot;cta&quot;}}\" rel=\"nofollow noopener\" target=\"_blank\">#Circulation<\/a><\/li>\n<\/ul>\n","protected":false},"excerpt":{"rendered":"Par Lisa Rodrigues Publi\u00e9 le 18 avr. 2025 \u00e0 13h22 Bient\u00f4t un an qu\u2019une partie de la montagne&hellip;\n","protected":false},"author":2,"featured_media":36320,"comment_status":"","ping_status":"","sticky":false,"template":"","format":"standard","meta":{"footnotes":""},"categories":[9566],"tags":[1111,11,2430,4732,3542,1777,674,1011,27,2731,12,25,104],"class_list":{"0":"post-36319","1":"post","2":"type-post","3":"status-publish","4":"format-standard","5":"has-post-thumbnail","7":"category-grenoble","8":"tag-actu","9":"tag-actualites","10":"tag-auvergne-rhone-alpes","11":"tag-catastrophe-naturelle","12":"tag-circulation","13":"tag-eu","14":"tag-europe","15":"tag-fr","16":"tag-france","17":"tag-grenoble","18":"tag-news","19":"tag-republique-francaise","20":"tag-societe"},"share_on_mastodon":{"url":"https:\/\/pubeurope.com\/@fr\/114364290702671425","error":""},"_links":{"self":[{"href":"https:\/\/www.europesays.com\/fr\/wp-json\/wp\/v2\/posts\/36319","targetHints":{"allow":["GET"]}}],"collection":[{"href":"https:\/\/www.europesays.com\/fr\/wp-json\/wp\/v2\/posts"}],"about":[{"href":"https:\/\/www.europesays.com\/fr\/wp-json\/wp\/v2\/types\/post"}],"author":[{"embeddable":true,"href":"https:\/\/www.europesays.com\/fr\/wp-json\/wp\/v2\/users\/2"}],"replies":[{"embeddable":true,"href":"https:\/\/www.europesays.com\/fr\/wp-json\/wp\/v2\/comments?post=36319"}],"version-history":[{"count":0,"href":"https:\/\/www.europesays.com\/fr\/wp-json\/wp\/v2\/posts\/36319\/revisions"}],"wp:featuredmedia":[{"embeddable":true,"href":"https:\/\/www.europesays.com\/fr\/wp-json\/wp\/v2\/media\/36320"}],"wp:attachment":[{"href":"https:\/\/www.europesays.com\/fr\/wp-json\/wp\/v2\/media?parent=36319"}],"wp:term":[{"taxonomy":"category","embeddable":true,"href":"https:\/\/www.europesays.com\/fr\/wp-json\/wp\/v2\/categories?post=36319"},{"taxonomy":"post_tag","embeddable":true,"href":"https:\/\/www.europesays.com\/fr\/wp-json\/wp\/v2\/tags?post=36319"}],"curies":[{"name":"wp","href":"https:\/\/api.w.org\/{rel}","templated":true}]}}