{"id":363191,"date":"2025-09-03T12:08:08","date_gmt":"2025-09-03T12:08:08","guid":{"rendered":"https:\/\/www.europesays.com\/fr\/363191\/"},"modified":"2025-09-03T12:08:08","modified_gmt":"2025-09-03T12:08:08","slug":"un-professeur-attaque-au-couteau-par-lun-de-ses-collegues-pendant-une-altercation-dans-un-lycee-de-martigues-bfmtv","status":"publish","type":"post","link":"https:\/\/www.europesays.com\/fr\/363191\/","title":{"rendered":"Un professeur attaqu\u00e9 au couteau par l&#039;un de ses coll\u00e8gues pendant une altercation dans un lyc\u00e9e de Martigues &#8211; BFMTV"},"content":{"rendered":"<ol>\n<li><a href=\"https:\/\/news.google.com\/rss\/articles\/CBMi-wFBVV95cUxQdmlnSHJvamlmSkNraEltT3ZscS1JMk5WQTNkdHoxSkR3S09MS3Z4NUl4VXFoMjlubzNNSHMtZVRpaW1zOHFXZ3lLV1labF9HcTJfZXVWN29iMVprOUFZMGlMamN5NFpFOVpoMkQ5TGFIaEZhVjM1T0JqdnRxOGVCUklCeXNPV2FhZHpUSGxYSG42YnhDZ3ZTVUw5NXEzN1RKMW5hOEYwWXJjTUhKREdVV05wNEo0SjBqcXhHaFdlQUN0Y3QwUFJlWnl5THk2VGFvY1ZuYlowUk1YNi00aUIyQ205c09FR3AzUFFibFVXY1FLV3B2aDUtSHBuWQ?oc=5\" target=\"_blank\" rel=\"nofollow noopener\">Un professeur attaqu\u00e9 au couteau par l&rsquo;un de ses coll\u00e8gues pendant une altercation dans un lyc\u00e9e de Martigues<\/a>&nbsp;&nbsp;BFMTV<\/li>\n<li><a href=\"https:\/\/news.google.com\/rss\/articles\/CBMizwFBVV95cUxNd3lzWEtZYzd2ZWx2djFzWnY4NHZzYlNLLVR5bk5NUFE4XzJXdFJVM3k4V1FtZkdKcGdOdkN1amNramdhT25KQ2J6d0RvTGdNLWwyRTNuMGY0ZDMwLXV1dHFXQVhyWkY4T3hkZ3dSOTNaaXAxZjFKdGZ0eXJBTEI1YjIzaklIRnBNbmZvZk9iazdWX0V4WlVBb21UMERRbFIzZDFobE9LRVhjWVRKV19leWtMOWhUQkk1cmdDLUFVWmNBamlqNE50S3dnbTdadXc?oc=5\" target=\"_blank\" rel=\"nofollow noopener\">Martigues : une altercation entre deux professeurs d\u00e9g\u00e9n\u00e8re au lyc\u00e9e Langevin<\/a>&nbsp;&nbsp;Maritima<\/li>\n<li><a href=\"https:\/\/news.google.com\/rss\/articles\/CBMi8AFBVV95cUxPZmlmZkNXQ1JfVFgzZ2FoSFdBZEJHNnV4Zlp3UGJhTk9PV3djZXltSHpBYUtDUVZvOTJEZHNjbkx6SmVRR09kOHJCNVdvbnpwWmpoOTlYamI1bW5QU3NFb004SUVpbVh6X2RXWGRzbmNjQ1psUlp2UU1Hc2c0blY3R0NSUkRXX3ZxazNYRGVaSlNrUHl6YTZxaktmQVlFZVJwNzhKN1BZRE8teWQzSUFmdEdjWTRrUmRTbTE5WF9pbExFZ2d0NWRaaGw3ckdSbGpKcllXdzlYZWVHdDhEM25sYnBITU92TXV6bFlpN3hqUnU?oc=5\" target=\"_blank\" rel=\"nofollow noopener\">Martigues : un enseignant l\u00e9g\u00e8rement bless\u00e9 par l\u2019un de ses coll\u00e8gues, porteur d\u2019un couteau, en salle des professeurs<\/a>&nbsp;&nbsp;Le Figaro<\/li>\n<li><a href=\"https:\/\/news.google.com\/rss\/articles\/CBMivgJBVV95cUxQZnk4QTc0Z0t5NVI0Q2ZuNzFTQmVMR0FDQnlGaXpjZkM5Vm8yNk5UUDhFZ1NIdkxyS3RHZEhnVEZVLXg0azNVclZ3YzhJUjU0MVlMQXJ5X1pqYkEwal91b1NKX2tjWERvVUJWRFYxNFlfZ0s2UTg2dmxNNXN2NXh6eVU1bk9nZVBNWjRBdGtlVi1ONE8xa1R2c2tQcXdWV253YkpUSkhMUGI1YWVWMThsMHY3X3cwVFFOb3plcVUyalBQeWdkSmdMY0lCNnV1ZWJXbjMxUG5CTURzOXNmRi12YWl1N2tJTTVZaVNHakpEbERSV2dmR3pQM2dhdzlOM0ZSejBUV2w1X0tLalJiVm1CV1pCcWlMOFVDNC1TSF8yX1h4d1FMb2oyajNjQ3lLUTh4QVN5X0QzWGVBSEV5NXc?oc=5\" target=\"_blank\" rel=\"nofollow noopener\">Agression au couteau dans un lyc\u00e9e : un professeur blesse son coll\u00e8gue, l&rsquo;\u00e9tablissement est \u00e9vacu\u00e9, l&rsquo;agresseur est interpell\u00e9<\/a>&nbsp;&nbsp;France 3 R\u00e9gions<\/li>\n<li><a href=\"https:\/\/news.google.com\/rss\/articles\/CBMi3AFBVV95cUxPam1QZzd2TWN5cWpCQzl6ZWU5aDFKNTROLUdtWnlwdzlSaDViVjQzMFgxY1pZdjFzQ0ZYcW54RnBhV1pVUERjcDVSTXdxUXZnLUNXenVpT0JpX3hTSzk1N28zVlJrVFJudUNBWlQ5R0ptZXp1OHpqY3dmUUYwYVc0SWVRaDBGOVNxbVQxaWJlNG1Tbmt4RTJSSW03N1otWnpsZ3JOLUpXYS02c0h5eGZTa3dVeHFhMjBoMFY1SmNLeXl0Qk9GdWNOOFpfdkYzbmVxbGhKbXJzbnU4OFR0?oc=5\" target=\"_blank\" rel=\"nofollow noopener\">Une altercation \u00e9clate, un prof attaque son coll\u00e8gue au couteau<\/a>&nbsp;&nbsp;20 Minutes<\/li>\n<\/ol>\n","protected":false},"excerpt":{"rendered":"Un professeur attaqu\u00e9 au couteau par l&rsquo;un de ses coll\u00e8gues pendant une altercation dans un lyc\u00e9e de Martigues&nbsp;&nbsp;BFMTV&hellip;\n","protected":false},"author":2,"featured_media":1445,"comment_status":"","ping_status":"","sticky":false,"template":"","format":"standard","meta":{"footnotes":""},"categories":[2],"tags":[11,1011,27,12,25],"class_list":{"0":"post-363191","1":"post","2":"type-post","3":"status-publish","4":"format-standard","5":"has-post-thumbnail","7":"category-actualites","8":"tag-actualites","9":"tag-fr","10":"tag-france","11":"tag-news","12":"tag-republique-francaise"},"share_on_mastodon":{"url":"https:\/\/pubeurope.com\/@fr\/115140290405587373","error":""},"_links":{"self":[{"href":"https:\/\/www.europesays.com\/fr\/wp-json\/wp\/v2\/posts\/363191","targetHints":{"allow":["GET"]}}],"collection":[{"href":"https:\/\/www.europesays.com\/fr\/wp-json\/wp\/v2\/posts"}],"about":[{"href":"https:\/\/www.europesays.com\/fr\/wp-json\/wp\/v2\/types\/post"}],"author":[{"embeddable":true,"href":"https:\/\/www.europesays.com\/fr\/wp-json\/wp\/v2\/users\/2"}],"replies":[{"embeddable":true,"href":"https:\/\/www.europesays.com\/fr\/wp-json\/wp\/v2\/comments?post=363191"}],"version-history":[{"count":0,"href":"https:\/\/www.europesays.com\/fr\/wp-json\/wp\/v2\/posts\/363191\/revisions"}],"wp:featuredmedia":[{"embeddable":true,"href":"https:\/\/www.europesays.com\/fr\/wp-json\/wp\/v2\/media\/1445"}],"wp:attachment":[{"href":"https:\/\/www.europesays.com\/fr\/wp-json\/wp\/v2\/media?parent=363191"}],"wp:term":[{"taxonomy":"category","embeddable":true,"href":"https:\/\/www.europesays.com\/fr\/wp-json\/wp\/v2\/categories?post=363191"},{"taxonomy":"post_tag","embeddable":true,"href":"https:\/\/www.europesays.com\/fr\/wp-json\/wp\/v2\/tags?post=363191"}],"curies":[{"name":"wp","href":"https:\/\/api.w.org\/{rel}","templated":true}]}}