{"id":363194,"date":"2025-09-03T12:10:21","date_gmt":"2025-09-03T12:10:21","guid":{"rendered":"https:\/\/www.europesays.com\/fr\/363194\/"},"modified":"2025-09-03T12:10:21","modified_gmt":"2025-09-03T12:10:21","slug":"sergio-garcia-est-il-un-mauvais-perdant","status":"publish","type":"post","link":"https:\/\/www.europesays.com\/fr\/363194\/","title":{"rendered":"Sergio Garcia est-il un mauvais perdant ?"},"content":{"rendered":"<p>\t\t\t\t\t\t<img width=\"770\" height=\"556\" src=\"https:\/\/www.europesays.com\/fr\/wp-content\/uploads\/2025\/05\/sergio-garcia-li-ryder-cup-dp-world-tour-argent-money-770x556.jpg\" class=\"img-responsive wp-post-image\" alt=\"Sergio Garcia Photo by Eakin Howard \/ GETTY IMAGES NORTH AMERICA \/ Getty Images via AFP\" decoding=\"async\" fetchpriority=\"high\"  \/>\t\t\t\t\t<\/p>\n<p>\t\t\t\t\t\t Partager cet article <\/p>\n<p class=\"screen-reader-text juiz_sps_maybe_hidden_text\">Partager la publication \u00ab\u00a0Sergio Garcia est-il un mauvais perdant ?\u00a0\u00bb<\/p>\n<p><strong>Tr\u00e8s d\u00e9\u00e7u de ne pas avoir \u00e9t\u00e9 retenu au sein de l\u2019\u00e9quipe europ\u00e9enne de Ryder Cup pour Bethpage, comme joueur ou m\u00eame en tant que vice-capitaine, Sergio Garcia a d\u00e9cid\u00e9 de se retirer du champ de l\u2019Irish Open, jugeant qu\u2019il ne serait pas \u00ab\u00a0mentalement\u00a0\u00bb pr\u00eat.<\/strong><\/p>\n<p>\t\t\t\t\t<a id=\"182585\" href=\"https:\/\/www.golfcapdagde.com\/\" target=\"_blank\" rel=\"sponsorised nofollow noopener\"><img decoding=\"async\" src=\"data:image\/svg+xml,%3Csvg%20xmlns=\" http:=\"\" class=\"img-responsive\" alt=\"\" data-lazy-src=\"https:\/\/www.europesays.com\/fr\/wp-content\/uploads\/2025\/06\/capdagdegolf-e01-experience-golf-1170x275-1.gif\"\/><\/a><\/p>\n<p>\u00ab J\u2019avais tellement h\u00e2te de faire partie de cette \u00e9quipe, et j\u2019ai senti que mentalement, c\u2019\u00e9tait un peu difficile. Je ne voulais pas aller \u00e0 ce tournoi sans \u00eatre pleinement impliqu\u00e9, alors j\u2019ai d\u00e9cid\u00e9 de prendre un peu de temps libre, de le passer en famille et de faire quelques activit\u00e9s en dehors du golf, pour me ressourcer un peu, recharger les batteries. \u00bb<\/p>\n<p><strong>Sergio Garcia<\/strong> a ainsi expliqu\u00e9 \u00e0 nos confr\u00e8res de Golf Magic la raison qui l\u2019a pouss\u00e9 \u00e0 d\u00e9clarer \u00ab\u00a0forfait\u00a0\u00bb de l\u2019<strong>Amgen Irish Open<\/strong> (<strong>DP World Tour<\/strong>) programm\u00e9 entre le jeudi 4 et le dimanche 7 septembre au <strong>K-Club<\/strong>, pr\u00e8s de Dublin.<\/p>\n<p>\t\t\t\t\t<a id=\"181417\" href=\"https:\/\/cabotbordeaux.com\/fr\/booking\/training-golf\" target=\"_blank\" rel=\"sponsorised nofollow noopener\"><img decoding=\"async\" src=\"data:image\/svg+xml,%3Csvg%20xmlns=\" http:=\"\" class=\"img-responsive\" alt=\"\" data-lazy-src=\"https:\/\/www.europesays.com\/fr\/wp-content\/uploads\/2025\/08\/cabot-e04-stage-septembre-1170x275-1.gif\"\/><\/a><br \/>\nRelations complexes avec le Tour europ\u00e9en<\/p>\n<p>L\u2019Espagnol, recordman des points marqu\u00e9s en <strong>Ryder Cup<\/strong> (28,5 pour 25 victoires, 13 d\u00e9faites et 7 nuls), n\u2019a pas \u00e9t\u00e9 retenu au sein de l\u2019\u00e9quipe europ\u00e9enne de <strong>Ryder Cup<\/strong> qui doit affronter entre le 26 et le 28 septembre les Etats-Unis \u00e0 <strong>Bethpage Black<\/strong> (New York). Ni en tant que joueur, ni m\u00eame dans un r\u00f4le de vice-capitaine. <a href=\"https:\/\/www.golfplanete.com\/actualites\/alex-noren-rejoint-la-team-europe-en-tant-que-5e-vice-capitaine\/\" target=\"_blank\" rel=\"noopener nofollow\">La 5e place ayant, ici, \u00e9t\u00e9 attribu\u00e9e ce mardi au Su\u00e9dois Alex Noren<\/a>. \u00a0<\/p>\n<p>Pass\u00e9 sur le <strong>LIV Golf<\/strong> en juin 2022 \u00e0 la cr\u00e9ation du circuit dissident soutenu financi\u00e8rement par le <strong>Fonds d\u2019investissement public (PIF)<\/strong> d\u2019Arabie saoudite, Garcia, 45 ans, a, depuis, entretenu des relations complexes avec le DP World Tour. Il avait ainsi \u00e9t\u00e9 le seul des 17 joueurs partis sur le LIV Golf \u00e0 ne pas s\u2019acquitter de l\u2019amende de 100 000 \u00a3 (115 000 euros environ), suite au jugement rendu en avril 2023 par un tribunal arbitral en faveur du Tour europ\u00e9en.<\/p>\n<p>\t\t\t\t\t<a id=\"183955\" href=\"https:\/\/bmwgolfcup.fr\/fr\/partenaires\" target=\"_blank\" rel=\"sponsorised nofollow noopener\"><img decoding=\"async\" src=\"data:image\/svg+xml,%3Csvg%20xmlns=\" http:=\"\" class=\"img-responsive\" alt=\"\" data-lazy-src=\"https:\/\/www.europesays.com\/fr\/wp-content\/uploads\/2025\/09\/oris-e01-bmw-cup-25-1170x275-1.jpg\"\/><\/a><br \/>\nUne discussion cordiale\u2026<\/p>\n<p>Ayant \u00e9galement abandonn\u00e9 son statut de membre de ce m\u00eame Tour europ\u00e9en, Sergio Garcia n\u2019\u00e9tait d\u00e9sormais plus \u00e9ligible pour jouer une quelconque Ryder Cup. Ce n\u2019est qu\u2019en novembre 2024 que le vainqueur du <strong>Masters 2017<\/strong> s\u2019\u00e9tait r\u00e9solu \u00e0 solder ses amendes (entre 700 000 et 1 million d\u2019euros) et \u00e0 adh\u00e9rer de nouveau au DP World Tour. Tout cela dans l\u2019optique d\u2019\u00eatre rappel\u00e9 dans la s\u00e9lection de Luke Donald. En vain !<\/p>\n<p>Toujours selon Golf Magic, la conversation entre Luke Donald et lui en amont de <a href=\"https:\/\/www.golfplanete.com\/actualites\/luke-donald-mise-sur-la-continuite-mais-change-dapproche-pour-la-fosse-aux-lions\/\" target=\"_blank\" rel=\"noopener nofollow\">l\u2019annonce des six picks du capitaine officialis\u00e9es ce lundi 1er septembre<\/a> s\u2019\u00e9tait \u00ab bien pass\u00e9e \u00bb. \u00ab Maintenant, je ne peux plus que soutenir l\u2019\u00e9quipe depuis chez moi, a-t-il pr\u00e9cis\u00e9. C\u2019est aussi simple que \u00e7a. Je regarderai et j\u2019encouragerai l\u2019\u00e9quipe europ\u00e9enne. \u00bb<\/p>\n<p>\t\t\t\t<img loading=\"lazy\" decoding=\"async\" src=\"data:image\/svg+xml,%3Csvg%20xmlns=\" http:=\"\" attributionsrc=\"\" border=\"0\" height=\"1\" width=\"1\" alt=\"Advertisement\" data-lazy-src=\"https:\/\/www.europesays.com\/fr\/wp-content\/uploads\/2025\/07\/B33047934.411969880;dc_trk_aid=603484932;dc_trk_cid=227659580;ord=[timestamp];dc_lat=;dc_rdid=;tag_f.gif\"\/><\/p>\n<p>\t\t\t\t\t<a id=\"158175\" href=\"https:\/\/ad.doubleclick.net\/ddm\/trackclk\/N1153799.3770024GOLFPLANATE\/B33047934.411969880;dc_trk_aid=603484932;dc_trk_cid=227659580;dc_lat=;dc_rdid=;tag_for_child_directed_treatment=;tfua=;gdpr=${GDPR};gdpr_consent=${GDPR_CONSENT_755};ltd=;dc_tdv=1\" target=\"_blank\" rel=\"sponsorised nofollow noopener\"><img decoding=\"async\" src=\"data:image\/svg+xml,%3Csvg%20xmlns=\" http:=\"\" class=\"img-responsive\" alt=\"\" data-lazy-src=\"https:\/\/www.europesays.com\/fr\/wp-content\/uploads\/2025\/07\/callaway-e01-elyte-driver-1170x275-1.jpg\"\/><\/a><\/p>\n<p>Photo : Eakin Howard \/ GETTY IMAGES NORTH AMERICA \/ Getty Images via AFP<\/p>\n","protected":false},"excerpt":{"rendered":"Partager cet article Partager la publication \u00ab\u00a0Sergio Garcia est-il un mauvais perdant ?\u00a0\u00bb Tr\u00e8s d\u00e9\u00e7u de ne pas&hellip;\n","protected":false},"author":2,"featured_media":115389,"comment_status":"","ping_status":"","sticky":false,"template":"","format":"standard","meta":{"footnotes":""},"categories":[1418],"tags":[1011,27,1472,60],"class_list":{"0":"post-363194","1":"post","2":"type-post","3":"status-publish","4":"format-standard","5":"has-post-thumbnail","7":"category-golf","8":"tag-fr","9":"tag-france","10":"tag-golf","11":"tag-sports"},"share_on_mastodon":{"url":"https:\/\/pubeurope.com\/@fr\/115140298171999843","error":""},"_links":{"self":[{"href":"https:\/\/www.europesays.com\/fr\/wp-json\/wp\/v2\/posts\/363194","targetHints":{"allow":["GET"]}}],"collection":[{"href":"https:\/\/www.europesays.com\/fr\/wp-json\/wp\/v2\/posts"}],"about":[{"href":"https:\/\/www.europesays.com\/fr\/wp-json\/wp\/v2\/types\/post"}],"author":[{"embeddable":true,"href":"https:\/\/www.europesays.com\/fr\/wp-json\/wp\/v2\/users\/2"}],"replies":[{"embeddable":true,"href":"https:\/\/www.europesays.com\/fr\/wp-json\/wp\/v2\/comments?post=363194"}],"version-history":[{"count":0,"href":"https:\/\/www.europesays.com\/fr\/wp-json\/wp\/v2\/posts\/363194\/revisions"}],"wp:featuredmedia":[{"embeddable":true,"href":"https:\/\/www.europesays.com\/fr\/wp-json\/wp\/v2\/media\/115389"}],"wp:attachment":[{"href":"https:\/\/www.europesays.com\/fr\/wp-json\/wp\/v2\/media?parent=363194"}],"wp:term":[{"taxonomy":"category","embeddable":true,"href":"https:\/\/www.europesays.com\/fr\/wp-json\/wp\/v2\/categories?post=363194"},{"taxonomy":"post_tag","embeddable":true,"href":"https:\/\/www.europesays.com\/fr\/wp-json\/wp\/v2\/tags?post=363194"}],"curies":[{"name":"wp","href":"https:\/\/api.w.org\/{rel}","templated":true}]}}