{"id":363195,"date":"2025-09-03T12:12:15","date_gmt":"2025-09-03T12:12:15","guid":{"rendered":"https:\/\/www.europesays.com\/fr\/363195\/"},"modified":"2025-09-03T12:12:15","modified_gmt":"2025-09-03T12:12:15","slug":"top-14-etat-des-lieux-poste-par-poste-de-leffectif-de-lusap-avant-le-debut-de-la-saison","status":"publish","type":"post","link":"https:\/\/www.europesays.com\/fr\/363195\/","title":{"rendered":"Top 14\u00a0: \u00e9tat des lieux poste par poste de l&rsquo;effectif de l&rsquo;USAP avant le d\u00e9but de la saison"},"content":{"rendered":"<p>\n                                                                Alors que la saison de Top 14 reprend ce samedi 6\u00a0septembre (15\u00a0h) avec la r\u00e9ception de Bayonne \u00e0 Aim\u00e9-Giral, focus sur l\u2019effectif de l\u2019USAP pour cet exercice 2025-2026.\n                            <\/p>\n<p>Talonneurs<\/p>\n<p>Pour sa neuvi\u00e8me saison au club, <strong>Seilala Lam <\/strong>(36 ans) aura un r\u00f4le de papa pour les talonneurs du groupe. Il encadrera encore\u00a0<strong>Victor Montgaillard <\/strong>(23 ans) et\u00a0<strong>Mathys Lotrian <\/strong>(21 ans), voire m\u00eame l\u2019Argentin <strong>Ignacio Ruiz <\/strong>(24 ans), m\u00eame s\u2019il compte d\u00e9j\u00e0 une vingtaine de s\u00e9lections avec les Pumas. Et Lam va surtout accompagner son compatriote\u00a0<strong>Sama Malolo <\/strong>(27 ans, 1,84\u00a0m, 117\u00a0kg), qui avait \u00e9t\u00e9 l\u2019une des satisfactions des Samoa \u00e0 la Coupe du monde 2023. \u00c0 27 ans, le talonneur arrive de Nouvelle-Z\u00e9lande et des Moana Pasifika, o\u00f9 il a disput\u00e9 18 matches de Super Rugby (6 titularisations, 3 essais). Il a une belle carte \u00e0 jouer pour \u00eatre le rempla\u00e7ant d\u00e9sign\u00e9 de Ruiz \u00e0 ce poste.<\/p>\n<p>Piliers<\/p>\n<p>Gros chantier\u00a0la saison pass\u00e9e avec les arriv\u00e9es des piliers gauches\u00a0<strong>Giorgi Beria\u00a0<\/strong>et\u00a0<strong>Bruce Devaux<\/strong>, ainsi que du pilier droit\u00a0<strong>Kieran Brookes<\/strong>, ces postes-l\u00e0\u00a0ne vont pas \u00e9voluer cette ann\u00e9e, ni leurs statuts de potentiels titulaires. Parce que, derri\u00e8re eux, <strong>Giorgi Tetrashvili<\/strong>, <strong>Nemo Roelofse\u00a0<\/strong>et\u00a0<strong>Akato Fakatika <\/strong>\u2013 qui seront en fin de contrat \u00e0 l\u2019issue\u00a0de la saison \u2013 partent de plus loin. De son c\u00f4t\u00e9, <strong>Pietro Ceccarelli\u00a0<\/strong>a prolong\u00e9 jusqu\u2019en 2028, lui qui a jou\u00e9 25 matches l\u2019an pass\u00e9 (6 titularisations) et qui apporte des garanties en fin de match \u00e0 droite de la m\u00eal\u00e9e. Enfin, \u00e0 gauche, <strong>Lorencio Boyer-Gallardo <\/strong>(20 ans) tentera de glaner du temps de jeu.<\/p>\n<p class=\"std-elt__inline\">\n        <strong>\u00c0 lire aussi :<\/strong><br \/>\n        <a href=\"https:\/\/www.lindependant.fr\/2025\/09\/01\/top-14-un-club-que-jaime-et-que-japprecie-tristan-tedder-le-retour-du-maitre-a-jouer-a-lusap-12903004.php\" rel=\"nofollow noopener\" target=\"_blank\">Top 14\u00a0: \u00ab\u00a0Un club que j&rsquo;aime et que j&rsquo;appr\u00e9cie\u00a0\u00bb, Tristan Tedder, le retour du ma\u00eetre \u00e0 jouer \u00e0 l&rsquo;USAP<\/a>\n    <\/p>\n<p>Deuxi\u00e8mes lignes<\/p>\n<p>Le champion du monde sud-africain Marvin Orie et Tristan Labouteley sont partis, laissant le num\u00e9ro\u00a04 vacant. Mais\u00a0<strong>Adrien Warion\u00a0<\/strong>et\u00a0<strong>Mathieu Tanguy\u00a0<\/strong>peuvent jouer aux deux postes de la seconde ligne, tout comme\u00a0<strong>Peceli Yato\u00a0<\/strong>qui arrive de Clermont. Le Fidjien de 32 ans (1,96\u00a0m, 120\u00a0kg) \u2013 61 essais en 189 matches avec l\u2019ASM \u2013 a rejoint son entra\u00eeneur de c\u0153ur\u00a0: Franck Az\u00e9ma. Et s\u2019il est au top de sa forme physique, il pourrait s\u2019imposer dans le XV titulaire avec le num\u00e9ro\u00a04 dans le dos, associ\u00e9 au colosse\u00a0<strong>Posolo Tuilagi<\/strong>. Le prodige de 21 ans doit se relancer cette saison, apr\u00e8s une ann\u00e9e compliqu\u00e9e et une double fracture \u00e0 la jambe. \u00c0 noter que Max Hicks et Jacobus van Tonder peuvent \u00e9galement jouer en 4, ainsi que\u00a0<strong>Bastien Chinarro <\/strong>(21 ans), qui tentera de d\u00e9crocher sa premi\u00e8re feuille en Top 14. Arriv\u00e9 de Grenoble, le G\u00e9orgien\u00a0<strong>Davit Lagvilava <\/strong>(19 ans) a fait la pr\u00e9paration estivale avec les pros et aura peut-\u00eatre une opportunit\u00e9 en coupe d\u2019Europe.<\/p>\n<p>Troisi\u00e8mes lignes<\/p>\n<p>Le staff catalan va avoir un choix de luxe pour composer sa troisi\u00e8me ligne cette saison. Si les historiques Alan Brazo et\u00a0Lucas Bachelier \u2013 ainsi que le puissant Sootala Fa\u2019aso\u2019o \u2013 sont partis, les exp\u00e9riment\u00e9s\u00a0<strong>Jamie Ritchie <\/strong>(29 ans, 1,93\u00a0m, 109\u00a0kg, 60\u00a0s\u00e9lections avec l\u2019\u00c9cosse, qui arrive d\u2019\u00c9dimbourg) et\u00a0<strong>Mahamadou Diaby <\/strong>(35 ans, 1,92\u00a0m, 110\u00a0kg), l\u2019ancien capitaine de Bordeaux-B\u00e8gles, sont arriv\u00e9s. Ainsi que\u00a0<strong>Matt\u00e9o Le Corvec <\/strong>(24 ans, 1,92\u00a0m, 111\u00a0kg), qui sort d\u2019une grosse saison \u00e0 Toulon (21 matches, 8 titularisations, 4 essais). Tout autant de titulaires potentiels pour la troisi\u00e8me ligne, o\u00f9 ont rayonn\u00e9\u00a0<strong>Joaqu\u00edn Oviedo\u00a0<\/strong>et\u00a0<strong>Lucas Velarte\u00a0<\/strong>la saison derni\u00e8re, o\u00f9\u00a0<strong>Jacobus van Tonder\u00a0<\/strong>s\u2019est affirm\u00e9 jusqu\u2019\u00e0 d\u00e9crocher un statut d\u2019international avec l\u2019\u00e9quipe de France, et o\u00f9\u00a0<strong>No\u00e9 Della Schiava\u00a0<\/strong>et\u00a0<strong>Max Hicks\u00a0<\/strong>ont montr\u00e9 leur importance dans le secteur de la touche. Rajoutez \u00e0 ceux-l\u00e0 le G\u00e9orgien\u00a0<strong>Andro Dvali\u00a0<\/strong>qui, \u00e0 20 ans, ne va pas tarder \u00e0 frapper \u00e0 la porte de la s\u00e9lection, et vous avez un poste tr\u00e8s, tr\u00e8s complet. Tout en sachant que Peceli Yato peut \u00e9galement \u00e9voluer en 8.<\/p>\n<p>Demi de m\u00eal\u00e9e<\/p>\n<p>Le poste de 9 a connu d\u2019\u00e9normes difficult\u00e9s la saison derni\u00e8re. Le Sud-Africain\u00a0<strong>James Hall\u00a0<\/strong>est arriv\u00e9 bless\u00e9 au genou et a mis du temps \u00e0 retrouver ses sensations, le G\u00e9orgien\u00a0<strong>Gela Aprasidze\u00a0<\/strong>n\u2019a pas r\u00e9ussi \u00e0 s\u2019imposer, quand\u00a0<strong>Tom Ecochard\u00a0<\/strong>a manqu\u00e9 la fin de saison en raison d\u2019une fracture \u00e0 l\u2019omoplate. Si Franck Az\u00e9ma a longtemps cherch\u00e9 \u00e0 renforcer ce poste, aucune opportunit\u00e9 majeure ne s\u2019est pr\u00e9sent\u00e9e sur le march\u00e9 et le manager a d\u00e9cid\u00e9 de r\u00e9accorder sa confiance aux trois joueurs. \u00c0 noter qu\u2019ils seront tous en fin de contrat en juin prochain.\u00a0Enfin, il faudra surveiller le jeune <strong>Mayron Fahy <\/strong>(17 ans), dont l\u2019avenir s\u2019annonce tr\u00e8s prometteur. Plut\u00f4t arri\u00e8re ou ouvreur, le staff veut le fixer au poste de 9.<\/p>\n<p>Ouvreurs\/Arri\u00e8res<\/p>\n<p>Pas d\u2019\u00e9normes\u00a0changements, non plus, \u00e0 l\u2019ouverture du c\u00f4t\u00e9 de l\u2019USAP. M\u00eame si cela aura presque un go\u00fbt de renouveau. Parce que l\u2019effectif sang et or va pleinement retrouver\u00a0<strong>Jake McIntyre\u00a0<\/strong>qui a pass\u00e9 beaucoup de temps \u00e0 l\u2019infirmerie et n\u2019a jou\u00e9 que 10 matches de Top 14 l\u2019an dernier\u00a0; <strong>Antoine Aucagne <\/strong>qui a \u00e9t\u00e9 gravement bless\u00e9 \u00e0 un pouce en f\u00e9vrier et a manqu\u00e9 toute la fin de saison (m\u00eame s\u2019il va manquer les premi\u00e8res semaines de comp\u00e9tition pour une blessure au dos)\u00a0; ainsi que le prometteur\u00a0<strong>Gabin Kretchmann <\/strong>(19 ans) qui s\u2019est remis de sa pubalgie qui l\u2019a \u00e9loign\u00e9 durant neuf mois. Avec\u00a0<strong>Tommaso Allan<\/strong>, qui a d\u00e9cid\u00e9 de ne pas partir en s\u00e9lection cet \u00e9t\u00e9 et qui a pu pleinement recharger les batteries (malgr\u00e9 un mollet qui l\u2019a emb\u00eat\u00e9), ce poste de 10\/15 est plus que complet. D\u2019autant plus qu\u2019il est renforc\u00e9 par\u00a0<strong>Tristan Tedder <\/strong>(29 ans, 1,80\u00a0m, 88\u00a0kg), meilleur joueur de la saison 2022-2023 de l\u2019USAP, qui fait son retour au club apr\u00e8s deux ans au Racing 92. \u00c0 noter que Lucas Dubois et Th\u00e9o Forner\u00a0peuvent jouer en 15, tout comme Duncan Paia\u2019aua.<\/p>\n<p>Centres<\/p>\n<p>\u00c0 ce poste, l\u2019USAP continuera de s\u2019appuyer sur\u00a0<strong>Jer\u00f3nimo de la Fuente<\/strong>, <strong>Alivereti Duguivalu<\/strong>, <strong>Eneriko Buliruarua\u00a0<\/strong>et\u00a0<strong>Job Poulet<\/strong>, qui ont \u00e9t\u00e9 rejoint\u00a0par un petit nouveau d\u00e9but ao\u00fbt : <strong>Duncan Paia\u2019aua <\/strong>(30 ans, 1,83\u00a0m, 92\u00a0kg), international samoan (13 s\u00e9l.), qui arrive de Toulon, o\u00f9 il a c\u00f4toy\u00e9 Franck Az\u00e9ma durant deux saisons. Emb\u00eat\u00e9 par les blessures la saison derni\u00e8re (cervicales, cuisse, c\u00f4tes, commotion), l\u2019Australien d\u2019origine d\u00e9barque \u00e0 Perpignan pour se relancer. \u00c0 noter qu\u2019il peut \u00e9galement \u00e9voluer \u00e0 l\u2019arri\u00e8re ou \u00e0 l\u2019ouverture. Autre polyvalent de classe qui arrive \u00e0 Perpignan :\u00a0<strong>Jordan Petaia <\/strong>(25 ans, 1,90 m, 103 kg). Pouvant \u00e9voluer au centre, \u00e0 l&rsquo;aile ou \u00e0 l&rsquo;arri\u00e8re, l&rsquo;international australien (31 s\u00e9l.) a sign\u00e9 tardivement \u00e0 l&rsquo;USAP et sera un des joueurs \u00e0 suivre en Top 14 cette saison.<\/p>\n<p>Ailiers<\/p>\n<p>\u00c0 l\u2019aile, le facteur X Ali Crossdale est parti. Trop souvent bless\u00e9, Franck Az\u00e9ma a fait le choix de se s\u00e9parer de l\u2019Anglais. En revanche, le manager n\u2019a pas recrut\u00e9 pour le remplacer. Il va renouveler sa confiance en\u00a0<strong>Tavite Veredamu<\/strong>, <strong>Lucas Dubois\u00a0<\/strong>et\u00a0<strong>Jefferson-Lee Joseph<\/strong>, tout en comptant sur les \u00e9closions de\u00a0<strong>Maxim Granell <\/strong>(20 ans) et\u00a0<strong>Setareki Toganiyadrava <\/strong>(21 ans). Mais il y a aussi le retour de\u00a0<strong>Th\u00e9o Forner<\/strong>, qui n\u2019a plus jou\u00e9 \u00e0 XV depuis deux ans. L\u2019Espiranenc a disput\u00e9 les Jeux Olympiques en 2024, o\u00f9 il a subi une rupture des ligaments crois\u00e9s du genou, qui l\u2019a longtemps tenu \u00e9loign\u00e9 des terrains. \u00c0 bient\u00f4t 24 ans, il esp\u00e8re d\u00e9sormais retrouver son niveau, lui qui a des qualit\u00e9s athl\u00e9tiques int\u00e9ressantes.<\/p>\n<p>Ce jeudi 4 septembre, avec votre journal, retrouvez votre guide de la saison 2025-2026 de Top 14. Analyses, effectifs, entretien exclusif, calendrier\u2026 Toutes les informations sur le championnat sont \u00e0 l\u2019int\u00e9rieur.<\/p>\n","protected":false},"excerpt":{"rendered":"Alors que la saison de Top 14 reprend ce samedi 6\u00a0septembre (15\u00a0h) avec la r\u00e9ception de Bayonne \u00e0&hellip;\n","protected":false},"author":2,"featured_media":363196,"comment_status":"","ping_status":"","sticky":false,"template":"","format":"standard","meta":{"footnotes":""},"categories":[1416],"tags":[1011,27,479,1468,60],"class_list":{"0":"post-363195","1":"post","2":"type-post","3":"status-publish","4":"format-standard","5":"has-post-thumbnail","7":"category-rugby","8":"tag-fr","9":"tag-france","10":"tag-rugby","11":"tag-rugby-football","12":"tag-sports"},"share_on_mastodon":{"url":"https:\/\/pubeurope.com\/@fr\/115140306154610284","error":""},"_links":{"self":[{"href":"https:\/\/www.europesays.com\/fr\/wp-json\/wp\/v2\/posts\/363195","targetHints":{"allow":["GET"]}}],"collection":[{"href":"https:\/\/www.europesays.com\/fr\/wp-json\/wp\/v2\/posts"}],"about":[{"href":"https:\/\/www.europesays.com\/fr\/wp-json\/wp\/v2\/types\/post"}],"author":[{"embeddable":true,"href":"https:\/\/www.europesays.com\/fr\/wp-json\/wp\/v2\/users\/2"}],"replies":[{"embeddable":true,"href":"https:\/\/www.europesays.com\/fr\/wp-json\/wp\/v2\/comments?post=363195"}],"version-history":[{"count":0,"href":"https:\/\/www.europesays.com\/fr\/wp-json\/wp\/v2\/posts\/363195\/revisions"}],"wp:featuredmedia":[{"embeddable":true,"href":"https:\/\/www.europesays.com\/fr\/wp-json\/wp\/v2\/media\/363196"}],"wp:attachment":[{"href":"https:\/\/www.europesays.com\/fr\/wp-json\/wp\/v2\/media?parent=363195"}],"wp:term":[{"taxonomy":"category","embeddable":true,"href":"https:\/\/www.europesays.com\/fr\/wp-json\/wp\/v2\/categories?post=363195"},{"taxonomy":"post_tag","embeddable":true,"href":"https:\/\/www.europesays.com\/fr\/wp-json\/wp\/v2\/tags?post=363195"}],"curies":[{"name":"wp","href":"https:\/\/api.w.org\/{rel}","templated":true}]}}