{"id":363197,"date":"2025-09-03T12:13:11","date_gmt":"2025-09-03T12:13:11","guid":{"rendered":"https:\/\/www.europesays.com\/fr\/363197\/"},"modified":"2025-09-03T12:13:11","modified_gmt":"2025-09-03T12:13:11","slug":"us-open-jannik-sinner-sur-carlos-alcaraz-apres-notre-poignee-de-main-tout-redevient-normal-ce-nest-pas-comme-si-nous-devions-etre-ennemis-en-dehors-du-court","status":"publish","type":"post","link":"https:\/\/www.europesays.com\/fr\/363197\/","title":{"rendered":"US Open > Jannik Sinner sur Carlos Alcaraz : \u00ab\u00a0Apr\u00e8s notre poign\u00e9e de main, tout redevient normal. Ce n&rsquo;est pas comme si nous devions \u00eatre ennemis en dehors du court\u00a0\u00bb"},"content":{"rendered":"<p>Dans des propos relay\u00e9s par <a href=\"https:\/\/www.ubitennis.com\/blog\/2025\/09\/02\/us-open-sinner-pronto-al-derby-con-musetti-e-stata-una-partita-veloce-dal-mio-punto-di-vista-va-bene-cosi\/\" data-wpel-link=\"external\" target=\"_blank\" rel=\"nofollow external noopener\">Ubitennis<\/a> \u00e0 l\u2019US Open, o\u00f9 il va affronter son compa\u00adtriote Lorenzo Musetti pour une place dans le dernier carr\u00e9, Jannik Sinner a \u00e9voqu\u00e9 sa rela\u00adtion avec Carlos Alcaraz, qu\u2019il pour\u00adrait retrouver en finale dimanche.\u00a0<\/p>\n<p><strong>\u00ab\u202fJe pense qu\u2019il existe \u00e9gale\u00adment une belle amiti\u00e9 entre nous en dehors du court. C\u2019est beau \u00e0 voir, cela prouve que c\u2019est possible. Ce n\u2019est pas comme si nous devions \u00eatre ennemis en dehors du court. Bien s\u00fbr, nous sommes adver\u00adsaires lorsque nous entrons sur le court et que nous essayons de jouer notre meilleur tennis, mais cela s\u2019ar\u00adr\u00eate l\u00e0. Apr\u00e8s la poign\u00e9e de main, tout rede\u00advient normal. C\u2019est bien. Nous avons de superbes \u00e9quipes autour de nous. Nous avons aussi une vie normale en dehors du tennis, par exemple, il aime le golf, j\u2019ai mes propres passions.\u202f\u00bb<\/strong><\/p>\n<p class=\"post-published-date\" style=\"color: silver; font-size: 75%; text-align: left;\">Publi\u00e9 le mercredi 3 septembre 2025 \u00e0 13:09<\/p>\n","protected":false},"excerpt":{"rendered":"Dans des propos relay\u00e9s par Ubitennis \u00e0 l\u2019US Open, o\u00f9 il va affronter son compa\u00adtriote Lorenzo Musetti pour&hellip;\n","protected":false},"author":2,"featured_media":72606,"comment_status":"","ping_status":"","sticky":false,"template":"","format":"standard","meta":{"footnotes":""},"categories":[1415],"tags":[1744,1011,27,2127,60,1467],"class_list":{"0":"post-363197","1":"post","2":"type-post","3":"status-publish","4":"format-standard","5":"has-post-thumbnail","7":"category-tennis","8":"tag-alcaraz","9":"tag-fr","10":"tag-france","11":"tag-sinner","12":"tag-sports","13":"tag-tennis"},"share_on_mastodon":{"url":"https:\/\/pubeurope.com\/@fr\/115140309980810487","error":""},"_links":{"self":[{"href":"https:\/\/www.europesays.com\/fr\/wp-json\/wp\/v2\/posts\/363197","targetHints":{"allow":["GET"]}}],"collection":[{"href":"https:\/\/www.europesays.com\/fr\/wp-json\/wp\/v2\/posts"}],"about":[{"href":"https:\/\/www.europesays.com\/fr\/wp-json\/wp\/v2\/types\/post"}],"author":[{"embeddable":true,"href":"https:\/\/www.europesays.com\/fr\/wp-json\/wp\/v2\/users\/2"}],"replies":[{"embeddable":true,"href":"https:\/\/www.europesays.com\/fr\/wp-json\/wp\/v2\/comments?post=363197"}],"version-history":[{"count":0,"href":"https:\/\/www.europesays.com\/fr\/wp-json\/wp\/v2\/posts\/363197\/revisions"}],"wp:featuredmedia":[{"embeddable":true,"href":"https:\/\/www.europesays.com\/fr\/wp-json\/wp\/v2\/media\/72606"}],"wp:attachment":[{"href":"https:\/\/www.europesays.com\/fr\/wp-json\/wp\/v2\/media?parent=363197"}],"wp:term":[{"taxonomy":"category","embeddable":true,"href":"https:\/\/www.europesays.com\/fr\/wp-json\/wp\/v2\/categories?post=363197"},{"taxonomy":"post_tag","embeddable":true,"href":"https:\/\/www.europesays.com\/fr\/wp-json\/wp\/v2\/tags?post=363197"}],"curies":[{"name":"wp","href":"https:\/\/api.w.org\/{rel}","templated":true}]}}