{"id":363200,"date":"2025-09-03T12:16:17","date_gmt":"2025-09-03T12:16:17","guid":{"rendered":"https:\/\/www.europesays.com\/fr\/363200\/"},"modified":"2025-09-03T12:16:17","modified_gmt":"2025-09-03T12:16:17","slug":"reunion-de-crise-pour-maitriser-la-flambee-des-couts-du-carburant-durable-en-2026-%f0%9f%9a%a8","status":"publish","type":"post","link":"https:\/\/www.europesays.com\/fr\/363200\/","title":{"rendered":"R\u00e9union de crise pour ma\u00eetriser la flamb\u00e9e des co\u00fbts du carburant durable en 2026 \ud83d\udea8"},"content":{"rendered":"<p><img decoding=\"async\" src=\"https:\/\/www.europesays.com\/fr\/wp-content\/uploads\/2025\/09\/68b82db83bbb6e59c3ceab75_XPB_1368603_HiRes--1-.jpeg\" alt=\"F1 organisera une r\u00e9union de crise face \u00e0 la flamb\u00e9e des prix du carburant en 2026\"\/><\/p>\n<p>\ud83d\udea6 Vers un futur durable sous tension : la flamb\u00e9e inattendue des co\u00fbts du carburant en F1<\/p>\n<p><a href=\"https:\/\/www.formula1.com\/\" target=\"_blank\" rel=\"nofollow noopener\">La Formule 1<\/a>, tourn\u00e9e vers l\u2019\u00e9cologie et l\u2019innovation, s\u2019appr\u00eate \u00e0 franchir une \u00e9tape capitale en 2026 avec l\u2019adoption d\u2019un carburant 100% durable. Cependant, cette \u00e9volution, bien que cruciale pour l\u2019image et l\u2019avenir du sport automobile, met les \u00e9curies sous pression en raison de l\u2019explosion des co\u00fbts. En effet, les projections font \u00e9tat de d\u00e9penses d\u00e9passant 12 millions de dollars par \u00e9quipe et par an, face \u00e0 une multiplication in\u00e9dite du prix au litre. Alors que la discipline travaille depuis longtemps \u00e0 la r\u00e9duction des co\u00fbts, cette nouvelle contrainte financi\u00e8re s\u00e8me l\u2019inqui\u00e9tude dans le paddock, et pousse les dirigeants \u00e0 convoquer une r\u00e9union de crise pour trouver des solutions rapidement.<\/p>\n<p>Les premiers dialogues entre \u00e9quipes, <a href=\"https:\/\/www.fia.com\/fr\" target=\"_blank\" rel=\"nofollow noopener\">FIA<\/a> et fournisseurs laissent appara\u00eetre une grande inqui\u00e9tude : le prix du carburant devrait passer de 22\u201333 dollars \u00e0 pr\u00e8s de 170\u2013225 dollars par litre, avec certaines estimations poussant au-del\u00e0 des 300 dollars. Cette inflation fulgurante, li\u00e9e aux contraintes de durabilit\u00e9 et de cha\u00eene d\u2019approvisionnement verte, bouleverse l\u2019\u00e9quilibre \u00e9conomique de la F1 et pose la question de la soutenabilit\u00e9 \u00e0 moyen et long termes.<\/p>\n<p>Dans ce contexte, la conception des nouveaux carburants impose des investissements massifs en recherche et d\u00e9veloppement. Comme l&rsquo;a exprim\u00e9 le responsable d&rsquo;une grande \u00e9quipe, chaque ingr\u00e9dient doit \u00eatre conforme \u00e0 des standards de durabilit\u00e9 rarement atteints dans d\u2019autres industries, ce qui rench\u00e9rit consid\u00e9rablement les co\u00fbts de production. \u00ab Pour respecter ces exigences, il faut des sp\u00e9cifications et des ingr\u00e9dients tr\u00e8s co\u00fbteux \u2013 c\u2019est bien au-del\u00e0 de nos pr\u00e9visions initiales \u00bb, confie un dirigeant technique.<\/p>\n<p>L\u2019enjeu devient alors clair : la Formule 1 doit maintenir son leadership technologique sans devenir la victime d\u2019un surco\u00fbt intenable, et la solidarit\u00e9 avec les fournisseurs \u00e9nerg\u00e9tiques, engag\u00e9s dans la course \u00e0 l\u2019innovation verte, sera d\u00e9cisive dans les discussions \u00e0 venir.<\/p>\n<p>\ud83d\udcb8 L&rsquo;impact sur les \u00e9curies : r\u00e9percussions financi\u00e8res et ajustements strat\u00e9giques<\/p>\n<p>L&rsquo;implication \u00e9conomique est d\u2019envergure : les budgets actuels de 3 \u00e0 4 millions de dollars par an pour le carburant pourraient franchir la barre des 10 \u00e0 12 millions, sans possibilit\u00e9 d\u2019imputation sous le plafond budg\u00e9taire d\u00e8s 2026. Si cette mesure offre une petite respiration administrative aux \u00e9quipes, cela implique tout de m\u00eame un r\u00e9ajustement majeur de financement, poussant \u00e9curies et sponsors \u00e0 revoir leur strat\u00e9gie.<\/p>\n<p><img decoding=\"async\" src=\"https:\/\/www.europesays.com\/fr\/wp-content\/uploads\/2025\/09\/68749ca26da904c8d2503eb3_XPB_1261810_HiRes--1-.jpeg\" alt=\"F1 organisera une r\u00e9union de crise face \u00e0 la flamb\u00e9e des prix du carburant en 2026\"\/><\/p>\n<p>La probl\u00e9matique ne se limite pas \u00e0 la simple gestion d\u2019un poste de d\u00e9pense suppl\u00e9mentaire : le co\u00fbt du carburant impacte toute la cha\u00eene de valeur, de la performance sur piste jusqu\u2019aux investissements dans d\u2019autres domaines comme la technologie ou le marketing. Face \u00e0 cette nouvelle r\u00e9alit\u00e9, les discours dans le paddock s\u2019intensifient pour d\u00e9noncer l\u2019ironie d\u2019une inflation galopante apr\u00e8s des ann\u00e9es de chasse aux \u00e9conomies. Certains responsables n\u2019h\u00e9sitent pas \u00e0 qualifier la situation de \u00ab ridicule \u00bb au vu des efforts consentis pour r\u00e9duire les frais autres que li\u00e9s au carburant.<\/p>\n<p>D\u2019un point de vue organisationnel, l\u2019\u00e9volution r\u00e9cente introduit un nouveau d\u00e9fi. Jusqu\u2019ici, l\u2019espoir subsistait de contenir la hausse gr\u00e2ce \u00e0 des accords progressifs et une \u00e9volution des formules chimiques. Mais \u00e0 mesure que les fournisseurs finalisent leurs sp\u00e9cifications et que les \u00e9quipes re\u00e7oivent leurs devis d\u00e9finitifs, le constat est sans appel : il faudra ajuster la strat\u00e9gie financi\u00e8re globale sous peine de mettre en p\u00e9ril la comp\u00e9titivit\u00e9 sportive et la p\u00e9rennit\u00e9 du mod\u00e8le \u00e9conomique actuel.<\/p>\n<p>\ud83d\udd2c Innovations de rupture et pistes pour un avenir plus accessible<\/p>\n<p>Face \u00e0 la contrainte, la F1 repense ses priorit\u00e9s et explore des solutions pour r\u00e9duire la facture \u00e9nerg\u00e9tique sans sacrifier la qu\u00eate d\u2019excellence et la croissance de la technologie durable. Si le retour \u00e0 un carburant standardis\u00e9 est \u00e9voqu\u00e9, la complexit\u00e9 des contrats commerciaux avec les partenaires p\u00e9troliers rend cette option difficilement applicable imm\u00e9diatement. N\u00e9anmoins, une voie de compromis se dessine avec la standardisation de certains composants on\u00e9reux, afin de limiter les d\u00e9penses sur les mati\u00e8res premi\u00e8res les plus rares et co\u00fbteuses.<\/p>\n<p><img decoding=\"async\" src=\"https:\/\/www.europesays.com\/fr\/wp-content\/uploads\/2025\/09\/687a37105ff760e0e7210117_SITE-2000z1333-01.jpeg\" alt=\"F1 organisera une r\u00e9union de crise face \u00e0 la flamb\u00e9e des prix du carburant en 2026\"\/><\/p>\n<p>Parall\u00e8lement, la F1 mise sur l\u2019effet de masse et l\u2019acc\u00e9l\u00e9ration de la courbe d\u2019apprentissage : plus le carburant durable sera adopt\u00e9 \u00e0 l\u2019\u00e9chelle plan\u00e9taire, plus les co\u00fbts baisseront. Cette \u00e9volution n\u2019est pas spontan\u00e9e, mais s\u2019articule autour d\u2019une politique d\u2019incitation \u00e0 l\u2019adoption des technologies vertes sur le march\u00e9 automobile mondial. Le transfert des innovations du circuit \u00e0 la route, pierre angulaire du prestige de la F1, pourrait d\u00e8s lors b\u00e9n\u00e9ficier \u00e0 l\u2019ensemble des acteurs de la mobilit\u00e9, contribuant progressivement \u00e0 un abaissement global du prix du carburant durable.<\/p>\n<p><img decoding=\"async\" src=\"https:\/\/www.europesays.com\/fr\/wp-content\/uploads\/2025\/09\/68b82db93bbb6e59c3ceac71_2024-Bahrain-Grand-Prix---Thursday-2.jpeg\" alt=\"F1 organisera une r\u00e9union de crise face \u00e0 la flamb\u00e9e des prix du carburant en 2026\"\/><\/p>\n<p>L\u2019exp\u00e9rience accumul\u00e9e sur la piste permet d\u2019esp\u00e9rer, d\u2019ici 2027, une optimisation des processus industriels, des r\u00e9glages r\u00e9glementaires ajust\u00e9s et une logistique plus efficace \u2013 trois facteurs cl\u00e9s pour r\u00e9duire la pression financi\u00e8re. L\u2019enjeu est d\u2019autant plus critique que la comp\u00e9titivit\u00e9 de la discipline d\u00e9pend de sa capacit\u00e9 \u00e0 rester un incubateur d\u2019innovations accessibles et exemplaires sur le plan environnemental.<\/p>\n<p>\ud83d\udcca Gouvernance et concertation : la F1 \u00e0 la recherche d\u2019un \u00e9quilibre durable<\/p>\n<p>Dans cette optique, la r\u00e9union de crise post-Grand Prix d\u2019Italie va rev\u00eatir une importance majeure : r\u00e9unissant \u00e9quipes, f\u00e9d\u00e9ration et fournisseurs, elle devra favoriser une \u00e9coute active et un dialogue constructif pour \u00e9viter que la flamb\u00e9e des prix ne freine la dynamique de transition \u00e9cologique de la F1. Tous les acteurs de la discipline s\u2019accordent \u00e0 reconna\u00eetre l\u2019int\u00e9r\u00eat strat\u00e9gique de cette mutation vers le vert, mais appellent \u00e0 davantage de pragmatisme dans la gestion des rythmes et contraintes budg\u00e9taires.<\/p>\n<p>La Formule 1, par essence laboratoire de la mobilit\u00e9 du futur, sait que l\u2019innovation implique souvent des investissements pr\u00e9liminaires \u00e9lev\u00e9s, mais que l\u2019adoption g\u00e9n\u00e9ralis\u00e9e finit toujours par rendre les technologies accessibles au plus grand nombre. Un acteur cl\u00e9 de la FIA r\u00e9sume ainsi l\u2019\u00e9tat d\u2019esprit g\u00e9n\u00e9ral : \u00ab Comme pour toute nouvelle technologie, les co\u00fbts initiaux sont \u00e9lev\u00e9s, mais l\u2019apprentissage collectif et le passage \u00e0 l\u2019\u00e9chelle industrielle permettront, \u00e0 terme, de rendre ces solutions \u00e9conomiquement viables. \u00bb<\/p>\n<p>L\u2019approche collaborative entre r\u00e9gulateur, constructeurs et industriels conditionnera donc la r\u00e9ussite du mod\u00e8le \u00e9conomique de la <a href=\"https:\/\/www.fia.com\/fr\" target=\"_blank\" rel=\"nofollow noopener\">F1 durable<\/a>. L\u2019exp\u00e9rience historique de la discipline en mati\u00e8re de transferts technologiques permet d\u2019envisager des perspectives positives, \u00e0 condition de maintenir la pression et de favoriser l\u2019intelligence collective dans la gestion des crises naissantes.<\/p>\n<p>\ud83c\udf31 Une transition engag\u00e9e, l\u2019espoir d\u2019une F1 plus forte et d\u2019un avenir \u00e9conomique vert \ud83d\udca1<\/p>\n<p>Malgr\u00e9 les obstacles, la volont\u00e9 de la Formule 1 de s\u2019imposer comme chef de file de la technologie durable reste intacte. Les efforts combin\u00e9s pour f\u00e9d\u00e9rer les fournisseurs, ajuster la r\u00e9glementation et partager le savoir-faire, ouvrent la voie \u00e0 de nouvelles synergies. L\u2019ensemble de l\u2019\u00e9cosyst\u00e8me F1 reste convaincu que l\u2019innovation verte, loin d\u2019\u00eatre un fardeau, constitue une opportunit\u00e9 d\u2019am\u00e9lioration continue, autant pour le sport que pour l\u2019industrie automobile mondiale.<\/p>\n<p>Cette p\u00e9riode de transition, bien que jalonn\u00e9e de d\u00e9fis, rappelle la capacit\u00e9 de la discipline reine du sport m\u00e9canique \u00e0 se r\u00e9inventer face \u00e0 l\u2019adversit\u00e9. En d\u00e9pit des tensions sur les co\u00fbts et des inqui\u00e9tudes \u00e0 court terme, l\u2019avenir est porteur d\u2019espoir : b\u00e2tir, ensemble, une Formule 1 plus responsable, plus innovante et toujours aussi spectaculaire. \ud83d\ude97\ud83d\udc9a<\/p>\n<p>\u00c0 l\u2019instar des \u00e9quipes de F1 qui r\u00e9inventent leur avenir, le r\u00eave d\u2019acc\u00e9der \u00e0 une <a href=\"https:\/\/www.ferrari.com\/fr-FR\/auto\/488-gtb\" target=\"_blank\" rel=\"nofollow noopener\">Ferrari 488 GTB en leasing<\/a> devient lui aussi plus accessible gr\u00e2ce \u00e0 Joinsteer. Parce que la passion automobile m\u00e9rite le meilleur accompagnement, m\u00eame loin des circuits.<\/p>\n","protected":false},"excerpt":{"rendered":"\ud83d\udea6 Vers un futur durable sous tension : la flamb\u00e9e inattendue des co\u00fbts du carburant en F1 La&hellip;\n","protected":false},"author":2,"featured_media":363201,"comment_status":"","ping_status":"","sticky":false,"template":"","format":"standard","meta":{"footnotes":""},"categories":[1412],"tags":[1451,1452,1453,1454,1455,1011,27,60],"class_list":{"0":"post-363200","1":"post","2":"type-post","3":"status-publish","4":"format-standard","5":"has-post-thumbnail","7":"category-f1","8":"tag-f1","9":"tag-formula-1","10":"tag-formula1","11":"tag-formule-1","12":"tag-formule1","13":"tag-fr","14":"tag-france","15":"tag-sports"},"share_on_mastodon":{"url":"https:\/\/pubeurope.com\/@fr\/115140322055506751","error":""},"_links":{"self":[{"href":"https:\/\/www.europesays.com\/fr\/wp-json\/wp\/v2\/posts\/363200","targetHints":{"allow":["GET"]}}],"collection":[{"href":"https:\/\/www.europesays.com\/fr\/wp-json\/wp\/v2\/posts"}],"about":[{"href":"https:\/\/www.europesays.com\/fr\/wp-json\/wp\/v2\/types\/post"}],"author":[{"embeddable":true,"href":"https:\/\/www.europesays.com\/fr\/wp-json\/wp\/v2\/users\/2"}],"replies":[{"embeddable":true,"href":"https:\/\/www.europesays.com\/fr\/wp-json\/wp\/v2\/comments?post=363200"}],"version-history":[{"count":0,"href":"https:\/\/www.europesays.com\/fr\/wp-json\/wp\/v2\/posts\/363200\/revisions"}],"wp:featuredmedia":[{"embeddable":true,"href":"https:\/\/www.europesays.com\/fr\/wp-json\/wp\/v2\/media\/363201"}],"wp:attachment":[{"href":"https:\/\/www.europesays.com\/fr\/wp-json\/wp\/v2\/media?parent=363200"}],"wp:term":[{"taxonomy":"category","embeddable":true,"href":"https:\/\/www.europesays.com\/fr\/wp-json\/wp\/v2\/categories?post=363200"},{"taxonomy":"post_tag","embeddable":true,"href":"https:\/\/www.europesays.com\/fr\/wp-json\/wp\/v2\/tags?post=363200"}],"curies":[{"name":"wp","href":"https:\/\/api.w.org\/{rel}","templated":true}]}}