{"id":363202,"date":"2025-09-03T12:17:11","date_gmt":"2025-09-03T12:17:11","guid":{"rendered":"https:\/\/www.europesays.com\/fr\/363202\/"},"modified":"2025-09-03T12:17:11","modified_gmt":"2025-09-03T12:17:11","slug":"direct-vuelta-2025-11eme-etape-bilbao-bilbao-lequipe","status":"publish","type":"post","link":"https:\/\/www.europesays.com\/fr\/363202\/","title":{"rendered":"DIRECT. Vuelta 2025, 11\u00e8me \u00e9tape (Bilbao &#8211; Bilbao) &#8211; L&#039;\u00c9quipe"},"content":{"rendered":"<ol>\n<li><a href=\"https:\/\/news.google.com\/rss\/articles\/CBMilAFBVV95cUxPS1Jhb3VmRk11amV3eHF6UV9WcXA4UkUyWGtrbEJxNFFjNEVUazk1Q2h0dEVjaV8tTGlaZTJkNGFXUFd1WXdUNGdPbFdGUlRvU29tZVhaQmRfY3F2TzJoZ0FsSjVjQXBCN3VvbnF2ZlBXUGRfdGVhMnZ6Z0NIdjNVd2tFajNKUllQYTBCcVdMQzFiMzVk?oc=5\" target=\"_blank\" rel=\"nofollow noopener\">DIRECT. Vuelta 2025, 11\u00e8me \u00e9tape (Bilbao &#8211; Bilbao)<\/a>&nbsp;&nbsp;L&rsquo;\u00c9quipe<\/li>\n<li><a href=\"https:\/\/news.google.com\/rss\/articles\/CBMizgFBVV95cUxOSWZKTW54VTNkSUZJN1hmQU5ncmRkQThhc3M2WXhOVEJab1c4bVd1Q2V5MC1jdUkyeEZCRlBzOU5kVE9BSDh6eFJtUHpNQlBYMi1pRkNqWjRHd3h1blFyYl9zZkl0UGFxbUlPNXRVY2pKN214QmVldHBrUlFFMDNJc1g0Y2RvbnpuNVgwb09NNHFtLUFqU3NFODVxajBGT0hJbTdDNG40dkFfNEl0T2lfd3hEWG9yZ0xwQTlNSjRXM0FGSEZpcGZPcUtKMnc4dw?oc=5\" target=\"_blank\" rel=\"nofollow noopener\">Vuelta 2025 : parcours, profil et horaires de la 11e \u00e9tape, autour de Bilbao<\/a>&nbsp;&nbsp;L&rsquo;\u00c9quipe<\/li>\n<li><a href=\"https:\/\/news.google.com\/rss\/articles\/CBMiiAJBVV95cUxOR3UwcExxelNqeUcxVkFvbkdsN0xpQ1F4bTFVckJjX05wdEZFYUV5dXUxMHVKTjFmam5WVllpTUR6LUVsVF95YmdVUFpyM01vNVlhWEZvb0x3TWQ4MjhJZDdtRl9fekFackx6R1JmeHl2YlpIYTdGODcxcWdfUXFjT3l0TXRHaFdZLW15YlN2RXZzZ19jdEMwa19fN1dPVl9MM1hlXy1DajRrWWd0MDlGdS1mQzNfZl9FZDJTS3lIZWJDNGhoTWNURnVlQ1JCUWNMWGtuYnQ2OFpyMVJaM190cUtBMUU5LUgwQ3dpaGlQY2ZxOGNZWHlCeHp3S0hwMDlqRzBocmRjSGk?oc=5\" target=\"_blank\" rel=\"nofollow noopener\">DIRECT. Vuelta : suivez la 11e \u00e9tape du Tour d\u2019Espagne autour de Bilbao en live<\/a>&nbsp;&nbsp;Ouest-France<\/li>\n<li><a href=\"https:\/\/news.google.com\/rss\/articles\/CBMiuAFBVV95cUxQZWFzVldNbGpUZzlTcEdFNkRWMmo2V2xLM0FNQl9pcnZIOG10N1Ffc2JNLWhVWUhIYUJyendnZ2t0TU5hUmFiM0pxOWlhcXFUNVN4bHBlQzhoeU5oN3RzTHFFZEE5bGluTkpLc2l3bFp4NkYyZm95WFVDYjlaRXQ4cVpEM19QRTd0YXFFSGJWRWVHX2VHYU82cEYtVXloTXNSbHI2LWVwU25maFNqTUtoOXdyd01DLU5w?oc=5\" target=\"_blank\" rel=\"nofollow noopener\">Vuelta 2025 : une 11e \u00e9tape taill\u00e9e pour les grimpeurs, dans les environs de Bilbao<\/a>&nbsp;&nbsp;RTBF<\/li>\n<li><a href=\"https:\/\/news.google.com\/rss\/articles\/CBMixwFBVV95cUxNT1oxSzRpU1lpN1NjT2NzeWlxelNJX2tzSlQtYV84Y0htNzBDV1FrS01JMDIyYlp5cUFVX2c2MlJkakx3Q1E2SEpaYjdRZDJBd09qeFB5SldYTElMNmZ6SEtWNVlwc09iTEF2WHMwREhRQ3pIODcxXzZobWMtNjNTTkRTT2d5RnVwVVBLTm9DVzlLbHJtQWxUeWszcWhzaTFzTnJFQU5wRzMzYlNWOWctUDR6RkZpYVFWNHJQa09FWnZ6T0xqYVpZ?oc=5\" target=\"_blank\" rel=\"nofollow noopener\">Le parcours et le profil de la 11e \u00e9tape de la Vuelta 2025<\/a>&nbsp;&nbsp;20 Minutes<\/li>\n<\/ol>\n","protected":false},"excerpt":{"rendered":"DIRECT. Vuelta 2025, 11\u00e8me \u00e9tape (Bilbao &#8211; Bilbao)&nbsp;&nbsp;L&rsquo;\u00c9quipe Vuelta 2025 : parcours, profil et horaires de la 11e&hellip;\n","protected":false},"author":2,"featured_media":344900,"comment_status":"","ping_status":"","sticky":false,"template":"","format":"standard","meta":{"footnotes":""},"categories":[1411],"tags":[1154,207,1011,27,60],"class_list":{"0":"post-363202","1":"post","2":"type-post","3":"status-publish","4":"format-standard","5":"has-post-thumbnail","7":"category-cyclisme","8":"tag-cycling","9":"tag-cyclisme","10":"tag-fr","11":"tag-france","12":"tag-sports"},"share_on_mastodon":{"url":"https:\/\/pubeurope.com\/@fr\/115140325805044281","error":""},"_links":{"self":[{"href":"https:\/\/www.europesays.com\/fr\/wp-json\/wp\/v2\/posts\/363202","targetHints":{"allow":["GET"]}}],"collection":[{"href":"https:\/\/www.europesays.com\/fr\/wp-json\/wp\/v2\/posts"}],"about":[{"href":"https:\/\/www.europesays.com\/fr\/wp-json\/wp\/v2\/types\/post"}],"author":[{"embeddable":true,"href":"https:\/\/www.europesays.com\/fr\/wp-json\/wp\/v2\/users\/2"}],"replies":[{"embeddable":true,"href":"https:\/\/www.europesays.com\/fr\/wp-json\/wp\/v2\/comments?post=363202"}],"version-history":[{"count":0,"href":"https:\/\/www.europesays.com\/fr\/wp-json\/wp\/v2\/posts\/363202\/revisions"}],"wp:featuredmedia":[{"embeddable":true,"href":"https:\/\/www.europesays.com\/fr\/wp-json\/wp\/v2\/media\/344900"}],"wp:attachment":[{"href":"https:\/\/www.europesays.com\/fr\/wp-json\/wp\/v2\/media?parent=363202"}],"wp:term":[{"taxonomy":"category","embeddable":true,"href":"https:\/\/www.europesays.com\/fr\/wp-json\/wp\/v2\/categories?post=363202"},{"taxonomy":"post_tag","embeddable":true,"href":"https:\/\/www.europesays.com\/fr\/wp-json\/wp\/v2\/tags?post=363202"}],"curies":[{"name":"wp","href":"https:\/\/api.w.org\/{rel}","templated":true}]}}