{"id":363209,"date":"2025-09-03T12:21:11","date_gmt":"2025-09-03T12:21:11","guid":{"rendered":"https:\/\/www.europesays.com\/fr\/363209\/"},"modified":"2025-09-03T12:21:11","modified_gmt":"2025-09-03T12:21:11","slug":"la-premiere-liste-du-goncourt-2025","status":"publish","type":"post","link":"https:\/\/www.europesays.com\/fr\/363209\/","title":{"rendered":"La premi\u00e8re liste du Goncourt 2025"},"content":{"rendered":"<p>Les dix acad\u00e9miciens Goncourt ont r\u00e9v\u00e9l\u00e9 la tr\u00e8s attendue premi\u00e8re liste des ouvrages concourant \u00e0 la 123e \u00e9dition du plus prestigieux prix litt\u00e9raire fran\u00e7ais. La deuxi\u00e8me s\u00e9lection de huit titres sera donn\u00e9e le 7\u00a0octobre, puis les quatre finalistes connus le 28\u00a0octobre avant la proclamation du laur\u00e9at le 4\u00a0novembre.<\/p>\n<p>Les romanciers et romanci\u00e8res n&rsquo;ayant pas d\u00e9j\u00e0 remport\u00e9 le Goncourt des lyc\u00e9ens participeront au prix dont la proclamation est pr\u00e9vue le 27 novembre.\u00a0<\/p>\n<p>La premi\u00e8re s\u00e9lection du prix Goncourt 2025<\/p>\n<ul>\n<li><strong>Nathacha APPANAH<\/strong>, La nuit au c\u0153ur (Gallimard)<\/li>\n<li><strong>Emmanuel CARRE\u0300RE<\/strong>, Kolkhoze (P.O.L)<\/li>\n<li><strong>David DENEUFGERMAIN<\/strong>, L\u2019adieu au visage (Marchialy)<\/li>\n<li><strong>David DIOP<\/strong>, Ou\u0300 s\u2019adosse le ciel (Julliard)<\/li>\n<li><strong>Ghislaine DUNANT<\/strong>, Un amour infini (Albin Michel)<\/li>\n<li><strong>Paul GASNIER<\/strong>, La collision (Gallimard)<\/li>\n<li><strong>Yanick LAHENS<\/strong>, Passage\u0300res de nuit (Sabine Wespieser)<\/li>\n<li><strong>Caroline LAMARCHE<\/strong>, Le bel obscur (Seuil)<\/li>\n<li><strong>He\u0301le\u0300ne LAURAIN<\/strong>, Tambora (Verdier)<\/li>\n<li><strong>Charif MAJDALANI<\/strong>, Le nom des rois (Stock)<\/li>\n<li><strong>Laurent MAUVIGNIER<\/strong>, La maison vide (Minuit)<\/li>\n<li><strong>Alfred de MONTESQUIOU<\/strong>, Le cre\u0301puscule des hommes (Robert Laffont)<\/li>\n<li><strong>Guillaume POIX<\/strong>, Perpe\u0301tuite\u0301 (Verticales)<\/li>\n<li><strong>Maria POURCHET<\/strong>, Tressaillir (Stock)<\/li>\n<li><strong>David THOMAS<\/strong>, Un fre\u0300re (L\u2019Olivier)<\/li>\n<\/ul>\n<p>L&rsquo;an dernier, <strong>Kamel Daoud<\/strong> a \u00e9t\u00e9 couronn\u00e9 pour son roman Hourris paru chez Gallimard et \u00e9coul\u00e9 depuis \u00e0 450\u00a0000 exemplaires, selon NielsenIQ Bookdata (contre 77\u00a0000 ventes au moment de la proclamation apr\u00e8s sa parution le 15\u00a0ao\u00fbt 2024).<\/p>\n<p>          Les acad\u00e9miciens Goncourt en 2025<\/p>\n<ul>\n<li>Christine <strong>ANGOT<\/strong><\/li>\n<li>Pierre <strong>ASSOULINE<\/strong><\/li>\n<li>Tahar <strong>BEN JELLOUN<\/strong><\/li>\n<li>Pascal <strong>BRUCKNER<\/strong><\/li>\n<li>Fran\u00e7oise <strong>CHANDERNAGOR<\/strong><\/li>\n<li>Philippe <strong>CLAUDEL<\/strong><\/li>\n<li>Paule <strong>CONSTANT<\/strong><\/li>\n<li>Didier <strong>DECOIN<\/strong><\/li>\n<li>Camille <strong>LAURENS<\/strong><\/li>\n<li>Eric-Emmanuel <strong>SCHMIDT<\/strong><\/li>\n<\/ul>\n<p>Pour t\u00e9l\u00e9charger ce document, vous devez d&rsquo;abord acheter l&rsquo;article correspondant.<\/p>\n","protected":false},"excerpt":{"rendered":"Les dix acad\u00e9miciens Goncourt ont r\u00e9v\u00e9l\u00e9 la tr\u00e8s attendue premi\u00e8re liste des ouvrages concourant \u00e0 la 123e \u00e9dition&hellip;\n","protected":false},"author":2,"featured_media":363210,"comment_status":"","ping_status":"","sticky":false,"template":"","format":"standard","meta":{"footnotes":""},"categories":[1357],"tags":[1379,58,59,1011,27,1380],"class_list":{"0":"post-363209","1":"post","2":"type-post","3":"status-publish","4":"format-standard","5":"has-post-thumbnail","7":"category-livres","8":"tag-books","9":"tag-divertissement","10":"tag-entertainment","11":"tag-fr","12":"tag-france","13":"tag-livres"},"share_on_mastodon":{"url":"https:\/\/pubeurope.com\/@fr\/115140341578147428","error":""},"_links":{"self":[{"href":"https:\/\/www.europesays.com\/fr\/wp-json\/wp\/v2\/posts\/363209","targetHints":{"allow":["GET"]}}],"collection":[{"href":"https:\/\/www.europesays.com\/fr\/wp-json\/wp\/v2\/posts"}],"about":[{"href":"https:\/\/www.europesays.com\/fr\/wp-json\/wp\/v2\/types\/post"}],"author":[{"embeddable":true,"href":"https:\/\/www.europesays.com\/fr\/wp-json\/wp\/v2\/users\/2"}],"replies":[{"embeddable":true,"href":"https:\/\/www.europesays.com\/fr\/wp-json\/wp\/v2\/comments?post=363209"}],"version-history":[{"count":0,"href":"https:\/\/www.europesays.com\/fr\/wp-json\/wp\/v2\/posts\/363209\/revisions"}],"wp:featuredmedia":[{"embeddable":true,"href":"https:\/\/www.europesays.com\/fr\/wp-json\/wp\/v2\/media\/363210"}],"wp:attachment":[{"href":"https:\/\/www.europesays.com\/fr\/wp-json\/wp\/v2\/media?parent=363209"}],"wp:term":[{"taxonomy":"category","embeddable":true,"href":"https:\/\/www.europesays.com\/fr\/wp-json\/wp\/v2\/categories?post=363209"},{"taxonomy":"post_tag","embeddable":true,"href":"https:\/\/www.europesays.com\/fr\/wp-json\/wp\/v2\/tags?post=363209"}],"curies":[{"name":"wp","href":"https:\/\/api.w.org\/{rel}","templated":true}]}}