{"id":36321,"date":"2025-04-19T11:02:16","date_gmt":"2025-04-19T11:02:16","guid":{"rendered":"https:\/\/www.europesays.com\/fr\/36321\/"},"modified":"2025-04-19T11:02:16","modified_gmt":"2025-04-19T11:02:16","slug":"quatre-individus-interpelles-apres-la-fusillade-a-la-kalachnikov","status":"publish","type":"post","link":"https:\/\/www.europesays.com\/fr\/36321\/","title":{"rendered":"Quatre individus interpell\u00e9s apr\u00e8s la fusillade \u00e0 la kalachnikov"},"content":{"rendered":"<p>La Peugeot 2008 dans laquelle ils avaient pris la fuite a \u00e9t\u00e9 retrouv\u00e9e sous un tunnel passant sous la rocade de <a href=\"https:\/\/www.20minutes.fr\/rennes\/\" class=\"color-ultramarine c-link\" target=\"_blank\" rel=\"noopener\">Rennes<\/a>. Le v\u00e9hicule avait \u00e9t\u00e9 incendi\u00e9. D\u00e8s jeudi soir, un premier individu soup\u00e7onn\u00e9 <a href=\"https:\/\/www.20minutes.fr\/faits_divers\/faits-divers-rennes\/4149231-20250417-rennes-tirs-kalachnikov-font-plusieurs-blesses-quartier-villejean\" class=\"color-ultramarine c-link\" target=\"_blank\" rel=\"noopener\">d\u2019\u00eatre impliqu\u00e9 dans la fusillade \u00e0 la kalachnikov<\/a> survenue quelques heures plus t\u00f4t a pu \u00eatre interpell\u00e9 par la police. Selon nos informations, trois autres individus ont pu \u00eatre appr\u00e9hend\u00e9s par le RAID cette nuit. Tous se trouvaient dans un logement.<\/p>\n<blockquote class=\"twitter-tweet\" align=\"center\" data-lang=\"fr_FR\">\n<p lang=\"fr\" dir=\"ltr\">\ud83d\udea8\ud83c\uddeb\ud83c\uddf7 ALERTE INFO<\/p>\n<p>Sc\u00e8nes SURR\u00c9ALISTES \u00e0 Rennes<\/p>\n<p>Une fusillade a \u00e9clat\u00e9 dans un Subway : trois individus cagoul\u00e9s ont ouvert le feu \u00e0 la KALASHNIKOV, blessant quatre personnes, dont une en URGENCE ABSOLUE. Dans leur fuite, ils ont RENVERS\u00c9 un pi\u00e9ton.<\/p>\n<p>\ud83d\udc49 Un \u00e9lu de la commune se\u2026 <a href=\"https:\/\/t.co\/BQWdBwdP0Z\">pic.twitter.com\/BQWdBwdP0Z<\/a><\/p>\n<p>\u2014 Cerfia (@CerfiaFR) <a href=\"https:\/\/twitter.com\/CerfiaFR\/status\/1912979167756398727?ref_src=twsrc%5Etfw\" target=\"_blank\" rel=\"noopener\">April 17, 2025<\/a><\/p><\/blockquote>\n<p class=\"mb-m@xs text-l@xs\">En cliquant sur\u00ab J\u2019accepte \u00bb, vous acceptez le d\u00e9p\u00f4t de cookies par des services externes et aurez ainsi acc\u00e8s aux contenus de nos partenaires.<\/p>\n<p class=\"mb-xl@xs text-s@xs\">Plus d\u2019informations sur la page<a href=\"https:\/\/www.20minutes.fr\/gestion-cookies\" class=\"mx-xxs@xs color-ultramarine\" target=\"_blank\" rel=\"noopener\">Politique de gestion des cookies<\/a><\/p>\n<p>J\u2019accepte<\/p>\n<p>Ils sont suspect\u00e9s d\u2019avoir pris part aux tentatives d\u2019assassinat perp\u00e9tr\u00e9es jeudi soir sur la dalle Kennedy, dans le quartier Villejean. Il \u00e9tait environ 17h30 quand les tirs ont r\u00e9sonn\u00e9. Trois hommes cagoul\u00e9s, dont deux arm\u00e9s de <a href=\"https:\/\/www.20minutes.fr\/societe\/kalachnikov\/\" class=\"color-ultramarine c-link\" target=\"_blank\" rel=\"noopener\">kalachnikov<\/a>, ont fait irruption dans un restaurant Subway dans lequel se trouvait une douzaine de personnes. Trois jeunes qui avaient trouv\u00e9 refuge dans le commerce ont \u00e9t\u00e9 vis\u00e9s par des tirs. L\u2019un d\u2019entre eux a \u00e9t\u00e9 gri\u00e8vement bless\u00e9 \u00e0 l\u2019abdomen, mais son pronostic vital ne serait pas engag\u00e9.<\/p>\n<p><img decoding=\"async\" alt=\"Des tirs \u00e0 l'arme lourde ont r\u00e9sonn\u00e9 le jeudi 17 avril sur la dalle Kennedy \u00e0 Rennes, faisant trois bless\u00e9s dans un restaurant Subway.\" class=\"c-img\" loading=\"lazy\" fetchpriority=\"auto\" width=\"718\"  src=\"https:\/\/www.europesays.com\/fr\/wp-content\/uploads\/2025\/04\/1745060536_210_718x0.jpeg; charset=utf-8\" \/>Des tirs \u00e0 l&rsquo;arme lourde ont r\u00e9sonn\u00e9 le jeudi 17 avril sur la dalle Kennedy \u00e0 Rennes, faisant trois bless\u00e9s dans un restaurant Subway.\u2002-\u00a0D. Meyer\/AFP<\/p>\n<p>Dans une vid\u00e9o partag\u00e9e sur les r\u00e9seaux sociaux, on peut voir trois hommes quitter la dalle en courant. Arme \u00e0 la main, ils tirent \u00e0 plusieurs reprises au milieu des passants. D\u2019apr\u00e8s une source polici\u00e8re, un pi\u00e9ton a \u00e9galement \u00e9t\u00e9 renvers\u00e9 par le v\u00e9hicule qui a d\u00e9pos\u00e9 les trois suspects.<\/p>\n<p>\u00ab\u00a0On a entendu cinq ou six d\u00e9tonations\u00a0\u00bb<\/p>\n<p>Plusieurs \u00e9lus de l\u2019opposition municipale rennaise se trouvaient dans le restaurant Subway. \u00ab\u00a0Il y a une femme qui a cri\u00e9 et demand\u00e9 \u00e0 tout le monde de se mettre \u00e0 terre, et puis on a entendu cinq ou six d\u00e9tonations. Les trois jeunes qui s\u2019\u00e9taient assis ont tous \u00e9t\u00e9 bless\u00e9s. Une balle a travers\u00e9 la jambe de l\u2019un d\u2019entre eux. L\u2019autre avait du sang partout sur son jogging. Les tireurs sont repartis\u00a0\u00bb, t\u00e9moigne l\u2019\u00e9lu Modem Nicolas Boucher aupr\u00e8s de 20 Minutes. Une enqu\u00eate pour \u00ab\u00a0tentative de meurtre en bande organis\u00e9e\u00a0\u00bb a \u00e9t\u00e9 ouverte.<\/p>\n<p><script async src=\"https:\/\/platform.twitter.com\/widgets.js\" charset=\"utf-8\"><\/script><\/p>\n","protected":false},"excerpt":{"rendered":"La Peugeot 2008 dans laquelle ils avaient pris la fuite a \u00e9t\u00e9 retrouv\u00e9e sous un tunnel passant sous&hellip;\n","protected":false},"author":2,"featured_media":36322,"comment_status":"","ping_status":"","sticky":false,"template":"","format":"standard","meta":{"footnotes":""},"categories":[2821],"tags":[1111,47,11,6376,829,1067,1777,674,118,7641,1011,27,3832,848,10909,12,8989,11681,584,25,5158,887],"class_list":{"0":"post-36321","1":"post","2":"type-post","3":"status-publish","4":"format-standard","5":"has-post-thumbnail","7":"category-rennes","8":"tag-actu","9":"tag-actualite","10":"tag-actualites","11":"tag-armes","12":"tag-bretagne","13":"tag-enquete","14":"tag-eu","15":"tag-europe","16":"tag-faits-divers","17":"tag-faits-divers-rennes","18":"tag-fr","19":"tag-france","20":"tag-fusillade","21":"tag-ille-et-vilaine","22":"tag-kalachnikov","23":"tag-news","24":"tag-raid","25":"tag-reglement-de-comptes","26":"tag-rennes","27":"tag-republique-francaise","28":"tag-tentative-dassassinat","29":"tag-trafic-de-drogue"},"share_on_mastodon":{"url":"https:\/\/pubeurope.com\/@fr\/114364294333321002","error":""},"_links":{"self":[{"href":"https:\/\/www.europesays.com\/fr\/wp-json\/wp\/v2\/posts\/36321","targetHints":{"allow":["GET"]}}],"collection":[{"href":"https:\/\/www.europesays.com\/fr\/wp-json\/wp\/v2\/posts"}],"about":[{"href":"https:\/\/www.europesays.com\/fr\/wp-json\/wp\/v2\/types\/post"}],"author":[{"embeddable":true,"href":"https:\/\/www.europesays.com\/fr\/wp-json\/wp\/v2\/users\/2"}],"replies":[{"embeddable":true,"href":"https:\/\/www.europesays.com\/fr\/wp-json\/wp\/v2\/comments?post=36321"}],"version-history":[{"count":0,"href":"https:\/\/www.europesays.com\/fr\/wp-json\/wp\/v2\/posts\/36321\/revisions"}],"wp:featuredmedia":[{"embeddable":true,"href":"https:\/\/www.europesays.com\/fr\/wp-json\/wp\/v2\/media\/36322"}],"wp:attachment":[{"href":"https:\/\/www.europesays.com\/fr\/wp-json\/wp\/v2\/media?parent=36321"}],"wp:term":[{"taxonomy":"category","embeddable":true,"href":"https:\/\/www.europesays.com\/fr\/wp-json\/wp\/v2\/categories?post=36321"},{"taxonomy":"post_tag","embeddable":true,"href":"https:\/\/www.europesays.com\/fr\/wp-json\/wp\/v2\/tags?post=36321"}],"curies":[{"name":"wp","href":"https:\/\/api.w.org\/{rel}","templated":true}]}}