{"id":363214,"date":"2025-09-03T12:24:11","date_gmt":"2025-09-03T12:24:11","guid":{"rendered":"https:\/\/www.europesays.com\/fr\/363214\/"},"modified":"2025-09-03T12:24:11","modified_gmt":"2025-09-03T12:24:11","slug":"the-surfer-avec-nicolas-cage-critique-dun-rat-de-maree-ecran-large","status":"publish","type":"post","link":"https:\/\/www.europesays.com\/fr\/363214\/","title":{"rendered":"The Surfer avec Nicolas Cage : critique d\u2019un rat de mar\u00e9e &#8211; Ecran Large"},"content":{"rendered":"<ol>\n<li><a href=\"https:\/\/news.google.com\/rss\/articles\/CBMikAFBVV95cUxOd3Z6VGVMZDRjdDZ1NHRqbExTRUpiM2U0NElJLUxCRGt4UHZxdGxfbGZKX1NjVzZKb1lqbTRVNWh4WGEyOTB3LVNabDdDRS1nM1lIeU5aQy0wRkxocVdHRUlsSTNpSEVhaTRKeUhJVlZRcHlHNXlGNkZ5NlZES3Rhd1Vua3FfaExFVF92ZHFQdlQ?oc=5\" target=\"_blank\" rel=\"nofollow noopener\">The Surfer avec Nicolas Cage : critique d\u2019un rat de mar\u00e9e<\/a>&nbsp;&nbsp;Ecran Large<\/li>\n<li><a href=\"https:\/\/news.google.com\/rss\/articles\/CBMibEFVX3lxTE10YzREdVJqemRKR3FSZ3N5eGF0TG11Y3h1MDJPdXp0UFFoaEEwcjMxWHFyTTJkNjVqckZKVGFlLTE2WVVBa1A1X1ItMXBvVm5VdVM0SHJtMmlPbVZ3WExqN2xKOWNZaDh6RmFreg?oc=5\" target=\"_blank\" rel=\"nofollow noopener\">The Surfer Streaming Film Suspense 1h42 2024<\/a>&nbsp;&nbsp;CANAL+<\/li>\n<li><a href=\"https:\/\/news.google.com\/rss\/articles\/CBMiugFBVV95cUxOampKMmR0LUg5WXVOT3dzVUh0d1VQSkJVTW8zWEV6bldncHNmaHpkUFBHOFFPZlZyWmdCbkFySXlSQkx0aEREM21IZ0U4SjE5cWhkNkttQ2h5al8yQ0R1VFhOSGVTN1d1OVAxRzJmVFVZdGJ6TGNsNUwzWWl5aGwzU2FOSDdyTUhmNmRnUXNjRmJRTC0wV0UwbXlPZWp0dGw0M3VOWlp4N042RVp1VmIwci1XS0lRaGRsSEE?oc=5\" target=\"_blank\" rel=\"nofollow noopener\">\u00ab The Surfer \u00bb : Nicolas Cage arrive au bout du rouleau<\/a>&nbsp;&nbsp;Le Point<\/li>\n<li><a href=\"https:\/\/news.google.com\/rss\/articles\/CBMifkFVX3lxTE1fSHY3RzY1WHJmVWhjdlZSUEJ1bDdBN09mSEdKY2dVRlJMSmhoMFdaR09sSlJLTnI2SU5uYUhNWnVuX3JOTVNSc3NTQ1NpeC1PanNDUFYxR2lsY1RudEdYRnNEdWxuNWt0eG56QTZjSFFIcWcyQzVCWGpVREJxdw?oc=5\" target=\"_blank\" rel=\"nofollow noopener\">Priv\u00e9 de sortie en salles, ce thriller parano\u00efaque avec Nicolas Cage et Julian McMahon dans l&rsquo;un de ses derniers r\u00f4les est disponible en streaming<\/a>&nbsp;&nbsp;AlloCin\u00e9<\/li>\n<li><a href=\"https:\/\/news.google.com\/rss\/articles\/CBMiuAFBVV95cUxOQUZPc0kyR3BUZkllLXdzVEZKWG5RbE1XcUxwYzQ1TGJPenh0QVZSLVJVR21GQXNhTWo1dURxTVd1TzFUV19xMExmMm5rXzQyQjR0Z0J2bnVlejdBWXd0Y3Z3TkhORUYxalYxX2Q0OHdLeFRudXlBSGRVeDhSZDJ6UDludTM5ZWZzZE85Mmt3ZU5qZWFtY3R6UmcyU3NUel9mdnpGMjdzOGY3WTE4UkNQd2dNRGFDYTdq?oc=5\" target=\"_blank\" rel=\"nofollow noopener\">\u201cThe Surfer\u201d sur Paramount+ : Nicolas Cage pi\u00e9g\u00e9 dans les vagues de l\u2019enfer<\/a>&nbsp;&nbsp;T\u00e9l\u00e9rama<\/li>\n<\/ol>\n","protected":false},"excerpt":{"rendered":"The Surfer avec Nicolas Cage : critique d\u2019un rat de mar\u00e9e&nbsp;&nbsp;Ecran Large The Surfer Streaming Film Suspense 1h42&hellip;\n","protected":false},"author":2,"featured_media":363215,"comment_status":"","ping_status":"","sticky":false,"template":"","format":"standard","meta":{"footnotes":""},"categories":[1354],"tags":[58,59,1346,1011,27,1360],"class_list":{"0":"post-363214","1":"post","2":"type-post","3":"status-publish","4":"format-standard","5":"has-post-thumbnail","7":"category-films","8":"tag-divertissement","9":"tag-entertainment","10":"tag-films","11":"tag-fr","12":"tag-france","13":"tag-movies"},"share_on_mastodon":{"url":"https:\/\/pubeurope.com\/@fr\/115140353390030133","error":""},"_links":{"self":[{"href":"https:\/\/www.europesays.com\/fr\/wp-json\/wp\/v2\/posts\/363214","targetHints":{"allow":["GET"]}}],"collection":[{"href":"https:\/\/www.europesays.com\/fr\/wp-json\/wp\/v2\/posts"}],"about":[{"href":"https:\/\/www.europesays.com\/fr\/wp-json\/wp\/v2\/types\/post"}],"author":[{"embeddable":true,"href":"https:\/\/www.europesays.com\/fr\/wp-json\/wp\/v2\/users\/2"}],"replies":[{"embeddable":true,"href":"https:\/\/www.europesays.com\/fr\/wp-json\/wp\/v2\/comments?post=363214"}],"version-history":[{"count":0,"href":"https:\/\/www.europesays.com\/fr\/wp-json\/wp\/v2\/posts\/363214\/revisions"}],"wp:featuredmedia":[{"embeddable":true,"href":"https:\/\/www.europesays.com\/fr\/wp-json\/wp\/v2\/media\/363215"}],"wp:attachment":[{"href":"https:\/\/www.europesays.com\/fr\/wp-json\/wp\/v2\/media?parent=363214"}],"wp:term":[{"taxonomy":"category","embeddable":true,"href":"https:\/\/www.europesays.com\/fr\/wp-json\/wp\/v2\/categories?post=363214"},{"taxonomy":"post_tag","embeddable":true,"href":"https:\/\/www.europesays.com\/fr\/wp-json\/wp\/v2\/tags?post=363214"}],"curies":[{"name":"wp","href":"https:\/\/api.w.org\/{rel}","templated":true}]}}