{"id":363220,"date":"2025-09-03T12:27:10","date_gmt":"2025-09-03T12:27:10","guid":{"rendered":"https:\/\/www.europesays.com\/fr\/363220\/"},"modified":"2025-09-03T12:27:10","modified_gmt":"2025-09-03T12:27:10","slug":"quest-ce-que-le-droit-moral-confie-a-sa-fille-dans-son-testament-et-conteste-par-son-frere","status":"publish","type":"post","link":"https:\/\/www.europesays.com\/fr\/363220\/","title":{"rendered":"Qu\u2019est-ce que le droit moral, confi\u00e9 \u00e0 sa fille dans son testament et contest\u00e9 par son fr\u00e8re\u00a0?"},"content":{"rendered":"<p>A croire qu\u2019<a href=\"https:\/\/www.20minutes.fr\/dossier\/alain_delon\" class=\"c-link c-link--is-underlined\" rel=\"nofollow noopener\" target=\"_blank\">Alain Delon<\/a> pla\u00e7ait l\u2019essentiel de sa confiance en sa fille Anouchka davantage qu\u2019entre ses deux fils. <a href=\"https:\/\/www.20minutes.fr\/arts-stars\/people\/4170741-20250902-mort-alain-delon-alain-fabien-attaque-frere-ur-faire-annuler-testament-acteur\" class=\"c-link c-link--is-underlined\" rel=\"nofollow noopener\" target=\"_blank\">En plus de l\u00e9guer 50\u00a0% de sa fortune \u00e0 Anouchka, ne laissant \u00ab\u00a0que\u00a0\u00bb 25\u00a0% \u00e0 chacun de ses deux fils<\/a>, la l\u00e9gende fran\u00e7aise du cin\u00e9ma <a href=\"https:\/\/www.20minutes.fr\/arts-stars\/culture\/4073786-20240818-alain-delon-acteur-mythique-cinema-francais-mort\" class=\"c-link c-link--is-underlined\" rel=\"nofollow noopener\" target=\"_blank\">d\u00e9c\u00e9d\u00e9 en ao\u00fbt\u00a02024<\/a> avait pr\u00e9vu dans son <a href=\"https:\/\/www.20minutes.fr\/dossier\/testament\" class=\"c-link c-link--is-underlined\" rel=\"nofollow noopener\" target=\"_blank\">testament <\/a>de confier \u00e0 sa fille le droit moral exclusif de son image et de son nom.<\/p>\n<p>Une d\u00e9cision qui divise la famille et qu\u2019attaque en justice <a href=\"https:\/\/www.20minutes.fr\/alain-fabien-delon\/\" class=\"c-link c-link--is-underlined\" rel=\"nofollow noopener\" target=\"_blank\">Alain-Fabien Delon<\/a>, le plus jeune des fils du \u00ab\u00a0Gu\u00e9pard\u00a0\u00bb, qui n\u2019envisage pas de laisser \u00e0 sa seule s\u0153ur la gestion de cet h\u00e9ritage. Mais que recouvre pr\u00e9cis\u00e9ment cette disposition sp\u00e9cifique du droit fran\u00e7ais\u00a0?<\/p>\n<p>Un droit perp\u00e9tuel, un enjeu de m\u00e9moire<\/p>\n<p><a href=\"https:\/\/www.scam.fr\/vous-creez-des-oeuvres\/sachez-le\/quest-ce-que-le-droit-moral\/\" target=\"_blank\" class=\"c-link c-link--is-underlined\" rel=\"nofollow noopener\">La Scam, Soci\u00e9t\u00e9 civile des auteurs multim\u00e9dia<\/a> qui g\u00e8re en France les droits patrimoniaux de ses auteurs membres, le droit de repr\u00e9sentation et le droit de reproduction, nous en donne la d\u00e9finition suivante\u00a0:<\/p>\n<\/p>\n<p>\u00ab\u00a0Le droit moral, contrairement aux droits patrimoniaux, est perp\u00e9tuel, inali\u00e9nable et imprescriptible. Il peut \u00eatre exerc\u00e9 \u00e0 tout moment par l\u2019artiste ou ses ayants droit, y compris apr\u00e8s les 70 ans post mortem d\u2019exercice des droits patrimoniaux. Le droit moral est incessible [\u2026] Le droit moral est aussi perp\u00e9tuel\u00a0; il ne tombe pas dans le domaine public et les h\u00e9ritiers peuvent le revendiquer\u00a0\u00bb.<\/p>\n<p>Concr\u00e8tement cette disposition permet un droit de regard pour tout ce qui concerne la m\u00e9moire de l\u2019auteur. Et on imagine qu\u2019il peut \u00eatre riche au vu de l\u2019h\u00e9ritage culturel et symbolique que laisse Alain Delon. Ainsi, si les droits patrimoniaux d\u2019une dur\u00e9e de soixante-dix ans permettent l\u2019exploitation, y compris financi\u00e8re, des \u0153uvres du d\u00e9funt, le droit moral a une port\u00e9e davantage symbolique. Son d\u00e9tenteur est une sorte de gardien de la m\u00e9moire.<\/p>\n<p>Bataille judiciaire<\/p>\n<p>Anouchka peut donc revendiquer l\u2019exercice de ce droit si elle estime qu\u2019une des \u0153uvres ou m\u00eame l\u2019usage de l\u2019image de son p\u00e8re est d\u00e9natur\u00e9e. Ce peut \u00eatre le cas par exemple si un mus\u00e9e ou encore une com\u00e9die musicale devait \u00eatre cr\u00e9\u00e9. Mais aussi si cela concerne une exposition, ou encore l\u2019utilisation du nom Alain Delon pour un lieu ou une institution. Ce droit moral donne donc \u00e0 Anouchka un droit de regard sur tous ces usages de la symbolique de son p\u00e8re et la possibilit\u00e9 de s\u2019y opposer.<\/p>\n<p>Un pouvoir que n\u2019entend pas Alain-Fabien Delon laisser \u00e0 sa seule s\u0153ur et qu\u2019il conteste juridiquement, dans une audience qui se tiendra au tribunal judiciaire de Paris le 9\u00a0mars 2026, si les deux parties ne s\u2019entendent pas d\u2019ici l\u00e0, <a href=\"https:\/\/www.rtl.fr\/culture\/medias-people\/heritage-d-alain-delon-3-questions-pour-tout-comprendre-a-l-affaire-qui-divise-sa-famille-7900536899\" rel=\"nofollow noopener\" target=\"_blank\" class=\"c-link c-link--is-underlined\">rapporte RTL<\/a>.<\/p>\n<p>Le plus jeune des fils d\u2019Alain Delon estime notamment que son p\u00e8re n\u2019avait plus toutes ses capacit\u00e9s lorsque en novembre\u00a02022 il a ajout\u00e9 \u00e0 son testament initial r\u00e9dig\u00e9 en\u00a02015, cette disposition. Le \u00ab\u00a0Gu\u00e9pard\u00a0\u00bb se trouvait alors d\u00e9j\u00e0 sur un lit d\u2019h\u00f4pital. Alain-Fabien Delon conteste \u00e9galement une donation effectu\u00e9e \u00e0 Anouchka en f\u00e9vrier\u00a02023, arguant que d\u00e8s\u00a02019 son p\u00e8re ne disposait plus pleinement de sa capacit\u00e9 de discernement.<\/p>\n","protected":false},"excerpt":{"rendered":"A croire qu\u2019Alain Delon pla\u00e7ait l\u2019essentiel de sa confiance en sa fille Anouchka davantage qu\u2019entre ses deux fils.&hellip;\n","protected":false},"author":2,"featured_media":363221,"comment_status":"","ping_status":"","sticky":false,"template":"","format":"standard","meta":{"footnotes":""},"categories":[8],"tags":[47,5960,15944,650,251,58,6084,6260,59,1011,27,11632,280,104,19201],"class_list":{"0":"post-363220","1":"post","2":"type-post","3":"status-publish","4":"format-standard","5":"has-post-thumbnail","7":"category-divertissement","8":"tag-actualite","9":"tag-alain-delon","10":"tag-alain-fabien-delon","11":"tag-cinema","12":"tag-culture","13":"tag-divertissement","14":"tag-droit","15":"tag-droit-dauteur","16":"tag-entertainment","17":"tag-fr","18":"tag-france","19":"tag-heritage","20":"tag-memoire","21":"tag-societe","22":"tag-testament"},"share_on_mastodon":{"url":"https:\/\/pubeurope.com\/@fr\/115140365206447149","error":""},"_links":{"self":[{"href":"https:\/\/www.europesays.com\/fr\/wp-json\/wp\/v2\/posts\/363220","targetHints":{"allow":["GET"]}}],"collection":[{"href":"https:\/\/www.europesays.com\/fr\/wp-json\/wp\/v2\/posts"}],"about":[{"href":"https:\/\/www.europesays.com\/fr\/wp-json\/wp\/v2\/types\/post"}],"author":[{"embeddable":true,"href":"https:\/\/www.europesays.com\/fr\/wp-json\/wp\/v2\/users\/2"}],"replies":[{"embeddable":true,"href":"https:\/\/www.europesays.com\/fr\/wp-json\/wp\/v2\/comments?post=363220"}],"version-history":[{"count":0,"href":"https:\/\/www.europesays.com\/fr\/wp-json\/wp\/v2\/posts\/363220\/revisions"}],"wp:featuredmedia":[{"embeddable":true,"href":"https:\/\/www.europesays.com\/fr\/wp-json\/wp\/v2\/media\/363221"}],"wp:attachment":[{"href":"https:\/\/www.europesays.com\/fr\/wp-json\/wp\/v2\/media?parent=363220"}],"wp:term":[{"taxonomy":"category","embeddable":true,"href":"https:\/\/www.europesays.com\/fr\/wp-json\/wp\/v2\/categories?post=363220"},{"taxonomy":"post_tag","embeddable":true,"href":"https:\/\/www.europesays.com\/fr\/wp-json\/wp\/v2\/tags?post=363220"}],"curies":[{"name":"wp","href":"https:\/\/api.w.org\/{rel}","templated":true}]}}