{"id":363222,"date":"2025-09-03T12:28:15","date_gmt":"2025-09-03T12:28:15","guid":{"rendered":"https:\/\/www.europesays.com\/fr\/363222\/"},"modified":"2025-09-03T12:28:15","modified_gmt":"2025-09-03T12:28:15","slug":"une-eclipse-totale-de-lune-visible-en-france-le-7-septembre","status":"publish","type":"post","link":"https:\/\/www.europesays.com\/fr\/363222\/","title":{"rendered":"Une \u00e9clipse totale de Lune visible en France le 7\u00a0septembre"},"content":{"rendered":"<p>                          <img loading=\"lazy\" decoding=\"async\" src=\"https:\/\/www.europesays.com\/fr\/wp-content\/uploads\/2025\/09\/5869c2a_upload-1-wc23blq3n710-eclipsetotaledelune-2000.jpg\" alt=\"Lors d\u2019une \u00e9clipse totale de Lune, comme celle qui se d\u00e9roulera le dimanche 7\u00a0septembre 2025, l\u2019ombre de la Terre recouvre l\u2019int\u00e9gralit\u00e9 du globe lunaire et celui-ci pr\u00e9sente une teinte orang\u00e9e plus ou moins intense car il n\u2019est plus \u00e9clair\u00e9 que par le rayonnement solaire qui traverse l\u2019atmosph\u00e8re \u00e0 la p\u00e9riph\u00e9rie de notre plan\u00e8te et se pare donc de couleurs dignes des plus beaux couchers de Soleil. Ces couleurs, visibles \u00e0 l\u2019\u0153il nu sans aucun danger, vont de l\u2019orange au rouge brique en passant par toutes les nuances du cuivre\u00a0; une frange bleu\u00e2tre borde souvent l\u2019ombre, mais elle n\u2019est perceptible qu\u2019avec un instrument optique ou photographiquement. Ces quatre images montrent la fin de l\u2019\u00e9clipse totale de Lune du 15\u00a0juin 2011\u00a0\u00e0 La R\u00e9union. Technique\u00a0: bo\u00eetier Nikon D700\u00a0au foyer d\u2019un t\u00e9lescope de Newton de 210\u00a0mm de diam\u00e8tre ouvert \u00e0 3\u00a0(Takahashi Epsilon)\u00a0; poses de 10\u00a0secondes \u00e0 1\/6e de seconde (400\u00a0ISO).\"   width=\"664\" height=\"443\"\/>    Lors d\u2019une \u00e9clipse totale de Lune, comme celle qui se d\u00e9roulera le dimanche 7\u00a0septembre 2025, l\u2019ombre de la Terre recouvre l\u2019int\u00e9gralit\u00e9 du globe lunaire et celui-ci pr\u00e9sente une teinte orang\u00e9e plus ou moins intense car il n\u2019est plus \u00e9clair\u00e9 que par le rayonnement solaire qui traverse l\u2019atmosph\u00e8re \u00e0 la p\u00e9riph\u00e9rie de notre plan\u00e8te et se pare donc de couleurs dignes des plus beaux couchers de Soleil. Ces couleurs, visibles \u00e0 l\u2019\u0153il nu sans aucun danger, vont de l\u2019orange au rouge brique en passant par toutes les nuances du cuivre\u00a0; une frange bleu\u00e2tre borde souvent l\u2019ombre, mais elle n\u2019est perceptible qu\u2019avec un instrument optique ou photographiquement. Ces quatre images montrent la fin de l\u2019\u00e9clipse totale de Lune du 15\u00a0juin 2011\u00a0\u00e0 La R\u00e9union. Technique\u00a0: bo\u00eetier Nikon D700\u00a0au foyer d\u2019un t\u00e9lescope de Newton de 210\u00a0mm de diam\u00e8tre ouvert \u00e0 3\u00a0(Takahashi Epsilon)\u00a0; poses de 10\u00a0secondes \u00e0 1\/6e de seconde (400\u00a0ISO).  GUILLAUME CANNAT                    <\/p>\n<p class=\"article__paragraph  \">Le dimanche 7\u00a0septembre, la Pleine Lune se l\u00e8vera \u00e0 l\u2019est juste au moment o\u00f9 le Soleil se couchera \u00e0 l\u2019ouest\u00a0: le Soleil, la Terre et la Lune seront alors presque parfaitement align\u00e9s dans l\u2019espace. Un tel alignement ne se produit pas \u00e0 chaque Pleine Lune car le satellite naturel de la Terre se meut sur un plan inclin\u00e9 de 5,1\u00b0 par rapport au plan de l\u2019orbite terrestre\u00a0: il n\u2019y a donc pas une \u00e9clipse \u00e0 chaque lunaison puisque le disque lunaire passe le plus souvent au-dessus ou en dessous du long c\u00f4ne d\u2019ombre terrestre \u2013 celui-ci mesure pr\u00e8s de deux millions de kilom\u00e8tres et d\u00e9passe donc largement l\u2019orbite de la Lune qui circule en moyenne \u00e0 384\u00a0000\u00a0km de notre plan\u00e8te. L\u2019ombre de la Terre est entour\u00e9e d\u2019une zone de p\u00e9nombre qui correspond aux endroits d\u2019o\u00f9 le disque solaire appara\u00eet partiellement cach\u00e9 par le limbe terrestre. Lorsque la Lune est totalement recouverte par l\u2019ombre de la Terre elle n\u2019est plus \u00e9clair\u00e9e par le Soleil et, logiquement, elle devrait \u00eatre invisible puisqu\u2019elle ne produit aucune lumi\u00e8re. Il faut cependant compter avec l\u2019atmosph\u00e8re terrestre qui filtre et r\u00e9fracte le rayonnement solaire de telle mani\u00e8re que la fraction rouge de celui-ci est partiellement rabattue vers l\u2019int\u00e9rieur de l\u2019ombre, ce qui lui donne une coloration cuivr\u00e9e souvent tr\u00e8s spectaculaire.<\/p>\n<p class=\"article__paragraph  \">Selon la transparence de l\u2019atmosph\u00e8re sur votre site d\u2019observation, il pourra s\u2019\u00e9couler plusieurs minutes avant que le disque lunaire devienne visible au-dessus de l\u2019horizon est dimanche au d\u00e9but du cr\u00e9puscule. D\u2019autant plus que, en France m\u00e9tropolitaine, la Lune sera d\u00e9j\u00e0 totalement \u00e9clips\u00e9e par l\u2019ombre de la Terre\u00a0: la phase de totalit\u00e9 de cette \u00e9clipse aura en effet commenc\u00e9 \u00e0 19\u00a0h\u00a030 m (heure l\u00e9gale d\u2019\u00e9t\u00e9, temps universel + 2 h), c\u2019est-\u00e0-dire plus ou moins longtemps avant le lever de la Lune selon votre position g\u00e9ographique\u00a0: un quart d\u2019heure avant en Corse et pr\u00e8s d\u2019une heure et quart avant au bout du Finist\u00e8re. L\u2019ombre commen\u00e7ant \u00e0 lib\u00e9rer le disque lunaire \u00e0 partir de 20\u00a0h\u00a053 m, le laps de temps que notre satellite passera dans l\u2019ombre de la Terre apr\u00e8s son lever sera donc d\u2019autant plus long que vous vous situerez \u00e0 l\u2019est de la France. En Bretagne, il sera ainsi possible de voir le disque lunaire \u00e9clips\u00e9 juste avant la fin de la totalit\u00e9 au ras d\u2019un horizon est parfaitement d\u00e9gag\u00e9\u00a0et encore clair\u00a0: il sera entour\u00e9 par la bande gris ardoise de l\u2019ombre de la Terre et surmont\u00e9 par la lueur ros\u00e9e de la ceinture de V\u00e9nus. Alors que sur la bordure orientale du pays, de l\u2019Alsace \u00e0 la Corse, la Lune encore totalement \u00e9clips\u00e9e sera observable \u00e0 plus de huit degr\u00e9s de hauteur dans un ciel cr\u00e9pusculaire d\u00e9j\u00e0 sombre.<\/p>\n<p class=\"article__paragraph  \">Le maximum de l\u2019\u00e9clipse, qui se produira \u00e0 20\u00a0h\u00a013 m, ne sera visible qu\u2019\u00e0 l\u2019est du pays car la Lune ne sera alors pas encore lev\u00e9e \u00e0 l\u2019ouest. \u00c0 cet instant, la portion nord du disque lunaire sera pratiquement au centre du c\u00f4ne d\u2019ombre terrestre et elle sera beaucoup plus sombre que la portion australe. Vous pourrez observer la Lune \u00e9clips\u00e9e \u00e0 l\u2019\u0153il nu ou dans un instrument optique sans aucun danger. Les nuances color\u00e9es de l\u2019ombre seront tr\u00e8s spectaculaires dans une lunette ou un t\u00e9lescope avec un grossissement vous permettant de voir l\u2019int\u00e9gralit\u00e9 du disque lunaire. \u00c0 partir de 20\u00a0h\u00a053 m, la Lune sortira progressivement de l\u2019ombre et une portion croissante de sa surface deviendra de plus en plus lumineuse, m\u00eame si elle sera encore plong\u00e9e dans la p\u00e9nombre. Vous remarquerez que la coloration orang\u00e9e de l\u2019ombre restera perceptible \u00e0 l\u2019\u0153il nu durant quelques minutes puis elle sera progressivement effac\u00e9e par le regain de l\u2019\u00e9clat lunaire\u00a0; elle sera perceptible un peu plus longtemps avec un instrument optique en repoussant hors du champ la portion trop lumineuse. La sortie de l\u2019ombre se terminera un peu avant 22 h et la sortie de la zone de p\u00e9nombre se terminera un peu avant 23 h. Je pr\u00e9cise que cette \u00e9clipse totale sera int\u00e9gralement visible en pleine nuit \u00e0 La R\u00e9union et en partie visible en Nouvelle-Cal\u00e9donie lors du coucher de la Pleine Lune. Si vous voulez en savoir encore plus sur ce rendez-vous c\u00e9leste et v\u00e9rifier dans quelles r\u00e9gions du monde il sera observable, je vous invite \u00e0 consulter le site du Laboratoire Temps Espace\u00a0: <a href=\"https:\/\/www.imcce.fr\/newsletter\/html\/newsletter.html#current-article1\" target=\"_blank\" rel=\"noopener nofollow\" title=\"Nouvelle fen\u00eatre\">analyse<\/a> et <a href=\"https:\/\/ssp.imcce.fr\/forms\/lunar-eclipses\/2025-09-07\" target=\"_blank\" rel=\"noopener nofollow\" title=\"Nouvelle fen\u00eatre\">carte de visibilit\u00e9<\/a>.<\/p>\n<p class=\"article__paragraph  \"><strong>\u00c0 lire \u00e9galement<\/strong><\/p>\n<p class=\"article__paragraph  \">Chaque mois, je vous propose de d\u00e9couvrir mes nouvelles images du ciel dans ma <a href=\"http:\/\/www.leguideduciel.net\/index.php\" target=\"_blank\" rel=\"noopener nofollow\" title=\"Nouvelle fen\u00eatre\"><strong>Lettre du Guide du Ciel<\/strong><\/a>.<\/p>\n<p>                         <img loading=\"lazy\" decoding=\"async\" src=\"https:\/\/www.europesays.com\/fr\/wp-content\/uploads\/2025\/09\/45a7991_upload-1-l7iuldgev83w-voie-lactee-sur-le-causse-noir.jpg\" alt=\"La Voie lact\u00e9e sur le causse Noir en juillet 2025, juste avant la moisson.\"   width=\"664\" height=\"443\"\/>    La Voie lact\u00e9e sur le causse Noir en juillet 2025, juste avant la moisson.  GUILLAUME CANNAT                                 <\/p>\n<p class=\"article__paragraph  \"><strong>Phases de la Lune en septembre<\/strong><\/p>\n<p class=\"article__paragraph  \">La Lune est pleine le 7 dans le Verseau, au dernier quartier le 14 dans le Taureau, nouvelle le 21 dans la Vierge et au premier quartier le 30 dans le Sagittaire.<\/p>\n<p class=\"article__paragraph  \"><strong>Quelques rendez-vous sous le ciel de septembre<\/strong><\/p>\n<p class=\"article__paragraph  \">La Lune encore pratiquement pleine se l\u00e8ve \u00e0 l\u2019est peu apr\u00e8s le coucher du Soleil le lundi 8\u00a0septembre et, d\u00e8s que le fond du ciel est suffisamment sombre, le petit point de Saturne appara\u00eet pr\u00e8s de trois degr\u00e9s sous elle. Avec une magnitude proche de 0,6, la plan\u00e8te est \u00e0 son \u00e9clat maximum moins de deux semaines avant son opposition du 21\u00a0septembre. Ces deux astres parcourent la vo\u00fbte c\u00e9leste c\u00f4te \u00e0 c\u00f4te en franchissant le m\u00e9ridien \u00e0 pr\u00e8s de quarante-quatre degr\u00e9s de hauteur et nous les retrouvons \u00e0 l\u2019aube loin au-dessus de l\u2019horizon ouest-sud-ouest.<\/p>\n<p>                         <img loading=\"lazy\" decoding=\"async\" src=\"https:\/\/www.europesays.com\/fr\/wp-content\/uploads\/2025\/09\/c03b79c_upload-1-cyhm7vsxkxdo-8-septembre-2025.jpg\" alt=\"Lundi 8\u00a0septembre 2025.\"   width=\"664\" height=\"443\"\/>    Lundi 8\u00a0septembre 2025.  GUILLAUME CANNAT                    <\/p>\n<p class=\"article__paragraph  \">Le mardi 16\u00a0septembre \u00e0 l\u2019aube, une heure et demie avant le lever du Soleil, un \u00e9pais croissant de Lune tient compagnie \u00e0 Jupiter dans les G\u00e9meaux. Cette constellation est install\u00e9e \u00e0 plus de quarante degr\u00e9s de hauteur au-dessus de l\u2019horizon est. \u00c0 peine plus d\u2019un mois apr\u00e8s leur rencontre rapproch\u00e9e (voir <a href=\"https:\/\/www.lemonde.fr\/autour-du-ciel\/article\/2025\/08\/01\/venus-et-jupiter-se-croisent-a-l-aube_6626062_6577780.html\" rel=\"nofollow noopener\" target=\"_blank\">mon billet pr\u00e9c\u00e9dent<\/a>), Jupiter brille d\u00e9j\u00e0 \u00e0 pr\u00e8s de trente-cinq degr\u00e9s de V\u00e9nus, qui est dans le Lion. Dans quelques jours, apr\u00e8s le d\u00e9part de la vieille Lune, le long fuseau blanch\u00e2tre de la lumi\u00e8re zodiacale sera somptueux dans les bons sites autour de ces deux plan\u00e8tes \u00e9clatantes.<\/p>\n<p>                         <img loading=\"lazy\" decoding=\"async\" src=\"https:\/\/www.europesays.com\/fr\/wp-content\/uploads\/2025\/09\/38e1b68_upload-1-6skt17mmleac-16-septembre-2025.jpg\" alt=\"Mardi 16\u00a0septembre 2025\u00a0\u00e0 l\u2019aube.\"   width=\"664\" height=\"443\"\/>    Mardi 16\u00a0septembre 2025\u00a0\u00e0 l\u2019aube.  GUILLAUME CANNAT                    <\/p>\n<p class=\"article__paragraph  \">Juste avant l\u2019\u00e9quinoxe d\u2019automne \u2013 le 22\u00a0septembre \u2013, l\u2019intense \u00e9clat v\u00e9nusien fr\u00f4le R\u00e9gulus non loin du croissant lunaire et de sa superbe lumi\u00e8re cendr\u00e9e. Le vendredi\u00a019 et le samedi 20\u00a0septembre \u00e0 l\u2019aube, une heure et demie avant le lever du Soleil, cette plan\u00e8te est \u00e0 moins d\u2019un degr\u00e9 d\u2019\u00e9cart de l\u2019\u00e9toile principale du Lion et \u00e0 une dizaine de degr\u00e9s de hauteur au-dessus de l\u2019horizon est-nord-est. V\u00e9nus est actuellement 150 fois plus brillante que R\u00e9gulus, qui se situe \u00e0 la base d\u2019un ast\u00e9risme surnomm\u00e9 la faucille\u00a0: en prenant les \u00e9toiles qui forment la t\u00eate du Lion dans le dessin de cette figure c\u00e9leste on reconna\u00eet cet outil sans difficult\u00e9. Comme presque toujours sur la vo\u00fbte c\u00e9leste, ces astres n\u2019ont rien de commun et ils ne sont r\u00e9unis que par leur proximit\u00e9 apparente dans le ciel de la Terre. Pour vous en convaincre, j\u2019ai indiqu\u00e9 sur le sch\u00e9ma leur distance au Soleil en ann\u00e9es-lumi\u00e8re\u00a0: elle va de moins de 80 ann\u00e9es-lumi\u00e8re pour R\u00e9gulus \u00e0 plus de 2\u00a0130 ann\u00e9es-lumi\u00e8re pour \u00cata Leonis. Presque vingt-huit fois plus \u00e9loign\u00e9e de nous que R\u00e9gulus, cette derni\u00e8re n\u2019est pourtant que sept fois moins brillante dans notre ciel. Cela signifie que son \u00e9clat r\u00e9el est colossal\u00a0: si elle \u00e9tait \u00e0 la m\u00eame distance que R\u00e9gulus, \u00cata Leonis serait plus \u00e9clatante que Sirius, l\u2019\u00e9toile la plus brillante de la sph\u00e8re c\u00e9leste. Et si elle \u00e9tait aussi proche que Sirius \u2013 8,6 ann\u00e9es-lumi\u00e8re seulement \u2013, \u00cata Leonis serait presque cinquante fois plus \u00e9clatante que V\u00e9nus et serait visible en plein jour\u00a0!<\/p>\n<p>                         <img loading=\"lazy\" decoding=\"async\" src=\"https:\/\/www.europesays.com\/fr\/wp-content\/uploads\/2025\/09\/11e0a4c_upload-1-v7gtfnslolhm-19-et-20-septembre-2025.jpg\" alt=\"Vendredi 19\u00a0et samedi 20\u00a0septembre \u00e0 l\u2019aube.\"   width=\"664\" height=\"443\"\/>    Vendredi 19\u00a0et samedi 20\u00a0septembre \u00e0 l\u2019aube.  GUILLAUME CANNAT                                 <\/p>\n<p class=\"article__paragraph  \"><strong>Le ciel en septembre<\/strong><\/p>\n<p class=\"article__paragraph  \">En septembre, le cr\u00e9puscule astronomique prend fin moins de deux heures apr\u00e8s le d\u00e9part du Soleil. Le Triangle d\u2019\u00e9t\u00e9 est alors bien visible, tr\u00e8s haut dans le ciel au-dessus de l\u2019horizon sud. V\u00e9ga et Deneb se succ\u00e8dent au z\u00e9nith et Alta\u00efr pointe vers le sol. En vous tenant face \u00e0 l\u2019ouest, l\u2019\u00e9clat d\u2019Arcturus s\u2019impose et semble se balancer doucement sous le grand parachute du Bouvier. Plus haut \u2013 votre nuque commence \u00e0 ren\u00e2cler\u00a0! \u2013, l\u2019arc de la Couronne bor\u00e9ale et le n\u0153ud papillon d\u2019Hercule vous ram\u00e8nent \u00e0 V\u00e9ga. Au nord-ouest, la Grande Ourse poursuit sa course circumpolaire et la Casserole sera pos\u00e9e sur l\u2019horizon nord apr\u00e8s minuit. Les \u00e9toiles M\u00e9rak et Dhub\u00e9, qui servent \u00e0 trouver la Polaire dans l\u2019h\u00e9misph\u00e8re Nord, peuvent \u00e9galement vous entra\u00eener jusqu\u2019au carr\u00e9 de P\u00e9gase de l\u2019autre c\u00f4t\u00e9 du ciel. Non loin de l\u2019Aigle, le Dauphin \u2013 une toute petite figure que l\u2019on peut cacher avec le pouce bras tendu \u2013 est un losange avec une prolongation qui sugg\u00e8re relativement bien le corps arqu\u00e9 d\u2019un dauphin bondissant hors des flots. Au nord-est, devant la portion la plus \u00e9triqu\u00e9e de la Voie lact\u00e9e, le W de Cassiop\u00e9e et l\u2019arc de Pers\u00e9e sont en place et, dans les meilleurs sites, il est facile de voir \u00e0 l\u2019\u0153il nu la tache oblongue du double amas d\u2019\u00e9toiles qui les s\u00e9pare \u2013 tout comme il est possible de distinguer la tache gris\u00e2tre de la galaxie d\u2019Androm\u00e8de en dessous de Cassiop\u00e9e, en descendant en biais vers l\u2019est. Tout le ciel d\u2019hiver est \u00e0 pr\u00e9sent install\u00e9 sur la vo\u00fbte c\u00e9leste \u00e0 l\u2019or\u00e9e de l\u2019aube et l\u2019on retrouve l\u2019immense Hexagone et le plus modeste Triangle d\u2019hiver. Saturne est \u00e0 l\u2019opposition et nous accompagne toute la nuit\u00a0; Jupiter se l\u00e8ve apr\u00e8s minuit et grimpe vers l\u2019est-sud-est jusqu\u2019\u00e0 l\u2019aube.<\/p>\n<p>                         <img loading=\"lazy\" decoding=\"async\" src=\"https:\/\/www.europesays.com\/fr\/wp-content\/uploads\/2025\/09\/f92d296_upload-1-y5ccpp4ggiz9-ciel-septembre-soir-hd.jpg\" alt=\"Le ciel du soir en septembre 2025.\"   width=\"664\" height=\"443\"\/>    Le ciel du soir en septembre 2025.  GUILLAUME CANNAT                    <\/p>\n<p class=\"article__paragraph  \">Carte du ciel visible en septembre\u00a02025 vers la fin du cr\u00e9puscule \u00e0 la latitude de la France m\u00e9tropolitaine. Les cartes de ce billet peuvent \u00eatre utilis\u00e9es en Europe et dans le monde \u00e0 l\u2019int\u00e9rieur d\u2019une bande s\u2019\u00e9tendant de 38\u00b0 \u00e0 52\u00b0 de latitude nord. Si vous \u00eates \u00e0 plus de 45\u00b0 nord, l\u2019\u00e9toile Polaire sera plus haute dans votre ciel et, le soir, Alta\u00efr de l\u2019Aigle sera d\u2019autant plus proche de l\u2019horizon sud. Si vous \u00eates \u00e0 moins de 45\u00b0 nord, l\u2019\u00e9toile Polaire sera plus proche de l\u2019horizon nord et Alta\u00efr sera plus \u00e9loign\u00e9e de l\u2019horizon sud.<\/p>\n<p>                         <img loading=\"lazy\" decoding=\"async\" src=\"https:\/\/www.europesays.com\/fr\/wp-content\/uploads\/2025\/09\/2dc2d25_upload-1-e1pxxcfcgptb-ciel-septembre-aube-hd.jpg\" alt=\"Le ciel \u00e0 l\u2019aube en septembre 2025.\"   width=\"664\" height=\"443\"\/>    Le ciel \u00e0 l\u2019aube en septembre 2025.  GUILLAUME CANNAT                    <\/p>\n<p class=\"article__paragraph  \">Cette carte montre le ciel visible en septembre\u00a02025 \u00e0 l\u2019or\u00e9e de l\u2019aube \u00e0 la latitude de la France m\u00e9tropolitaine. Attention, les cartes du ciel ne sont pas \u00e0 l\u2019envers\u00a0! Elles repr\u00e9sentent simplement les astres qui sont situ\u00e9s au-dessus de nos t\u00eates. Si vous vous allongiez avec la t\u00eate vers le nord et les pieds vers le sud, l\u2019est serait bien \u00e0 votre gauche et l\u2019ouest \u00e0 votre droite. Utilisez ces cartes en les imprimant et en les faisant tourner de telle sorte que le nom de la direction dans laquelle vous observez soit \u00e9crit \u00e0 l\u2019endroit. Les constellations et les \u00e9toiles que vous retrouverez dans la portion du ciel qui vous fait face sont toutes celles dont le nom est lisible sans trop pencher la t\u00eate. Les noms des constellations et de leurs principales \u00e9toiles sont indiqu\u00e9s, ainsi que le trac\u00e9 des constellations les plus importantes\u00a0; ce trac\u00e9 est parfois incomplet lorsque la figure est en partie cach\u00e9e sous l\u2019horizon. Le ciel est tr\u00e8s vaste et les constellations qui semblent petites sur les cartes sont, en fait, tr\u00e8s grandes\u00a0: votre main ouverte et bras tendu cache ainsi \u00e0 peine l\u2019ensemble du Chariot de la Grande Ourse.<\/p>\n<p>                                      <img loading=\"lazy\" decoding=\"async\" src=\"https:\/\/www.europesays.com\/fr\/wp-content\/uploads\/2025\/09\/4d2e332_upload-1-tteabxfvyqkh-on2026-couverture-3d.jpg\" alt=\"Le Ciel \u00e0 l\u2019oeil nu en 2026.\"   width=\"664\" height=\"443\"\/>    Le Ciel \u00e0 l\u2019oeil nu en 2026.  GUILLAUME CANNAT                    <\/p>\n<p class=\"article__paragraph  \">L\u2019\u00e9dition 2026 de mon ouvrage annuel sur l\u2019observation du ciel \u00e0 l\u2019\u0153il nu sera disponible dans votre librairie habituelle \u00e0 partir du 25\u00a0septembre. Le texte passe en revue, de janvier \u00e0 d\u00e9cembre, les plus beaux ph\u00e9nom\u00e8nes astronomiques visibles sans instrument (conjonctions, \u00e9clipses, lumi\u00e8re zodiacale, Voie lact\u00e9e) et les agr\u00e9mente de conseils pratiques, de rappels mythologiques sur les constellations, d\u2019informations encyclop\u00e9diques sur les plan\u00e8tes et les \u00e9toiles et d\u2019id\u00e9es pour observer facilement le ciel en ville ou en pleine nature. Avec plus de 140 images, cartes et sch\u00e9mas photographiques.<\/p>\n<p class=\"article__author-container\"> <a class=\"article__author-link\" href=\"https:\/\/www.lemonde.fr\/signataires\/guillaume-cannat\/\" rel=\"nofollow noopener\" target=\"_blank\"> Guillaume Cannat<\/a>  <\/p>\n<p>                  <a href=\"https:\/\/www.lemonde.fr\/syndication\/\" class=\"reuse__content\" title=\"R\u00e9utiliser ce contenu\" target=\"_blank\" rel=\"nofollow noopener\">R\u00e9utiliser ce contenu<\/a>      <\/p>\n","protected":false},"excerpt":{"rendered":"Lors d\u2019une \u00e9clipse totale de Lune, comme celle qui se d\u00e9roulera le dimanche 7\u00a0septembre 2025, l\u2019ombre de la&hellip;\n","protected":false},"author":2,"featured_media":363223,"comment_status":"","ping_status":"","sticky":false,"template":"","format":"standard","meta":{"footnotes":""},"categories":[7],"tags":[1011,27,43,40,41,39,42,44],"class_list":{"0":"post-363222","1":"post","2":"type-post","3":"status-publish","4":"format-standard","5":"has-post-thumbnail","7":"category-sciences-et-technologies","8":"tag-fr","9":"tag-france","10":"tag-science","11":"tag-science-and-technology","12":"tag-sciences","13":"tag-sciences-et-technologies","14":"tag-technologies","15":"tag-technology"},"share_on_mastodon":{"url":"https:\/\/pubeurope.com\/@fr\/115140370619724264","error":""},"_links":{"self":[{"href":"https:\/\/www.europesays.com\/fr\/wp-json\/wp\/v2\/posts\/363222","targetHints":{"allow":["GET"]}}],"collection":[{"href":"https:\/\/www.europesays.com\/fr\/wp-json\/wp\/v2\/posts"}],"about":[{"href":"https:\/\/www.europesays.com\/fr\/wp-json\/wp\/v2\/types\/post"}],"author":[{"embeddable":true,"href":"https:\/\/www.europesays.com\/fr\/wp-json\/wp\/v2\/users\/2"}],"replies":[{"embeddable":true,"href":"https:\/\/www.europesays.com\/fr\/wp-json\/wp\/v2\/comments?post=363222"}],"version-history":[{"count":0,"href":"https:\/\/www.europesays.com\/fr\/wp-json\/wp\/v2\/posts\/363222\/revisions"}],"wp:featuredmedia":[{"embeddable":true,"href":"https:\/\/www.europesays.com\/fr\/wp-json\/wp\/v2\/media\/363223"}],"wp:attachment":[{"href":"https:\/\/www.europesays.com\/fr\/wp-json\/wp\/v2\/media?parent=363222"}],"wp:term":[{"taxonomy":"category","embeddable":true,"href":"https:\/\/www.europesays.com\/fr\/wp-json\/wp\/v2\/categories?post=363222"},{"taxonomy":"post_tag","embeddable":true,"href":"https:\/\/www.europesays.com\/fr\/wp-json\/wp\/v2\/tags?post=363222"}],"curies":[{"name":"wp","href":"https:\/\/api.w.org\/{rel}","templated":true}]}}