{"id":363224,"date":"2025-09-03T12:29:11","date_gmt":"2025-09-03T12:29:11","guid":{"rendered":"https:\/\/www.europesays.com\/fr\/363224\/"},"modified":"2025-09-03T12:29:11","modified_gmt":"2025-09-03T12:29:11","slug":"on-en-a-tous-profite-mais-ce-service-gratuit-depuis-40-ans-est-sur-le-point-de-disparaitre-en-france","status":"publish","type":"post","link":"https:\/\/www.europesays.com\/fr\/363224\/","title":{"rendered":"on en a tous profit\u00e9, mais ce service gratuit depuis 40\u00a0ans est sur le point de dispara\u00eetre en France"},"content":{"rendered":"<p>\n                \u00ab\u00a0Avec le temps, avec le temps va tout s&rsquo;en va\u00a0\u00bb&#8230; Et ce service gratuit, pris\u00e9 des Fran\u00e7ais depuis plusieurs d\u00e9cennies, n&rsquo;y \u00e9chappe pas.            <\/p>\n<p>Un v\u00eatement ne meurt jamais vraiment. De sa naissance jusqu&rsquo;\u00e0 sa d\u00e9ch\u00e9ance, il conna\u00eet plusieurs vies. Mais plus pour tr\u00e8s longtemps, il faut le croire, avec la disparition de ce service&#8230;<\/p>\n<p>Gratuit, on l&rsquo;utilise pour faire le m\u00e9nage dans nos armoires. Facile, il ne requiert aucun effort de notre part.\u00a0Il repose sur des milliers de bo\u00eetes r\u00e9parties un peu partout sur le territoire, que certains voient\u00a0comme des\u00a0d\u00e9potoirs.\u00a0En France, il existe depuis 40\u00a0ans. Cependant, malgr\u00e9 cette long\u00e9vit\u00e9, son avenir est remis en question\u00a0: son mod\u00e8le \u00e9conomique n&rsquo;est\u00a0plus rentable, car en inad\u00e9quation avec les pratiques actuelles de consommation de v\u00eatements. Les\u00a0sp\u00e9cialistes se demandent m\u00eame si ce service n&rsquo;est pas vou\u00e9 \u00e0 mourir. Vous l&rsquo;aurez compris, il s&rsquo;agit du recyclage\u00a0textile.\u00a0<\/p>\n<p><img decoding=\"async\" alt=\"\" src=\"https:\/\/www.europesays.com\/fr\/wp-content\/uploads\/2025\/09\/40045207.jpg\"\/><br \/>\n\u00a9\u00a0DPA\/ABACA<\/p>\n<p>Comme vous le savez, il suffit de d\u00e9poser\u00a0les v\u00eatements dont on veut se d\u00e9barrasser dans les bornes pr\u00e9vues \u00e0 cet effet. Similaires \u00e0 des bennes \u00e0 ordure, elles se situent \u00e0 proximit\u00e9 de quartiers r\u00e9sidentiels. On en compte 22\u00a0000\u00a0sur le territoire fran\u00e7ais &#8211; pour celles g\u00e9r\u00e9es par l&rsquo;association Le Relais. En juillet, c&rsquo;est d&rsquo;ailleurs elle qui interpelle les autorit\u00e9s sur les difficult\u00e9s du march\u00e9. Dans l&rsquo;incapacit\u00e9 de couvrir ses charges financi\u00e8res, elle cesse volontairement de vider ses bornes\u00a0et d\u00e9cide de d\u00e9verser des tonnes de v\u00eatements devant des magasins Decathlon et Kiabi &#8211;\u00a0une op\u00e9ration destin\u00e9e \u00e0 mettre un coup de projecteur sur les obstacles rencontr\u00e9s. Car en 2025, Le Relais n&rsquo;arrive plus \u00e0 \u00eatre rentable. Comment l&rsquo;expliquer\u00a0?<\/p>\n<p>L&rsquo;association se finance en fait de plusieurs fa\u00e7ons.\u00a0D&rsquo;un c\u00f4t\u00e9, elle vend \u00e0 d&rsquo;autres march\u00e9s\u00a0(Afrique, Europe de l&rsquo;Est) la partie de v\u00eatements qu&rsquo;elle n&rsquo;est pas parvenue \u00e0 recycler. Le souci, c&rsquo;est que la concurrence est plus intense\u00a0et qu&rsquo;il lui est plus difficile de liquider\u00a0ses non recycl\u00e9s.<\/p>\n<p>En cause\u00a0: la Chine, qui inonde le march\u00e9 avec de la seconde main moins ch\u00e8re que la n\u00f4tre, mais aussi la recrudescence des pi\u00e8ces\u00a0en circulation et des pi\u00e8ces\u00a0d\u00e9pos\u00e9es\u00a0: nos confr\u00e8res des\u00a0<a href=\"https:\/\/www.youtube.com\/watch?v=hzyn1Lp-OFw\" rel=\"nofollow noopener\" target=\"_blank\">Echos<\/a> parlent d&rsquo;une augmentation de 50% par rapport \u00e0 2020, avec 3,5\u00a0milliards de pi\u00e8ces qui circulaient en 2024\u00a0; et de 289\u00a0000\u00a0tonnes de d\u00e9p\u00f4ts en 2024\u00a0contre 268\u00a0000\u00a0l&rsquo;ann\u00e9e pr\u00e9c\u00e9dente. Le Relais est ainsi forc\u00e9\u00a0de vendre \u00e0 perte en\u00a0bradant ses balles de v\u00eatements.<\/p>\n<p>De plus, les gens pr\u00e9f\u00e8rent vendre eux-m\u00eames leurs habits dormants sur des plateformes comme <a href=\"https:\/\/www.journaldesfemmes.fr\/mode\/conseils-mode\/2575467-vinted-achat-vente-comment-ca-marche\/\" title=\"Appli Vinted\" rel=\"nofollow noopener\" target=\"_blank\">Vinted<\/a> :\u00a0Le Relais ne r\u00e9colte donc plus que les miettes &#8211;\u00a0des pi\u00e8ces peu qualitatives dont il est difficile de tirer un b\u00e9n\u00e9fice.<\/p>\n<p>D&rsquo;un autre c\u00f4t\u00e9, Le Relais\u00a0survit \u00e9galement gr\u00e2ce \u00e0 des aides de l&rsquo;Etat, qui lui donne une compensation financi\u00e8re \u00e0 chaque tonne de v\u00eatement tri\u00e9. Or, cette aide n&rsquo;est plus suffisante pour payer ses charges :\u00a0elle s&rsquo;\u00e9l\u00e8ve aujourd&rsquo;hui \u00e0 156\u00a0euros ; quand l&rsquo;association en r\u00e9clame 304\u00a0pour continuer \u00e0 bien fonctionner\u2026\u00a0<\/p>\n","protected":false},"excerpt":{"rendered":"\u00ab\u00a0Avec le temps, avec le temps va tout s&rsquo;en va\u00a0\u00bb&#8230; Et ce service gratuit, pris\u00e9 des Fran\u00e7ais depuis&hellip;\n","protected":false},"author":2,"featured_media":363225,"comment_status":"","ping_status":"","sticky":false,"template":"","format":"standard","meta":{"footnotes":""},"categories":[6],"tags":[35,33,34,1011,27],"class_list":{"0":"post-363224","1":"post","2":"type-post","3":"status-publish","4":"format-standard","5":"has-post-thumbnail","7":"category-economie","8":"tag-business","9":"tag-economie","10":"tag-economy","11":"tag-fr","12":"tag-france"},"share_on_mastodon":{"url":"https:\/\/pubeurope.com\/@fr\/115140373084722153","error":""},"_links":{"self":[{"href":"https:\/\/www.europesays.com\/fr\/wp-json\/wp\/v2\/posts\/363224","targetHints":{"allow":["GET"]}}],"collection":[{"href":"https:\/\/www.europesays.com\/fr\/wp-json\/wp\/v2\/posts"}],"about":[{"href":"https:\/\/www.europesays.com\/fr\/wp-json\/wp\/v2\/types\/post"}],"author":[{"embeddable":true,"href":"https:\/\/www.europesays.com\/fr\/wp-json\/wp\/v2\/users\/2"}],"replies":[{"embeddable":true,"href":"https:\/\/www.europesays.com\/fr\/wp-json\/wp\/v2\/comments?post=363224"}],"version-history":[{"count":0,"href":"https:\/\/www.europesays.com\/fr\/wp-json\/wp\/v2\/posts\/363224\/revisions"}],"wp:featuredmedia":[{"embeddable":true,"href":"https:\/\/www.europesays.com\/fr\/wp-json\/wp\/v2\/media\/363225"}],"wp:attachment":[{"href":"https:\/\/www.europesays.com\/fr\/wp-json\/wp\/v2\/media?parent=363224"}],"wp:term":[{"taxonomy":"category","embeddable":true,"href":"https:\/\/www.europesays.com\/fr\/wp-json\/wp\/v2\/categories?post=363224"},{"taxonomy":"post_tag","embeddable":true,"href":"https:\/\/www.europesays.com\/fr\/wp-json\/wp\/v2\/tags?post=363224"}],"curies":[{"name":"wp","href":"https:\/\/api.w.org\/{rel}","templated":true}]}}