{"id":363226,"date":"2025-09-03T12:30:12","date_gmt":"2025-09-03T12:30:12","guid":{"rendered":"https:\/\/www.europesays.com\/fr\/363226\/"},"modified":"2025-09-03T12:30:12","modified_gmt":"2025-09-03T12:30:12","slug":"margaret-atwood-gagne-une-bataille-contre-la-censure-de-la-servante-ecarlate-dans-des-ecoles-canadiennes-telerama","status":"publish","type":"post","link":"https:\/\/www.europesays.com\/fr\/363226\/","title":{"rendered":"Margaret Atwood gagne une bataille contre la censure de \u201cLa Servante \u00e9carlate\u201d dans des \u00e9coles canadiennes &#8211; T\u00e9l\u00e9rama"},"content":{"rendered":"<ol>\n<li><a href=\"https:\/\/news.google.com\/rss\/articles\/CBMi5gFBVV95cUxNcWk1VkhzazFFRUxhYTc0eTltODJhRk1jWmh2cXJ2Vk11Z09ndm9vZTB1aEdDd1BPVU5GNXl0TVItVmxJXzN4bUJQYXlMSkVDR1RCTHJaMGdDbXU0R2E1bE1OdHRiMWxkUTJra2g1c2piZWI4VDlwQ0dUb3VUVjRUU21mQmJSOUF1YkFDQ1FpazRHUEdyXzFvckx4UWI3ejAxUWNaYWFwWmN2dnFZdnNpcWNtd3lLMnJOeDJoMzdYamliNjlCeHBLRkM4M21LNzJTY2NtVUxCSzZLV0QyMmdTQlJfNVhnUQ?oc=5\" target=\"_blank\" rel=\"nofollow noopener\">Margaret Atwood gagne une bataille contre la censure de \u201cLa Servante \u00e9carlate\u201d dans des \u00e9coles canadiennes<\/a>&nbsp;&nbsp;T\u00e9l\u00e9rama<\/li>\n<li><a href=\"https:\/\/news.google.com\/rss\/articles\/CBMi6AFBVV95cUxOcUFPRXlPN01YbmxKSUZ2MFRNTkZITlU3bzlJaThYU2FhOXh3QWdKY0VfRzhhSWQ5TXF4WjF1NDNuX1JmOXJ0ekd4c3Q3a1d2Z25EcnhwcWc4OWM4REpGNV9VLW9lc0NhS1NmZDFpS0VKMFJtRUhXX0J4MU1PR2NGME5rM3dVcElaRnN0bDZSYnpNaktPekFmYXV4eTJ5ckhCYl9MblBGcUlZVlNpWmJmTmR4aE41ZUpfUi1TSG14WGdZZGpWYUhYUnFwRE5ldWs1Rzl2dm5HTzVuZ28taC05N2xHYlFVUnI0?oc=5\" target=\"_blank\" rel=\"nofollow noopener\">Face \u00e0 l\u2019interdiction de \u201cLa Servante \u00e9carlate\u201d en Alberta, la contre-attaque de Margaret Atwood<\/a>&nbsp;&nbsp;Courrier international<\/li>\n<li><a href=\"https:\/\/news.google.com\/rss\/articles\/CBMi1wFBVV95cUxONDkwWVVpeDhvQVYxaTBqYWJJTXc2SjhXME9jMmpON1lEWVFmZVR1VVFqbHBnQVgtb0kxUms0ZmM5UnJfU1h0cjRLT200VlkydHZ2dGlNbERDeFJYQlRMTWxxcU9ldF9GTDlMRWZTdWdjakxUcjA5WGNlelNUQjZhVTV3MWlnVzdNNzV0R2dwaEVtRGJaRW5yd0k1d1Q3cndnV0pubjkzQ3pzOHZ4bG1JU1JCcFQ1WllpeFMxU2hOZ0NGcnd4cWJTa0JLWEVoSHFYRDQ5SFJKTQ?oc=5\" target=\"_blank\" rel=\"nofollow noopener\">\u00c9mue par une censure de La Servante \u00e9carlate au Canada, Margaret Atwood r\u00e9pond par un texte satirique<\/a>&nbsp;&nbsp;Le Figaro<\/li>\n<li><a href=\"https:\/\/news.google.com\/rss\/articles\/CBMiwAFBVV95cUxNcTI3bVNlSVYzNEdzdWFZQUtRR1d1UTlRWFcwdXN4dEFPaGxONG53TmpSTG5CdjZQT2Z0M0RtUm5SWWt6dE1BM2lGb0R6WDhXY3kwVVlUMHF5TXEzVENwd0haMFpSOHlrZ1pnckk3bjhOS2M1ZENfZ0RKZC0zZVp3OGd5ZFBXX3VnTjVmdkFuVHFNT1ZmaXd6TXdxbUhUMFh1LWNOT0x3TFFMc0FhZlRoN1FEbXBrUzQwcTZjMlNkZ1k?oc=5\" target=\"_blank\" rel=\"nofollow noopener\">Margaret Atwood commente l&rsquo;interdiction de son livre \u00ab\u00a0The Handmaid&rsquo;s Tale\u00a0\u00bb au Canada<\/a>&nbsp;&nbsp;Euronews.com<\/li>\n<li><a href=\"https:\/\/news.google.com\/rss\/articles\/CBMijAFBVV95cUxNREhydDV4OUo3Rnl0SzR2ay1DNmlWY3NiNjFhckE5ZHdiZWV5YmJtYnNNeVpJUzNDZVRmMDBGYVZPeDFDWVVBYzN0bW0wODBuc2V0QmNST1kyZDBMQlBubGhCZXo0Rk1WeUpwV01vaEY5eExUQjNsdV92dmtWVHd3Qk5RV3BoUmJnMUJkOQ?oc=5\" target=\"_blank\" rel=\"nofollow noopener\">L\u2019interdiction des livres \u00e0 caract\u00e8re sexuel est suspendue<\/a>&nbsp;&nbsp;Radio-Canada<\/li>\n<\/ol>\n","protected":false},"excerpt":{"rendered":"Margaret Atwood gagne une bataille contre la censure de \u201cLa Servante \u00e9carlate\u201d dans des \u00e9coles canadiennes&nbsp;&nbsp;T\u00e9l\u00e9rama Face \u00e0&hellip;\n","protected":false},"author":2,"featured_media":363227,"comment_status":"","ping_status":"","sticky":false,"template":"","format":"standard","meta":{"footnotes":""},"categories":[5],"tags":[11,1011,27,14,12,28],"class_list":{"0":"post-363226","1":"post","2":"type-post","3":"status-publish","4":"format-standard","5":"has-post-thumbnail","7":"category-international","8":"tag-actualites","9":"tag-fr","10":"tag-france","11":"tag-international","12":"tag-news","13":"tag-world"},"share_on_mastodon":{"url":"https:\/\/pubeurope.com\/@fr\/115140377008176237","error":""},"_links":{"self":[{"href":"https:\/\/www.europesays.com\/fr\/wp-json\/wp\/v2\/posts\/363226","targetHints":{"allow":["GET"]}}],"collection":[{"href":"https:\/\/www.europesays.com\/fr\/wp-json\/wp\/v2\/posts"}],"about":[{"href":"https:\/\/www.europesays.com\/fr\/wp-json\/wp\/v2\/types\/post"}],"author":[{"embeddable":true,"href":"https:\/\/www.europesays.com\/fr\/wp-json\/wp\/v2\/users\/2"}],"replies":[{"embeddable":true,"href":"https:\/\/www.europesays.com\/fr\/wp-json\/wp\/v2\/comments?post=363226"}],"version-history":[{"count":0,"href":"https:\/\/www.europesays.com\/fr\/wp-json\/wp\/v2\/posts\/363226\/revisions"}],"wp:featuredmedia":[{"embeddable":true,"href":"https:\/\/www.europesays.com\/fr\/wp-json\/wp\/v2\/media\/363227"}],"wp:attachment":[{"href":"https:\/\/www.europesays.com\/fr\/wp-json\/wp\/v2\/media?parent=363226"}],"wp:term":[{"taxonomy":"category","embeddable":true,"href":"https:\/\/www.europesays.com\/fr\/wp-json\/wp\/v2\/categories?post=363226"},{"taxonomy":"post_tag","embeddable":true,"href":"https:\/\/www.europesays.com\/fr\/wp-json\/wp\/v2\/tags?post=363226"}],"curies":[{"name":"wp","href":"https:\/\/api.w.org\/{rel}","templated":true}]}}