{"id":363228,"date":"2025-09-03T12:31:10","date_gmt":"2025-09-03T12:31:10","guid":{"rendered":"https:\/\/www.europesays.com\/fr\/363228\/"},"modified":"2025-09-03T12:31:10","modified_gmt":"2025-09-03T12:31:10","slug":"avant-son-probable-ultime-conseil-des-ministres-francois-bayrou-na-pas-vraiment-tendu-la-main-aux-socialistes-liberation","status":"publish","type":"post","link":"https:\/\/www.europesays.com\/fr\/363228\/","title":{"rendered":"Avant son probable ultime conseil des ministres, Fran\u00e7ois Bayrou n\u2019a pas vraiment tendu la main aux socialistes \u2013 Lib\u00e9ration"},"content":{"rendered":"<p class=\"sc-cPiKLX AiZTS text-element\">La tourn\u00e9e d\u2019adieux se prolonge. Ce mercredi 3 septembre \u00e0 10 heures, a lieu ce qui s\u2019annonce comme le dernier conseil des ministres de Fran\u00e7ois Bayrou en tant que chef de gouvernement. Car tous les partis de gauche et d\u2019extr\u00eame droite, <a href=\"https:\/\/www.liberation.fr\/politique\/confiance-a-bayrou-bruno-retailleau-depasse-par-sa-base-20250902_AEFFU2VYJFBZVER2IQYTLOUD7M\/\" target=\"_blank\" rel=\"noopener\" title=\"https:\/\/www.liberation.fr\/politique\/confiance-a-bayrou-bruno-retailleau-depasse-par-sa-base-20250902_AEFFU2VYJFBZVER2IQYTLOUD7M\/\">et m\u00eame une partie des d\u00e9put\u00e9s Les R\u00e9publicains<\/a>, pourtant membres de sa coalition gouvernementale, ont fait savoir qu\u2019ils voteraient contre la confiance qu\u2019il va requ\u00e9rir devant l\u2019Assembl\u00e9e nationale le lundi 8 septembre, ce qui rend son maintien math\u00e9matiquement impossible. Et ni les consultations men\u00e9es en d\u00e9but de semaine avec les formations volontaires (le PS, Place publique, le PCF, Renaissance, Horizons, LR et le Rassemblement national), ni ses nombreux entretiens et discours donn\u00e9s \u00e7\u00e0 et l\u00e0 depuis une semaine, ne semblent sur le point d\u2019infl\u00e9chir la tendance.<\/p>\n<p class=\"sc-cPiKLX AiZTS text-element\">Et pour cause. Alors qu\u2019Emmanuel Macron a enjoint mardi les boutiques du camp pr\u00e9sidentiel et de la droite qui composent le \u00absocle commun\u00bb <a href=\"https:\/\/www.liberation.fr\/politique\/budget-des-compromis-inevitables-avec-le-ps-si-le-gouvernement-tombe-juge-eric-lombard-20250903_NC2BU4NJNFDS3DWNA3QATWOJ24\/\" target=\"_blank\" rel=\"noopener\" title=\"https:\/\/www.liberation.fr\/politique\/budget-des-compromis-inevitables-avec-le-ps-si-le-gouvernement-tombe-juge-eric-lombard-20250903_NC2BU4NJNFDS3DWNA3QATWOJ24\/\">de s\u2019ouvrir aux socialistes<\/a> pour b\u00e2tir un compromis susceptible de permettre le vote d\u2019un budget &#8211; en prenant soin de pr\u00e9ciser que cela pourrait se faire \u00abapr\u00e8s Bayrou\u00bb, pour qui a tout de m\u00eame appel\u00e9 \u00e0 \u00abla mobilisation g\u00e9n\u00e9rale\u00bb au cours du dernier conseil des ministres &#8211; le locataire de Matignon a pr\u00e9f\u00e9r\u00e9 ironiser dans la matinale de RMC et BFM sur les ambitions du patron du PS. \u00abOlivier Faure pense qu\u2019il peut \u00eatre nomm\u00e9 Premier ministre, la question c\u2019est : avec quelle majorit\u00e9 ?\u00bb s\u2019est amus\u00e9 Fran\u00e7ois Bayrou.<\/p>\n<p class=\"sc-cPiKLX AiZTS text-element\">Le Premier ministre n\u2019a ainsi pas manqu\u00e9 de rappeler que les anciens alli\u00e9s des socialistes avec lesquels ils se sont pr\u00e9sent\u00e9s lors des \u00e9lections l\u00e9gislatives anticip\u00e9es de 2024 dans le cadre du Nouveau Front Populaire, <a href=\"https:\/\/www.liberation.fr\/politique\/hadrien-clouet-depute-lfi-le-ps-voudrait-gouverner-avec-une-majorite-de-66-deputes-ce-nest-pas-serieux-20250901_XBW7QXSWNJEMLDUFRGFL2NDOHE\/\" target=\"_blank\" rel=\"noopener\" title=\"https:\/\/www.liberation.fr\/politique\/hadrien-clouet-depute-lfi-le-ps-voudrait-gouverner-avec-une-majorite-de-66-deputes-ce-nest-pas-serieux-20250901_XBW7QXSWNJEMLDUFRGFL2NDOHE\/\">\u00e0 savoir La France Insoumise<\/a>, les ont fait huer il y a une dizaine de jours lors de leurs universit\u00e9s d\u2019\u00e9t\u00e9. Quant aux propositions \u00e9conomiques des roses, formalis\u00e9es dans un projet de contre-budget, le chef du Modem les a balay\u00e9es d\u2019un revers de la main : \u00abL\u2019id\u00e9e c\u2019est de cr\u00e9er 27 milliards d\u2019imp\u00f4ts qui reposeront sur les entreprises et les investisseurs, vous ne pouvez d\u00e9s\u00e9quilibrer un pays sur sa force de production.\u00bb La taxe Zucman cible pourtant les tr\u00e8s gros patrimoines, et non l\u2019investissement productif.<\/p>\n<p class=\"sc-cPiKLX AiZTS text-element\"><a href=\"https:\/\/www.liberation.fr\/politique\/accule-mais-inflexible-francois-bayrou-brasse-du-vain-20250831_LSZ45N3YQJAYHN2Q7PBC4NHYZM\/\" target=\"_blank\" rel=\"noopener\" title=\"https:\/\/www.liberation.fr\/politique\/accule-mais-inflexible-francois-bayrou-brasse-du-vain-20250831_LSZ45N3YQJAYHN2Q7PBC4NHYZM\/\">Plus enclin \u00e0 disserter sur l\u2019\u00e9tat du monde<\/a> en citant Rudyard Kipling (\u00abl\u2019Est est l\u2019Est, et l\u2019Ouest est l\u2019Ouest, et jamais ils ne se rencontreront\u00bb) qu\u2019\u00e0 rentrer dans le d\u00e9tail des n\u00e9gociations qu\u2019il est cens\u00e9 mener pour tenter de sauver sa peau, Fran\u00e7ois Bayrou s\u2019est m\u00eame agac\u00e9 des questions de la journaliste Apolline de Malherbe. \u00abVous faites des commentaires de dessin anim\u00e9\u00bb, s\u2019est-il \u00e9nerv\u00e9, alors qu\u2019elle le comparait au coyote dans Tex Avery, qui court toujours dans le vide alors que ses pieds ont depuis longtemps d\u00e9j\u00e0 quitt\u00e9 le bord de la falaise. \u00abC\u2019est un vote de constat sur la situation du pays\u00bb, s\u2019est-il born\u00e9 \u00e0 r\u00e9p\u00e9ter au sujet de l\u2019\u00e9ch\u00e9ance du 8 septembre.<\/p>\n<p class=\"sc-cPiKLX AiZTS text-element\">\u00abVous n\u2019avez pas envie de rester lundi sinon vous feriez des gestes\u00bb, a relev\u00e9 Apolline de Malherbe. Il est vrai que Fran\u00e7ois Bayrou n\u2019a m\u00eame pas voulu dire franchement qu\u2019il pourrait renoncer \u00e0 son projet de supprimer deux jours f\u00e9ri\u00e9s. Seulement qu\u2019il \u00e9tait \u00abouvert depuis le d\u00e9but\u00bb, \u00e0 envisager autre chose si une mesure permettant de compenser les 4 milliards d\u2019\u00e9conomies escompt\u00e9es, \u00e9tait mise sur la table.<\/p>\n<p class=\"sc-cPiKLX AiZTS text-element\">Unique r\u00e9elle concession adress\u00e9e au RN et \u00e0 la droite, le Premier ministre a valid\u00e9 mardi <a href=\"https:\/\/www.liberation.fr\/societe\/sante\/le-gouvernement-veut-restreindre-les-soins-pris-en-charge-par-lame-pour-les-etrangers-sans-papiers-selon-des-projets-de-decrets-20250902_BOERJYRXK5AA7EI3KODHRAEJEA\/\" target=\"_blank\" rel=\"noopener\" title=\"https:\/\/www.liberation.fr\/societe\/sante\/le-gouvernement-veut-restreindre-les-soins-pris-en-charge-par-lame-pour-les-etrangers-sans-papiers-selon-des-projets-de-decrets-20250902_BOERJYRXK5AA7EI3KODHRAEJEA\/\">la signature de deux d\u00e9crets pour restreindre les soins pris en charge par l\u2019Aide m\u00e9dicale d\u2019\u00c9tat (AME)<\/a>. Interrog\u00e9 sur sa volont\u00e9, \u00e0 travers cela, de s\u2019attirer la cl\u00e9mence de l\u2019extr\u00eame droite sans l\u2019avoir formul\u00e9 explicitement, Fran\u00e7ois Bayrou affirme que \u00abtous les d\u00e9put\u00e9s sont \u00e9gaux en dignit\u00e9\u00bb. Quant \u00e0 l\u2019\u00e9ventualit\u00e9 que le pr\u00e9sident de la R\u00e9publique prononce une nouvelle dissolution, d\u00e9fendue la veille comme \u00e9tant la seule \u00absolution\u00bb par Nicolas Sarkozy dans le Figaro, le B\u00e9arnais a affirm\u00e9 \u00abne pas croire\u00bb que cela apporterait \u00abplus de clart\u00e9\u00bb.<\/p>\n<p class=\"sc-cPiKLX AiZTS text-element\"><b>Mise \u00e0 jour mercredi 3 septembre<\/b> <b>\u00e0 12h42 <\/b>avec l\u2019appel \u00e0 la mobilisation g\u00e9n\u00e9rale formul\u00e9 par Emmanuel Macron<\/p>\n","protected":false},"excerpt":{"rendered":"La tourn\u00e9e d\u2019adieux se prolonge. Ce mercredi 3 septembre \u00e0 10 heures, a lieu ce qui s\u2019annonce comme&hellip;\n","protected":false},"author":2,"featured_media":363229,"comment_status":"","ping_status":"","sticky":false,"template":"","format":"standard","meta":{"footnotes":""},"categories":[4],"tags":[11,25548,1073,1011,27,431,2759,12,429,25],"class_list":{"0":"post-363228","1":"post","2":"type-post","3":"status-publish","4":"format-standard","5":"has-post-thumbnail","7":"category-france","8":"tag-actualites","9":"tag-budget-public","10":"tag-emmanuel-macron","11":"tag-fr","12":"tag-france","13":"tag-francois-bayrou","14":"tag-modem","15":"tag-news","16":"tag-ps","17":"tag-republique-francaise"},"share_on_mastodon":{"url":"https:\/\/pubeurope.com\/@fr\/115140380857497622","error":""},"_links":{"self":[{"href":"https:\/\/www.europesays.com\/fr\/wp-json\/wp\/v2\/posts\/363228","targetHints":{"allow":["GET"]}}],"collection":[{"href":"https:\/\/www.europesays.com\/fr\/wp-json\/wp\/v2\/posts"}],"about":[{"href":"https:\/\/www.europesays.com\/fr\/wp-json\/wp\/v2\/types\/post"}],"author":[{"embeddable":true,"href":"https:\/\/www.europesays.com\/fr\/wp-json\/wp\/v2\/users\/2"}],"replies":[{"embeddable":true,"href":"https:\/\/www.europesays.com\/fr\/wp-json\/wp\/v2\/comments?post=363228"}],"version-history":[{"count":0,"href":"https:\/\/www.europesays.com\/fr\/wp-json\/wp\/v2\/posts\/363228\/revisions"}],"wp:featuredmedia":[{"embeddable":true,"href":"https:\/\/www.europesays.com\/fr\/wp-json\/wp\/v2\/media\/363229"}],"wp:attachment":[{"href":"https:\/\/www.europesays.com\/fr\/wp-json\/wp\/v2\/media?parent=363228"}],"wp:term":[{"taxonomy":"category","embeddable":true,"href":"https:\/\/www.europesays.com\/fr\/wp-json\/wp\/v2\/categories?post=363228"},{"taxonomy":"post_tag","embeddable":true,"href":"https:\/\/www.europesays.com\/fr\/wp-json\/wp\/v2\/tags?post=363228"}],"curies":[{"name":"wp","href":"https:\/\/api.w.org\/{rel}","templated":true}]}}