{"id":363230,"date":"2025-09-03T12:32:09","date_gmt":"2025-09-03T12:32:09","guid":{"rendered":"https:\/\/www.europesays.com\/fr\/363230\/"},"modified":"2025-09-03T12:32:09","modified_gmt":"2025-09-03T12:32:09","slug":"legislative-partielle-a-paris-frederique-bredin-candidate-de-lunion-de-la-gauche-pour-lhonneur-le-monde-fr","status":"publish","type":"post","link":"https:\/\/www.europesays.com\/fr\/363230\/","title":{"rendered":"L\u00e9gislative partielle \u00e0 Paris : Fr\u00e9d\u00e9rique Bredin candidate de l\u2019union de la gauche \u00ab pour l\u2019honneur \u00bb &#8211; Le Monde.fr"},"content":{"rendered":"<ol>\n<li><a href=\"https:\/\/news.google.com\/rss\/articles\/CBMi_AFBVV95cUxOVmhtNEFsWDQwNzNWRGc5dTJyREUwVGEwU1JiSC1XMUFKTzdZQU1sOXMxaklKdERvQ1J2NTFON0lvc193OUljamcxQ3ZfNTRPQk1JZ3RWNDFlR0FZN0xvMm4zTGxPb2R4Tld3aHNXX0FzaS1XMHA2RXBuT0pUR0JBVno2RnRYc3ViQXZkZHJaTGZCLTRGdFozVmt0UVBrX1AtdHdLWmxtNjgySTYyYmt0Mjl4LTExWWhMNzJyNFZReGRwcGZwU1hsQmo3R1NyZ0VjMHAza3BIQzNLTzBBZVNPbm9TRlBRd1FiMzJMNndBSG10ejR5RGYwVlZtWGM?oc=5\" target=\"_blank\" rel=\"nofollow noopener\">L\u00e9gislative partielle \u00e0 Paris : Fr\u00e9d\u00e9rique Bredin candidate de l\u2019union de la gauche \u00ab pour l\u2019honneur \u00bb<\/a>&nbsp;&nbsp;Le Monde.fr<\/li>\n<li><a href=\"https:\/\/news.google.com\/rss\/articles\/CBMi8AFBVV95cUxORlFMaHBDd1RvWlFmcVk1VGxxWXRhaS1MSGJkS0pteUpHbi1LdTRMLTdnek5BZTFXUUg4azZaeTFkN0pKdUZzWmZxdWk1eVBTbi1LUGo0UUxwUl9VYkVYU1V1c2l5bHM2dmkwTUZGN2pvN09VS0Z0VnZpVUIzYmt2Z2lZRW44V21WS1BlejFvNkREOGxjOVdhS1JvYVI5VHo0bzJZZjlzd1l3TnN0SmhRcy1NX2Mzc2hmZElaY3N1WWJLMWVvWlFfLW42OU5kRDByTWt0UXZxejloRlpRVGVSSGg0RU5pUDF6Mml6bUVBUmE?oc=5\" target=\"_blank\" rel=\"nofollow noopener\">L\u00e9gislative partielle : avant le match Barnier-Bredin, comment ont vot\u00e9 les \u00e9lecteurs de la 2e circonscription de Paris<\/a>&nbsp;&nbsp;Le Figaro<\/li>\n<li><a href=\"https:\/\/news.google.com\/rss\/articles\/CBMizgFBVV95cUxOTU42U2NyZ0xPQzdQMGFKTllnUTNpUm5yOEFFal9nT05heGxUSjZPMFd2TGstaS15anZFak5mYkEwNHVoS0U5RlE3M2QzbTFHdkdMSkFPN21ia1JUV3FEempLdkhpaGhmVkhWXzZKTExwTFBMQjRQb3paYWRlOGI4dUNOUm02VE5fbnFZQmtiTlZOWi1CcjFtV2NwRWpuUWtGWENENFNMMllzbnhKNmxZb09Ia2VqaDJiTXhuVzFBMFZ2LVBlWGNqbFlWdGZmUQ?oc=5\" target=\"_blank\" rel=\"nofollow noopener\">L\u00e9gislatives partielles : les \u00c9cologistes soutiennent le Nouveau Front Populaire<\/a>&nbsp;&nbsp;Les \u00c9cologistes<\/li>\n<li><a href=\"https:\/\/news.google.com\/rss\/articles\/CBMizwFBVV95cUxPSS02eUJGdFpJRk5Ib2pXWkRERFZkekg2RUxjVXA2T19Md3lrT2FJUHhKNDhITjJ1SFBycFBVZEg5LXBzOXo0WEFXS3BRZ0xpb25RVWZvVnlhdXRsdXFmNGw1VjdvR3h2TUNnZy12cDF2S3BTaVBmUWxFNUlVZGpJMFQzVWlRdFhwT3oxUjdqa2ZPU0Y1WFZ5aS11WEZYT1ZWWW13RExVNmhBZ0twNTR2NjZmeGlJMGJFQnlFYXFwck13aXRSU0ljc3FRdEdMelk?oc=5\" target=\"_blank\" rel=\"nofollow noopener\">L\u00e9gislatives partielles : les \u00e9colos jugent le PS \u00abirresponsable\u00bb<\/a>&nbsp;&nbsp;Lib\u00e9ration<\/li>\n<li><a href=\"https:\/\/news.google.com\/rss\/articles\/CBMiqgJBVV95cUxOb2l6S2d3NC04M1dCc2lCWkFleVRzWXJsRTJoUUczbTRMbmtIUFFwbVlTNy1SRndDMFlEcEExbFN1aVgxM2NCd3Rla0t4TUtweThEdzZWaDVQZk1ReldKd1FSOTlIdXZpZmxvLUFJV09TdXlSblJoU0cxeTRVV2NvOWQ0SG5yakItYnUxYUZreUFsUnl4aVNmM09Gc2xPOWhYRVpUQ0l6VFM1MWl0UDljcTZvenhFMHUxMkg2UXJYaXl3NndYOG02N3ZDdEFfOEQ1VTd0b0REbEZVaDREcXY3cWRqTFdRVmVvVS1pWk9ic0RWY2NpX3pHN09PM2xsQXFoMjU5Ny1kSUpJTVFzdENDNjAwdG9tbUc1azhsRGVuVXNHUWNfRmRQalZ3?oc=5\" target=\"_blank\" rel=\"nofollow noopener\">L\u00e9gislative partielle \u00e0 Paris : l\u2019ex-ministre Fr\u00e9d\u00e9rique Bredin se lance contre Michel Barnier, \u00ab symbole de l\u2019\u00e9chec gouvernemental<\/a>&nbsp;&nbsp;Le Parisien<\/li>\n<\/ol>\n","protected":false},"excerpt":{"rendered":"L\u00e9gislative partielle \u00e0 Paris : Fr\u00e9d\u00e9rique Bredin candidate de l\u2019union de la gauche \u00ab pour l\u2019honneur \u00bb&nbsp;&nbsp;Le Monde.fr&hellip;\n","protected":false},"author":2,"featured_media":1445,"comment_status":"","ping_status":"","sticky":false,"template":"","format":"standard","meta":{"footnotes":""},"categories":[2],"tags":[11,1011,27,12],"class_list":{"0":"post-363230","1":"post","2":"type-post","3":"status-publish","4":"format-standard","5":"has-post-thumbnail","7":"category-actualites","8":"tag-actualites","9":"tag-fr","10":"tag-france","11":"tag-news"},"share_on_mastodon":{"url":"https:\/\/pubeurope.com\/@fr\/115140384651570727","error":""},"_links":{"self":[{"href":"https:\/\/www.europesays.com\/fr\/wp-json\/wp\/v2\/posts\/363230","targetHints":{"allow":["GET"]}}],"collection":[{"href":"https:\/\/www.europesays.com\/fr\/wp-json\/wp\/v2\/posts"}],"about":[{"href":"https:\/\/www.europesays.com\/fr\/wp-json\/wp\/v2\/types\/post"}],"author":[{"embeddable":true,"href":"https:\/\/www.europesays.com\/fr\/wp-json\/wp\/v2\/users\/2"}],"replies":[{"embeddable":true,"href":"https:\/\/www.europesays.com\/fr\/wp-json\/wp\/v2\/comments?post=363230"}],"version-history":[{"count":0,"href":"https:\/\/www.europesays.com\/fr\/wp-json\/wp\/v2\/posts\/363230\/revisions"}],"wp:featuredmedia":[{"embeddable":true,"href":"https:\/\/www.europesays.com\/fr\/wp-json\/wp\/v2\/media\/1445"}],"wp:attachment":[{"href":"https:\/\/www.europesays.com\/fr\/wp-json\/wp\/v2\/media?parent=363230"}],"wp:term":[{"taxonomy":"category","embeddable":true,"href":"https:\/\/www.europesays.com\/fr\/wp-json\/wp\/v2\/categories?post=363230"},{"taxonomy":"post_tag","embeddable":true,"href":"https:\/\/www.europesays.com\/fr\/wp-json\/wp\/v2\/tags?post=363230"}],"curies":[{"name":"wp","href":"https:\/\/api.w.org\/{rel}","templated":true}]}}