{"id":363235,"date":"2025-09-03T12:35:27","date_gmt":"2025-09-03T12:35:27","guid":{"rendered":"https:\/\/www.europesays.com\/fr\/363235\/"},"modified":"2025-09-03T12:35:27","modified_gmt":"2025-09-03T12:35:27","slug":"retour-sur-pre-rentree-preparation-aux-etudes-de-sante-pass-la-s-factuel","status":"publish","type":"post","link":"https:\/\/www.europesays.com\/fr\/363235\/","title":{"rendered":"[RETOUR SUR] &#8211; Pr\u00e9-rentr\u00e9e : pr\u00e9paration aux \u00e9tudes de sant\u00e9 PASS &#038; LA.S &#8211; Factuel"},"content":{"rendered":"<p>Temps de lecture : 1 minute<\/p>\n<p>Du 25 au 29 ao\u00fbt 2025, le Tutorat Sant\u00e9 Lorraine a organis\u00e9 sa pr\u00e9-rentr\u00e9e \u201cpr\u00e9paration aux \u00e9tudes de sant\u00e9 PASS &amp; LA.S\u201d qui a accueilli pr\u00e8s de 400 \u00e9tudiant\u00b7es sur le campus Brabois Sant\u00e9 \u00e0 nancy et le campus Bridoux \u00e0 Metz.<\/p>\n<p>Au programme de cette riche semaine : enseignements dirig\u00e9s, cours magistraux, colle sur la plateforme UNESS utilis\u00e9e le jour des examens mais \u00e9galement visite du campus ou de la biblioth\u00e8que universitaire. Un forum des fili\u00e8res, avec la pr\u00e9sence des corpos \u00e9tudiantes, \u00e9tait \u00e9galement propos\u00e9 : ma\u00efeutique, m\u00e9decine, odontologie, pharmacie, kin\u00e9sith\u00e9rapie et ergoth\u00e9rapie.<\/p>\n<\/p>\n<p>Le <a href=\"https:\/\/www.tutoweb.net\/\" target=\"_blank\" rel=\"noopener nofollow\">Tutorat Sant\u00e9 Lorraine<\/a> est une association b\u00e9n\u00e9vole \u00e0 but non lucratif, compos\u00e9e d\u2019\u00e9tudiant\u00b7es en ann\u00e9es sup\u00e9rieures d\u2019\u00e9tudes de sant\u00e9. Elle vise \u00e0 pr\u00e9parer les \u00e9tudiant\u00b7es du Parcours d\u2019Acc\u00e8s Sant\u00e9 Sp\u00e9cifique (PASS) et de la Licence avec Acc\u00e8s Sant\u00e9 (L.AS) \u00e0 leurs examens de fin de semestre.<\/p>\n<p><\/p>\n","protected":false},"excerpt":{"rendered":"Temps de lecture : 1 minute Du 25 au 29 ao\u00fbt 2025, le Tutorat Sant\u00e9 Lorraine a organis\u00e9&hellip;\n","protected":false},"author":2,"featured_media":363236,"comment_status":"","ping_status":"","sticky":false,"template":"","format":"standard","meta":{"footnotes":""},"categories":[9635],"tags":[1111,11,1777,674,1011,27,775,1702,12,25],"class_list":{"0":"post-363235","1":"post","2":"type-post","3":"status-publish","4":"format-standard","5":"has-post-thumbnail","7":"category-nancy","8":"tag-actu","9":"tag-actualites","10":"tag-eu","11":"tag-europe","12":"tag-fr","13":"tag-france","14":"tag-grand-est","15":"tag-nancy","16":"tag-news","17":"tag-republique-francaise"},"share_on_mastodon":{"url":"https:\/\/pubeurope.com\/@fr\/115140396632070690","error":""},"_links":{"self":[{"href":"https:\/\/www.europesays.com\/fr\/wp-json\/wp\/v2\/posts\/363235","targetHints":{"allow":["GET"]}}],"collection":[{"href":"https:\/\/www.europesays.com\/fr\/wp-json\/wp\/v2\/posts"}],"about":[{"href":"https:\/\/www.europesays.com\/fr\/wp-json\/wp\/v2\/types\/post"}],"author":[{"embeddable":true,"href":"https:\/\/www.europesays.com\/fr\/wp-json\/wp\/v2\/users\/2"}],"replies":[{"embeddable":true,"href":"https:\/\/www.europesays.com\/fr\/wp-json\/wp\/v2\/comments?post=363235"}],"version-history":[{"count":0,"href":"https:\/\/www.europesays.com\/fr\/wp-json\/wp\/v2\/posts\/363235\/revisions"}],"wp:featuredmedia":[{"embeddable":true,"href":"https:\/\/www.europesays.com\/fr\/wp-json\/wp\/v2\/media\/363236"}],"wp:attachment":[{"href":"https:\/\/www.europesays.com\/fr\/wp-json\/wp\/v2\/media?parent=363235"}],"wp:term":[{"taxonomy":"category","embeddable":true,"href":"https:\/\/www.europesays.com\/fr\/wp-json\/wp\/v2\/categories?post=363235"},{"taxonomy":"post_tag","embeddable":true,"href":"https:\/\/www.europesays.com\/fr\/wp-json\/wp\/v2\/tags?post=363235"}],"curies":[{"name":"wp","href":"https:\/\/api.w.org\/{rel}","templated":true}]}}