{"id":363241,"date":"2025-09-03T12:38:10","date_gmt":"2025-09-03T12:38:10","guid":{"rendered":"https:\/\/www.europesays.com\/fr\/363241\/"},"modified":"2025-09-03T12:38:10","modified_gmt":"2025-09-03T12:38:10","slug":"%f0%9f%87%ab%f0%9f%87%b7-toulon-le-corps-sans-vie-dun-policier-a-ete-retrouve-dans-leau-avec-une-cagoule-sur-la-tete-et-les-pieds-et-mains-entraves","status":"publish","type":"post","link":"https:\/\/www.europesays.com\/fr\/363241\/","title":{"rendered":"\ud83c\uddeb\ud83c\uddf7 Toulon. Le corps sans vie d\u2019un policier a \u00e9t\u00e9 retrouv\u00e9, dans l\u2019eau, avec une cagoule sur la t\u00eate et les pieds et mains entrav\u00e9s"},"content":{"rendered":"<p>\u00c0 Toulon, le corps d\u2019un policier affect\u00e9 \u00e0 l\u2019Office anti-stup\u00e9fiants a \u00e9t\u00e9 d\u00e9couvert dans l\u2019anse Magaud, cagoul\u00e9 et entrav\u00e9. Malgr\u00e9 les circonstances troublantes, le parquet privil\u00e9gie la th\u00e8se du suicide.<\/p>\n<p><img loading=\"lazy\" data-recalc-dims=\"1\" decoding=\"async\" width=\"640\" height=\"320\" data-attachment-id=\"175658\" data-permalink=\"https:\/\/policeetrealites.com\/hhhhhhhhhhhhhhh\/\" data-orig-file=\"https:\/\/i0.wp.com\/policeetrealites.com\/wp-content\/uploads\/2021\/05\/hhhhhhhhhhhhhhh.jpg?fit=870%2C435&amp;ssl=1\" data-orig-size=\"870,435\" data-comments-opened=\"0\" data-image-meta=\"{&quot;aperture&quot;:&quot;0&quot;,&quot;credit&quot;:&quot;Getty Images&quot;,&quot;camera&quot;:&quot;&quot;,&quot;caption&quot;:&quot;&quot;,&quot;created_timestamp&quot;:&quot;0&quot;,&quot;copyright&quot;:&quot;&quot;,&quot;focal_length&quot;:&quot;0&quot;,&quot;iso&quot;:&quot;0&quot;,&quot;shutter_speed&quot;:&quot;0&quot;,&quot;title&quot;:&quot;&quot;,&quot;orientation&quot;:&quot;0&quot;}\" data-image-title=\"forces de l\u2019ordre en deuil\" data-image-description=\"\" data-image-caption=\"\" data-medium-file=\"https:\/\/i0.wp.com\/policeetrealites.com\/wp-content\/uploads\/2021\/05\/hhhhhhhhhhhhhhh.jpg?fit=300%2C150&amp;ssl=1\" data-large-file=\"https:\/\/i0.wp.com\/policeetrealites.com\/wp-content\/uploads\/2021\/05\/hhhhhhhhhhhhhhh.jpg?fit=640%2C320&amp;ssl=1\" src=\"https:\/\/www.europesays.com\/fr\/wp-content\/uploads\/2025\/09\/hhhhhhhhhhhhhhh.jpg\" alt=\"\" class=\"wp-image-175658\"\/><\/p>\n<p>Le corps d\u00e9couvert dans l\u2019anse Magaud<\/p>\n<p class=\"p3\">Ce mercredi 3 septembre, selon les informations de <a href=\"https:\/\/www.bfmtv.com\/var\/un-policier-retrouve-mort-avec-les-pieds-et-mains-entraves-a-toulon-la-these-du-suicide-privilegiee_AN-202509030542.html\" target=\"_blank\" rel=\"noreferrer noopener nofollow\">BFMTV<\/a>, un policier a \u00e9t\u00e9 retrouv\u00e9 mort dans l\u2019eau \u00e0 Toulon (Var). Originaire de l\u2019aire toulonnaise et en poste \u00e0 l\u2019Office anti-stup\u00e9fiants de Nanterre, il a \u00e9t\u00e9 d\u00e9couvert dans l\u2019anse Magaud, une zone littorale de la ville.<\/p>\n<p class=\"p3\">Selon les premiers \u00e9l\u00e9ments, l\u2019homme portait une cagoule et avait les mains ainsi que les pieds entrav\u00e9s. Des effets personnels li\u00e9s \u00e0 sa profession ont \u00e9galement \u00e9t\u00e9 retrouv\u00e9s sur la rive.<\/p>\n<p>Des circonstances intrigantes<\/p>\n<p class=\"p3\">Si la sc\u00e8ne peut sembler interpeller, le procureur de la R\u00e9publique de Toulon a d\u00e9clar\u00e9 \u00e0 Ici Provence que \u00ab tout indique qu\u2019il s\u2019agit d\u2019un suicide \u00bb. Une enqu\u00eate a n\u00e9anmoins \u00e9t\u00e9 ouverte pour v\u00e9rifier cette hypoth\u00e8se et pr\u00e9ciser les circonstances exactes du d\u00e9c\u00e8s.<\/p>\n<p>Un policier exp\u00e9riment\u00e9<\/p>\n<p class=\"p3\">La victime, affect\u00e9e \u00e0 l\u2019Office anti-stup\u00e9fiants (OFAST) de Nanterre, travaillait sur des dossiers sensibles. Sa d\u00e9couverte dans de telles conditions suscite une forte \u00e9motion dans la profession et dans la r\u00e9gion toulonnaise, o\u00f9 il avait ses attaches.<\/p>\n<p>Une enqu\u00eate toujours en cours<\/p>\n<p class=\"p3\">Les investigations se poursuivent afin d\u2019\u00e9carter toute autre piste. Les autorit\u00e9s cherchent \u00e0 comprendre comment l\u2019agent s\u2019est retrouv\u00e9 dans cette situation et \u00e0 confirmer le caract\u00e8re volontaire de son geste.<\/p>\n<p>J\u2019aime \u00e7a\u00a0:<\/p>\n<p>J\u2019aime chargement\u2026<\/p>\n<p><a class=\"sd-link-color\"\/><\/p>\n<p>\tEn savoir plus sur Police &amp; R\u00e9alit\u00e9s<\/p>\n<p class=\"has-text-align-center\" style=\"margin-top:10px;margin-bottom:10px;font-size:15px\">Subscribe to get the latest posts sent to your email.<\/p>\n<p>\t\tContinue Reading<\/p>\n","protected":false},"excerpt":{"rendered":"\u00c0 Toulon, le corps d\u2019un policier affect\u00e9 \u00e0 l\u2019Office anti-stup\u00e9fiants a \u00e9t\u00e9 d\u00e9couvert dans l\u2019anse Magaud, cagoul\u00e9 et&hellip;\n","protected":false},"author":2,"featured_media":363242,"comment_status":"","ping_status":"","sticky":false,"template":"","format":"standard","meta":{"footnotes":""},"categories":[9619],"tags":[1111,11,1777,674,1011,27,12,882,25,2310],"class_list":{"0":"post-363241","1":"post","2":"type-post","3":"status-publish","4":"format-standard","5":"has-post-thumbnail","7":"category-toulon","8":"tag-actu","9":"tag-actualites","10":"tag-eu","11":"tag-europe","12":"tag-fr","13":"tag-france","14":"tag-news","15":"tag-provence-alpes-cote-dazur","16":"tag-republique-francaise","17":"tag-toulon"},"share_on_mastodon":{"url":"https:\/\/pubeurope.com\/@fr\/115140409009312732","error":""},"_links":{"self":[{"href":"https:\/\/www.europesays.com\/fr\/wp-json\/wp\/v2\/posts\/363241","targetHints":{"allow":["GET"]}}],"collection":[{"href":"https:\/\/www.europesays.com\/fr\/wp-json\/wp\/v2\/posts"}],"about":[{"href":"https:\/\/www.europesays.com\/fr\/wp-json\/wp\/v2\/types\/post"}],"author":[{"embeddable":true,"href":"https:\/\/www.europesays.com\/fr\/wp-json\/wp\/v2\/users\/2"}],"replies":[{"embeddable":true,"href":"https:\/\/www.europesays.com\/fr\/wp-json\/wp\/v2\/comments?post=363241"}],"version-history":[{"count":0,"href":"https:\/\/www.europesays.com\/fr\/wp-json\/wp\/v2\/posts\/363241\/revisions"}],"wp:featuredmedia":[{"embeddable":true,"href":"https:\/\/www.europesays.com\/fr\/wp-json\/wp\/v2\/media\/363242"}],"wp:attachment":[{"href":"https:\/\/www.europesays.com\/fr\/wp-json\/wp\/v2\/media?parent=363241"}],"wp:term":[{"taxonomy":"category","embeddable":true,"href":"https:\/\/www.europesays.com\/fr\/wp-json\/wp\/v2\/categories?post=363241"},{"taxonomy":"post_tag","embeddable":true,"href":"https:\/\/www.europesays.com\/fr\/wp-json\/wp\/v2\/tags?post=363241"}],"curies":[{"name":"wp","href":"https:\/\/api.w.org\/{rel}","templated":true}]}}