{"id":363243,"date":"2025-09-03T12:39:14","date_gmt":"2025-09-03T12:39:14","guid":{"rendered":"https:\/\/www.europesays.com\/fr\/363243\/"},"modified":"2025-09-03T12:39:14","modified_gmt":"2025-09-03T12:39:14","slug":"mgr-francois-bustillo-etait-de-passage-dans-notre-diocese","status":"publish","type":"post","link":"https:\/\/www.europesays.com\/fr\/363243\/","title":{"rendered":"Mgr Fran\u00e7ois Bustillo \u00e9tait de passage dans notre dioc\u00e8se"},"content":{"rendered":"<p>Le dernier week-end du mois d\u2019ao\u00fbt est traditionnellement marqu\u00e9, dans le dioc\u00e8se de Montpellier, par deux temps forts particuli\u00e8rement attendus : La f\u00eate des Miracles \u00e0 Notre-Dame des Tables (Montpellier) et la f\u00eate de la Saint Augustin de La Grande-Motte.<\/p>\n<p>Cette ann\u00e9e, ces c\u00e9l\u00e9brations r\u00e9sonnaient de mani\u00e8re particuli\u00e8re, puisque, r\u00e9pondant \u00e0 l\u2019invitation de Mgr Norbert Turini (dont c\u2019\u00e9tait l\u2019anniversaire), le Cardinal Fran\u00e7ois Bustillo, \u00e9v\u00eaque d\u2019Ajaccio, s\u2019est joint aux festivit\u00e9s.<\/p>\n<p>\t\t\t\t<img fetchpriority=\"high\" decoding=\"async\" width=\"500\" height=\"219\" src=\"https:\/\/www.europesays.com\/fr\/wp-content\/uploads\/2025\/09\/Mgr-Bustillo-et-Mgr-Turini.jpg\" alt=\"\" title=\"Mgr-Bustillo-et-Mgr-Turini\"   class=\"wp-image-22266\"\/><\/p>\n<p style=\"text-align: center;\">Cliquer sur la photo pour acc\u00e9der \u00e0 l\u2019album de la c\u00e9l\u00e9bration \u00e0 Notre-Dame des Tables (30 ao\u00fbt 2025)<\/p>\n<p>\t\t\t\t<a href=\"https:\/\/www.flickr.com\/photos\/eglisecatholiqueherault\/albums\/72177720328775230\" target=\"_blank\" rel=\"noopener nofollow\"><img loading=\"lazy\" decoding=\"async\" width=\"521\" height=\"800\" src=\"https:\/\/www.europesays.com\/fr\/wp-content\/uploads\/2025\/09\/54762713319_93ac2fb4d7_c.jpg\" alt=\"\" title=\"54762713319_93ac2fb4d7_c\"   class=\"wp-image-22265\"\/><\/a><\/p>\n<p style=\"text-align: center;\">Cliquer sur la photo pour acc\u00e9der \u00e0 l\u2019album de la c\u00e9l\u00e9bration \u00e0 la Grande-Motte (31 ao\u00fbt 2025)<\/p>\n<p>\t\t\t\t<a href=\"https:\/\/www.flickr.com\/photos\/eglisecatholiqueherault\/albums\/72177720328804289\" target=\"_blank\" rel=\"noopener nofollow\"><img loading=\"lazy\" decoding=\"async\" width=\"1707\" height=\"2560\" src=\"https:\/\/www.europesays.com\/fr\/wp-content\/uploads\/2025\/09\/LGM-Cardinal-Bustillo34-scaled.jpg\" alt=\"\" title=\"la grande motte avec Cardinal Bustillo 31 08 2025\"   class=\"wp-image-22267\"\/><\/a><\/p>\n","protected":false},"excerpt":{"rendered":"Le dernier week-end du mois d\u2019ao\u00fbt est traditionnellement marqu\u00e9, dans le dioc\u00e8se de Montpellier, par deux temps forts&hellip;\n","protected":false},"author":2,"featured_media":363244,"comment_status":"","ping_status":"","sticky":false,"template":"","format":"standard","meta":{"footnotes":""},"categories":[9599],"tags":[1111,11,1777,674,1011,27,2208,12,2680,25],"class_list":{"0":"post-363243","1":"post","2":"type-post","3":"status-publish","4":"format-standard","5":"has-post-thumbnail","7":"category-montpellier","8":"tag-actu","9":"tag-actualites","10":"tag-eu","11":"tag-europe","12":"tag-fr","13":"tag-france","14":"tag-montpellier","15":"tag-news","16":"tag-occitanie","17":"tag-republique-francaise"},"share_on_mastodon":{"url":"https:\/\/pubeurope.com\/@fr\/115140412414465781","error":""},"_links":{"self":[{"href":"https:\/\/www.europesays.com\/fr\/wp-json\/wp\/v2\/posts\/363243","targetHints":{"allow":["GET"]}}],"collection":[{"href":"https:\/\/www.europesays.com\/fr\/wp-json\/wp\/v2\/posts"}],"about":[{"href":"https:\/\/www.europesays.com\/fr\/wp-json\/wp\/v2\/types\/post"}],"author":[{"embeddable":true,"href":"https:\/\/www.europesays.com\/fr\/wp-json\/wp\/v2\/users\/2"}],"replies":[{"embeddable":true,"href":"https:\/\/www.europesays.com\/fr\/wp-json\/wp\/v2\/comments?post=363243"}],"version-history":[{"count":0,"href":"https:\/\/www.europesays.com\/fr\/wp-json\/wp\/v2\/posts\/363243\/revisions"}],"wp:featuredmedia":[{"embeddable":true,"href":"https:\/\/www.europesays.com\/fr\/wp-json\/wp\/v2\/media\/363244"}],"wp:attachment":[{"href":"https:\/\/www.europesays.com\/fr\/wp-json\/wp\/v2\/media?parent=363243"}],"wp:term":[{"taxonomy":"category","embeddable":true,"href":"https:\/\/www.europesays.com\/fr\/wp-json\/wp\/v2\/categories?post=363243"},{"taxonomy":"post_tag","embeddable":true,"href":"https:\/\/www.europesays.com\/fr\/wp-json\/wp\/v2\/tags?post=363243"}],"curies":[{"name":"wp","href":"https:\/\/api.w.org\/{rel}","templated":true}]}}