{"id":363245,"date":"2025-09-03T12:40:18","date_gmt":"2025-09-03T12:40:18","guid":{"rendered":"https:\/\/www.europesays.com\/fr\/363245\/"},"modified":"2025-09-03T12:40:18","modified_gmt":"2025-09-03T12:40:18","slug":"sante-lalliance-de-nimes-et-de-montpellier-pour-un-territoire-innovant","status":"publish","type":"post","link":"https:\/\/www.europesays.com\/fr\/363245\/","title":{"rendered":"SANT\u00c9 L\u2019alliance de N\u00eemes et de Montpellier pour un territoire innovant"},"content":{"rendered":"<p>\u00ab Recherche et innovation : une dynamique commune CHU de N\u00eemes \u2013 universit\u00e9 de Montpellier \u00bb<\/p>\n<p>\n\t<img decoding=\"async\" src=\"https:\/\/www.europesays.com\/fr\/wp-content\/uploads\/2025\/09\/1756903213_547_image.jpg\" alt=\"CHU N\u00eemes-Montpellier axes et innovation (Photo Anthony Maurin)\"\/><\/p>\n<p>\t\t\t\t\tL&rsquo;entente entre les CHU de\u00a0N\u00eemes et de Montpellier ouvre un bel avenir aux patients locaux\u00a0(Photo Anthony Maurin)<\/p>\n<p>\u00c9taient pr\u00e9sent\u00e9s, en afterwork, des axes de recherche et des projets du CHU de N\u00eemes laur\u00e9ats des dispositifs d&rsquo;accompagnement du P\u00f4le universitaire d&rsquo;innovation de Montpellier en 2025. Suivait le lancement de l&rsquo;appel \u00e0 projets \u00ab Recherche translationnelle \u00bb commun UM-CHU de N\u00eemes.<\/p>\n<p>Pour Fr\u00e9d\u00e9ric Rimattei, directeur g\u00e9n\u00e9ral du CHU de N\u00eemes : \u00ab Avec Montpellier, nous avons une envie commune fort structurante au service de l&rsquo;innovation et de la recherche. Ensemble, avec cet objectif, nous avons choisi de transformer la vitalit\u00e9 acad\u00e9mique et hospitali\u00e8re universitaire de nos territoires en un v\u00e9ritable levier de d\u00e9veloppement d&rsquo;attractivit\u00e9 pour l&rsquo;ensemble des pratiques. \u00bb<\/p>\n<p>\n\t<img decoding=\"async\" src=\"https:\/\/www.europesays.com\/fr\/wp-content\/uploads\/2025\/09\/1756903214_621_image.jpg\" alt=\"CHU N\u00eemes-Montpellier axes et innovation (Photo Anthony Maurin)\"\/><\/p>\n<p>\t\t\t\t\tFr\u00e9d\u00e9ric Rimattei (Photo Anthony Maurin)<\/p>\n<p>Chaque ann\u00e9e, il faut dire que le CHU de N\u00eemes consacre plus trois millions et demi d&rsquo;euros \u00e0 la recherche et \u00e0 l\u2019innovation dans le cadre d&rsquo;un plan nomm\u00e9 Pari 2030. La structure m\u00e8ne un travail de fond et les moyens doivent les accompagner\u2026 Les r\u00e9sultats ? Accentuer le r\u00f4le de l\u2019impression 3D, approfondir des applications connect\u00e9es pour accompagner les soins \u00e0 domicile, nouveaux \u00e9tuis p\u00e9niens, les start-up ont de quoi dire et faire si on leur met le pied \u00e0 l\u2019\u00e9trier.<\/p>\n<p>\u00ab Le CHU illustre notre volont\u00e9 d&rsquo;ancrer l&rsquo;innovation au c\u0153ur m\u00eame de l&rsquo;h\u00f4pital et de son territoire gr\u00e2ce \u00e0 cette richesse, nous devons l&rsquo;exploiter encore davantage ! Je crois que nos \u00e9changes d&rsquo;aujourd&rsquo;hui serviront \u00e0 d\u00e9velopper des projets translationnels conjoints. \u00bb<\/p>\n<p>Ici, on constate un \u00e9cosyst\u00e8me particuli\u00e8rement brillant et actif. Une saine ambition, claire et continue, un moteur pour la recherche et l&rsquo;innovation en sant\u00e9 au service du territoire.<\/p>\n<p>\n\t<img decoding=\"async\" src=\"https:\/\/www.europesays.com\/fr\/wp-content\/uploads\/2025\/09\/1756903215_76_image.jpg\" alt=\"CHU N\u00eemes-Montpellier axes et innovation (Photo Anthony Maurin)\"\/><\/p>\n<p>\t\t\t\t\tXavier Garric (Photo Anthony Maurin)<\/p>\n<p>\u00ab Tout cela t\u00e9moigne de notre conviction \u00e0 partager l&rsquo;innovation en sant\u00e9, c\u2019est une n\u00e9cessit\u00e9 pour qu&rsquo;elle am\u00e9liore, chaque jour, le parcours de soins de nos malades et les conditions de travail des professionnels de sant\u00e9. Je souhaite donc remercier chaleureusement toutes celles et ceux d&rsquo;entre vous qui contribuent \u00e0 cette dynamique. \u00bb<\/p>\n<p>\u00c9voquant cette initiative qui t\u00e9moigne d&rsquo;un nouveau dynamisme insuffl\u00e9, Michel Prudhomme, pr\u00e9sident de la Commission m\u00e9dicale d&rsquo;\u00e9tablissement (CME) du CHU de N\u00eemes, poursuit : \u00ab Tout cela cr\u00e9e un environnement propice \u00e0 l&rsquo;obtention de financements nationaux et internationaux. Merci \u00e0 l&rsquo;ensemble des chercheurs et des enseignants. Cette convergence entre la recherche fondamentale et la recherche est unique en France. C&rsquo;est un signal fort qui nous rassure et qui nous oblige, non pas les uns et les autres mais les uns avec les autres, \u00e0 faire perdurer cette dynamique entre le CHU et notre universit\u00e9. C\u2019est un moment historique. \u00bb<\/p>\n<p>\n\t<img decoding=\"async\" src=\"https:\/\/www.europesays.com\/fr\/wp-content\/uploads\/2025\/09\/1756903217_851_image.jpg\" alt=\"CHU N\u00eemes-Montpellier axes et innovation (Photo Anthony Maurin)\"\/><\/p>\n<p>\t\t\t\t\tPhilippe Combette\u00a0(Photo Anthony Maurin)<\/p>\n<p>Au tour de Philippe Aug\u00e9, pr\u00e9sident de l&rsquo;universit\u00e9 de Montpellier, de prendre la parole : \u00ab Il faut faire en sorte que leurs recherches se transforment en innovation, pas en une id\u00e9e abstraite. Notre volont\u00e9 est de travailler ensemble, de faire ensemble gr\u00e2ce \u00e0 des synergies locales pour permettre un d\u00e9veloppement de ces collaborations. \u00bb<\/p>\n<p>L\u2019\u00e9cosyst\u00e8me tiss\u00e9 entre N\u00eemes et Montpellier d\u00e9veloppe une belle visibilit\u00e9 qui constitue l\u2019imagine, rare, qui permet de d\u00e9crocher des financements inesp\u00e9r\u00e9s sans cet effort commun.<\/p>\n<p>Vint ensuite la pr\u00e9sentation des strat\u00e9gies \u00ab innovation \u00bb du Chu de N\u00eemes et de Montpellier. Avec Xavier Garric, r\u00e9f\u00e9rent innovation du CHU de N\u00eemes et Philippe Combette, vice-pr\u00e9sident \u00ab Partenariats et Innovation \u00bb de l&rsquo;Universit\u00e9 de Montpellier.<\/p>\n<p>\n\t<img decoding=\"async\" src=\"https:\/\/www.europesays.com\/fr\/wp-content\/uploads\/2025\/09\/1756903217_668_image.jpg\" alt=\"CHU N\u00eemes-Montpellier axes et innovation (Photo Anthony Maurin)\"\/><\/p>\n<p>\t\t\t\t\tXavier Garric (Photo Anthony Maurin)<\/p>\n<p>Xavier Garric a pr\u00e9sent\u00e9 le projet \u00ab Peasy \u00bb. Le projet \u00ab DM Connect \u00bb l\u2019a \u00e9t\u00e9 par Laure Roux, laur\u00e9ate du Booster Innovation Montpellier (BIM) et la \u00ab Plateforme hospitali\u00e8re d\u2019innovation pharmaceutique a \u00e9t\u00e9 pass\u00e9 en revue par Ian Soulairol, laur\u00e9at de l&rsquo;appel \u00e0 projet In-Lab Engineering (ILE).<\/p>\n<p>Jean-Philippe Lavigne, vice-pr\u00e9sident Recherche du CHU de N\u00eemes, mais aussi vice-doyen de la Facult\u00e9 de M\u00e9decine Montpellier-N\u00eemes a pr\u00e9sent\u00e9 des axes de recherche (pari 2030) du CHU de N\u00eemes. Quatre th\u00e9matiques principales avec en priorit\u00e9s les infections, l&rsquo;immunit\u00e9, la thrombo-inflammation et la sant\u00e9 de la femme.<\/p>\n<p>Du c\u00f4t\u00e9 des neurosciences, l\u00e0 aussi, quatre th\u00e9matiques constitutives. Les biomarqueurs (diagnostic et pronostic), les th\u00e9rapies innovantes et la compr\u00e9hension de leurs m\u00e9canismes. Les interactions entre environnement et physiopathologie. Enfin, la recherche interdisciplinaire n d\u00e9veloppement.<\/p>\n<p>Le parcours patient personnalis\u00e9 en oncologie est, lui aussi, \u00e0 l&rsquo;ordre du jour avec trois th\u00e9matiques sp\u00e9cifiques. La pr\u00e9diction de r\u00e9ponse et biomarqueurs, la th\u00e9rapie guid\u00e9e par l&rsquo;image et l&rsquo;optimisation th\u00e9rapeutique du parcours de soins.<\/p>\n<p>\n\t<img decoding=\"async\" src=\"https:\/\/www.europesays.com\/fr\/wp-content\/uploads\/2025\/09\/1756903218_382_image.jpg\" alt=\"CHU N\u00eemes-Montpellier axes et innovation (Photo Anthony Maurin)\"\/><\/p>\n<p>\t\t\t\t\tLaure Roux (Photo Anthony Maurin)<\/p>\n<p>L&rsquo;opticritic ? Ce sont les optimisations th\u00e9rapeutiques du patient critique ! Quatre axes avec les optimisations des th\u00e9rapeutiques et h\u00e9modynamiques, les optimisations des th\u00e9rapeutiques interventionnelles du patient critique. On pense aussi aux innovations interventionnelles visant \u00e0 pr\u00e9venir les complications p\u00e9ri-op\u00e9ratoires et, enfin, les optimisations organisationnelles du parcours du patient critique.<\/p>\n<p>Dernier point, les donn\u00e9es de sant\u00e9 et les approches adaptatives. Cinq th\u00e9matiques ! Les biomarqueurs (radiologie), l&rsquo;exploitation secondaire des donn\u00e9es de sant\u00e9 \u00e0 des fins de recherches, les biomarqueurs associ\u00e9s au mouvement et au handicap et, pour finir, la recherche et l&rsquo;innovation en technologies pharmaceutiques recherche clinique en pratiques pharmaceutiques.<\/p>\n<p>Enfin, Fr\u00e9d\u00e9ric Rimattei, Michel Prudhomme, Philippe Aug\u00e9 et Jean-Paul Cristol ont annonc\u00e9 le futur AAP commun entre le CHU de N\u00eemes et l\u2019universit\u00e9 de Montpellier.<\/p>\n","protected":false},"excerpt":{"rendered":"\u00ab Recherche et innovation : une dynamique commune CHU de N\u00eemes \u2013 universit\u00e9 de Montpellier \u00bb L&rsquo;entente entre&hellip;\n","protected":false},"author":2,"featured_media":363246,"comment_status":"","ping_status":"","sticky":false,"template":"","format":"standard","meta":{"footnotes":""},"categories":[9599],"tags":[1111,11,1777,674,1011,27,2208,12,2680,25],"class_list":{"0":"post-363245","1":"post","2":"type-post","3":"status-publish","4":"format-standard","5":"has-post-thumbnail","7":"category-montpellier","8":"tag-actu","9":"tag-actualites","10":"tag-eu","11":"tag-europe","12":"tag-fr","13":"tag-france","14":"tag-montpellier","15":"tag-news","16":"tag-occitanie","17":"tag-republique-francaise"},"share_on_mastodon":{"url":"https:\/\/pubeurope.com\/@fr\/115140416354509528","error":""},"_links":{"self":[{"href":"https:\/\/www.europesays.com\/fr\/wp-json\/wp\/v2\/posts\/363245","targetHints":{"allow":["GET"]}}],"collection":[{"href":"https:\/\/www.europesays.com\/fr\/wp-json\/wp\/v2\/posts"}],"about":[{"href":"https:\/\/www.europesays.com\/fr\/wp-json\/wp\/v2\/types\/post"}],"author":[{"embeddable":true,"href":"https:\/\/www.europesays.com\/fr\/wp-json\/wp\/v2\/users\/2"}],"replies":[{"embeddable":true,"href":"https:\/\/www.europesays.com\/fr\/wp-json\/wp\/v2\/comments?post=363245"}],"version-history":[{"count":0,"href":"https:\/\/www.europesays.com\/fr\/wp-json\/wp\/v2\/posts\/363245\/revisions"}],"wp:featuredmedia":[{"embeddable":true,"href":"https:\/\/www.europesays.com\/fr\/wp-json\/wp\/v2\/media\/363246"}],"wp:attachment":[{"href":"https:\/\/www.europesays.com\/fr\/wp-json\/wp\/v2\/media?parent=363245"}],"wp:term":[{"taxonomy":"category","embeddable":true,"href":"https:\/\/www.europesays.com\/fr\/wp-json\/wp\/v2\/categories?post=363245"},{"taxonomy":"post_tag","embeddable":true,"href":"https:\/\/www.europesays.com\/fr\/wp-json\/wp\/v2\/tags?post=363245"}],"curies":[{"name":"wp","href":"https:\/\/api.w.org\/{rel}","templated":true}]}}