{"id":363247,"date":"2025-09-03T12:43:14","date_gmt":"2025-09-03T12:43:14","guid":{"rendered":"https:\/\/www.europesays.com\/fr\/363247\/"},"modified":"2025-09-03T12:43:14","modified_gmt":"2025-09-03T12:43:14","slug":"le-salon-auto-moto-retro-rouen-2025-reporte","status":"publish","type":"post","link":"https:\/\/www.europesays.com\/fr\/363247\/","title":{"rendered":"Le Salon Auto Moto R\u00e9tro Rouen 2025 report\u00e9"},"content":{"rendered":"<p><strong>\u00c0 10 jours de l\u2019\u00e9v\u00e9nement, le salon normand a annonc\u00e9 son report ! Plusieurs facteurs entrent en jeu et entra\u00eenent ceci. Apr\u00e8s une bonne \u00e9dition 2024, le salon Auto Moto R\u00e9tro Rouen doit trouver des solutions.<\/strong><\/p>\n<p>Contexte et circonstances d\u00e9favorables<\/p>\n<p>Le salon Auto Moto R\u00e9tro Rouen 2025 devait se tenir les 13 et 14 Septembre prochain au Parc des Expositions de Rouen. Plusieurs centaines d\u2019exposants devaient garnir les bourses int\u00e9rieures et ext\u00e9rieures (sans \u00eatre en face de la bourse de M\u00e9zidon-Canon cette fois), les clubs avaient pr\u00e9par\u00e9 leurs expositions et les Jaguar devaient \u00eatre \u00e0 l\u2019honneur.<\/p>\n<p>Seulement le sort semble s\u2019acharner sur le salon. L\u2019Auto Moto R\u00e9tro Rouen devait d\u00e9j\u00e0 composer avec les gr\u00e8ves pr\u00e9vues la semaine prochaine. Une journ\u00e9e de blocage fix\u00e9e au 10 Septembre pouvait d\u00e9j\u00e0 perturber l\u2019installation du salon, sans compter que ces blocages peuvent se prolonger.<\/p>\n<p>Surtout, c\u2019est le Parc des Expositions qui subit actuellement un probl\u00e8me. Depuis quelques jours, une partie du parking est occup\u00e9e, malgr\u00e9 le fait qu\u2019un dispositif de s\u00e9curit\u00e9 ait \u00e9t\u00e9 mis en place pour pr\u00e9venir toute intrusion. Cette occupation \u00e9videmment non pr\u00e9vue pourrait durer dans le temps et poserait de s\u00e9rieux probl\u00e8mes logistiques \u00e0 la manifestation.<\/p>\n<p>Le salon de Rouen est donc report\u00e9. Pour le moment, aucune date n\u2019a \u00e9t\u00e9 communiqu\u00e9 par Rouen Expo. Les visiteurs qui ont d\u00e9j\u00e0 achet\u00e9 leurs billets en ligne seront invit\u00e9 \u00e0 les \u00e9changer pour les billets de la nouvelle date OU \u00e0 se faire rembourser.<\/p>\n<p>Un salon qui marche toujours<\/p>\n<p>Le salon de Rouen restait sur un beau succ\u00e8s l\u2019an dernier. Plusieurs belles expositions avaient \u00e9t\u00e9 mises en place, notamment d\u00e9di\u00e9es \u00e0 Rolls-Royce et \u00e0 Hotchkiss, bien compl\u00e9t\u00e9es par des animations diverses et le public s\u2019y \u00e9tait retrouv\u00e9 : 18.000 personnes s\u2019\u00e9taient rendues sur le salon.<\/p>\n<p><a href=\"https:\/\/newsdanciennes.com\/auto-moto-retro-rouen-2024-un-programme-enorme-pour-un-vrai-succes\/\" target=\"_blank\" rel=\"noreferrer noopener nofollow\"><img loading=\"lazy\" decoding=\"async\" width=\"700\" height=\"467\" data-attachment-id=\"330386\" data-permalink=\"https:\/\/newsdanciennes.com\/auto-moto-retro-rouen-2024-un-programme-enorme-pour-un-vrai-succes\/auto-moto-retro-rouen-2024-parking-27\/\" data-orig-file=\"https:\/\/newsdanciennes.com\/content\/uploads\/2024\/09\/Auto-Moto-Retro-Rouen-2024-Parking-27.jpg\" data-orig-size=\"1200,801\" data-comments-opened=\"1\" data-image-meta=\"{&quot;aperture&quot;:&quot;4.5&quot;,&quot;credit&quot;:&quot;Bertrand PIERRE&quot;,&quot;camera&quot;:&quot;NIKON D750&quot;,&quot;caption&quot;:&quot;&quot;,&quot;created_timestamp&quot;:&quot;1726309715&quot;,&quot;copyright&quot;:&quot;NewsdaNciennes&quot;,&quot;focal_length&quot;:&quot;30&quot;,&quot;iso&quot;:&quot;100&quot;,&quot;shutter_speed&quot;:&quot;0.0008&quot;,&quot;title&quot;:&quot;&quot;,&quot;orientation&quot;:&quot;0&quot;}\" data-image-title=\"Auto Moto R\u00e9tro Rouen 2024 \u2013 Parking (27)\" data-image-description=\"\" data-image-caption=\"\" data-medium-file=\"https:\/\/newsdanciennes.com\/content\/uploads\/2024\/09\/Auto-Moto-Retro-Rouen-2024-Parking-27-330x220.jpg\" data-large-file=\"https:\/\/www.europesays.com\/fr\/wp-content\/uploads\/2025\/09\/Auto-Moto-Retro-Rouen-2024-Parking-27-700x467.jpg\" src=\"https:\/\/www.europesays.com\/fr\/wp-content\/uploads\/2025\/09\/Auto-Moto-Retro-Rouen-2024-Parking-27-700x467.jpg\" alt=\"Auto Moto Retro Rouen 2024 Parking 27-\" class=\"wp-image-330386 size-full\"  \/><\/a><\/p>\n<p>On esp\u00e8re que le report ne perturbera pas trop la prochaine \u00e9dition\u2026 sans qu\u2019on puisse savoir quand elle aura lieu. <strong><a href=\"https:\/\/www.facebook.com\/autoretro.rouen\" data-type=\"link\" data-id=\"https:\/\/www.facebook.com\/autoretro.rouen\" target=\"_blank\" rel=\"noopener nofollow\">Vous aurez notamment les informations sur la page Facebook de l\u2019\u00e9v\u00e9nement en cliquant ici<\/a><\/strong>.<\/p>\n<p>\n\tArticles similaires<\/p>\n","protected":false},"excerpt":{"rendered":"\u00c0 10 jours de l\u2019\u00e9v\u00e9nement, le salon normand a annonc\u00e9 son report ! Plusieurs facteurs entrent en jeu&hellip;\n","protected":false},"author":2,"featured_media":363248,"comment_status":"","ping_status":"","sticky":false,"template":"","format":"standard","meta":{"footnotes":""},"categories":[9587],"tags":[1111,11,1777,674,1011,27,12,5161,25,9590],"class_list":{"0":"post-363247","1":"post","2":"type-post","3":"status-publish","4":"format-standard","5":"has-post-thumbnail","7":"category-rouen","8":"tag-actu","9":"tag-actualites","10":"tag-eu","11":"tag-europe","12":"tag-fr","13":"tag-france","14":"tag-news","15":"tag-normandie","16":"tag-republique-francaise","17":"tag-rouen"},"share_on_mastodon":{"url":"https:\/\/pubeurope.com\/@fr\/115140428658810505","error":""},"_links":{"self":[{"href":"https:\/\/www.europesays.com\/fr\/wp-json\/wp\/v2\/posts\/363247","targetHints":{"allow":["GET"]}}],"collection":[{"href":"https:\/\/www.europesays.com\/fr\/wp-json\/wp\/v2\/posts"}],"about":[{"href":"https:\/\/www.europesays.com\/fr\/wp-json\/wp\/v2\/types\/post"}],"author":[{"embeddable":true,"href":"https:\/\/www.europesays.com\/fr\/wp-json\/wp\/v2\/users\/2"}],"replies":[{"embeddable":true,"href":"https:\/\/www.europesays.com\/fr\/wp-json\/wp\/v2\/comments?post=363247"}],"version-history":[{"count":0,"href":"https:\/\/www.europesays.com\/fr\/wp-json\/wp\/v2\/posts\/363247\/revisions"}],"wp:featuredmedia":[{"embeddable":true,"href":"https:\/\/www.europesays.com\/fr\/wp-json\/wp\/v2\/media\/363248"}],"wp:attachment":[{"href":"https:\/\/www.europesays.com\/fr\/wp-json\/wp\/v2\/media?parent=363247"}],"wp:term":[{"taxonomy":"category","embeddable":true,"href":"https:\/\/www.europesays.com\/fr\/wp-json\/wp\/v2\/categories?post=363247"},{"taxonomy":"post_tag","embeddable":true,"href":"https:\/\/www.europesays.com\/fr\/wp-json\/wp\/v2\/tags?post=363247"}],"curies":[{"name":"wp","href":"https:\/\/api.w.org\/{rel}","templated":true}]}}