{"id":36325,"date":"2025-04-19T11:04:26","date_gmt":"2025-04-19T11:04:26","guid":{"rendered":"https:\/\/www.europesays.com\/fr\/36325\/"},"modified":"2025-04-19T11:04:26","modified_gmt":"2025-04-19T11:04:26","slug":"samedi-19-avril-une-marche-pour-la-paix-de-kehl-a-strasbourg","status":"publish","type":"post","link":"https:\/\/www.europesays.com\/fr\/36325\/","title":{"rendered":"Samedi 19 avril, une marche pour la paix de Kehl \u00e0 Strasbourg"},"content":{"rendered":"<p class=\"wp-block-post-excerpt__excerpt\">Parti politique, syndicats, \u00e9glises catholique et protestante et autres organisations antimilitaristes allemandes manifestent pour la paix au d\u00e9part de la place du march\u00e9 samedi 19 avril \u00e0 14h. <\/p>\n<p class=\"font-sans\">\n\t\t\tCet article est en acc\u00e8s libre. Pour soutenir Rue89 Strasbourg,<br \/>\n\t\t\t<a class=\"underline\" href=\"https:\/\/www.rue89strasbourg.com\/abonnement\" rel=\"nofollow noopener\" target=\"_blank\">abonnez-vous<\/a>.\n\t\t<\/p>\n<p>Guillaume Krempp<\/p>\n<p>Publi\u00e9 le 18 avril 2025\u00a0\u00a0\u00b7\u00a0\u00a0<\/p>\n<p>Imprim\u00e9 le 19 avril 2025 \u00e0 12h11\u00a0\u00a0\u00b7\u00a0\u00a0<\/p>\n<p>\t\t\t\t\t1\u00a0minute\n<\/p>\n<p>\u00ab\u00a0Qui veut la paix, pr\u00e9pare la paix\u00a0!\u00a0\u00bb La marche pour la paix du samedi 19 avril a lieu \u00e0 l\u2019initiative de nombreux organisateurs\u00a0: des syndicats de l\u2019industrie et des services, le parti \u00e9cologiste Rheinauer B\u00fcndnis, des paroisses catholiques et protestantes et d\u2019autres organisations pour la paix. Toutes ces organisations donnent rendez-vous devant l\u2019\u00e9glise de la paix, place du march\u00e9 \u00e0 Kehl, pour une manifestation pour la paix \u00e0 partir de 14h. Un tract appelant \u00e0 la mobilisation contre la guerre pr\u00e9cise le mot d\u2019ordre de la mobilisation\u00a0:<\/p>\n<blockquote class=\"wp-block-quote is-layout-flow wp-block-quote-is-layout-flow\">\n<p>\u00ab\u00a0Nous sommes pour un monde sans guerre. \u00c0 une \u00e9poque o\u00f9 l\u2019autodestruction de notre civilisation par les armes nucl\u00e9aires, les guerres et les catastrophes climatiques menace, nous descendons dans la rue. Nous disons non aux programmes d\u2019armement de l\u2019UE et de l\u2019Allemagne. Nous consid\u00e9rons que les plus de 1000 milliards d\u2019euros consacr\u00e9s aux armes meurtri\u00e8res seraient plus judicieusement investis dans les \u00e9colos, les h\u00f4pitaux, les transports urbains et les logements (\u2026) Nous condamnons toutes les guerres. Ni la violence militaire ni les livraisons d\u2019armes ne contribuent \u00e0 un ordre mondial apte \u00e0 la paix et respectueux du climat et de la justice social.\u00a0\u00bb <\/p>\n<\/blockquote>\n<p>Apr\u00e8s un d\u00e9part de la place du march\u00e9 \u00e0 Kehl, la manifestation se dirigera vers le pont de l\u2019Europe pour gagner l\u2019\u00e9glise du Rhin c\u00f4t\u00e9 strasbourgeois. La marche prendra ensuite la direction de la passerelle Mimram en passant par le jardin des Deux Rives. <\/p>\n<p>Y <strong>aller<\/strong><\/p>\n<p><strong>Marche pour la paix Kehl \u2013 Strasbourg P\u00e2ques 2025<\/strong>, samedi 19 avril \u00e0 partir de 14h, \u00e9glise de la paix, place du march\u00e9 \u00e0 Kehl. <\/p>\n","protected":false},"excerpt":{"rendered":"Parti politique, syndicats, \u00e9glises catholique et protestante et autres organisations antimilitaristes allemandes manifestent pour la paix au d\u00e9part&hellip;\n","protected":false},"author":2,"featured_media":36326,"comment_status":"","ping_status":"","sticky":false,"template":"","format":"standard","meta":{"footnotes":""},"categories":[2820],"tags":[1111,11,1777,674,1011,27,775,2088,12,25,640],"class_list":{"0":"post-36325","1":"post","2":"type-post","3":"status-publish","4":"format-standard","5":"has-post-thumbnail","7":"category-strasbourg","8":"tag-actu","9":"tag-actualites","10":"tag-eu","11":"tag-europe","12":"tag-fr","13":"tag-france","14":"tag-grand-est","15":"tag-manifestation","16":"tag-news","17":"tag-republique-francaise","18":"tag-strasbourg"},"share_on_mastodon":{"url":"https:\/\/pubeurope.com\/@fr\/114364302270149285","error":""},"_links":{"self":[{"href":"https:\/\/www.europesays.com\/fr\/wp-json\/wp\/v2\/posts\/36325","targetHints":{"allow":["GET"]}}],"collection":[{"href":"https:\/\/www.europesays.com\/fr\/wp-json\/wp\/v2\/posts"}],"about":[{"href":"https:\/\/www.europesays.com\/fr\/wp-json\/wp\/v2\/types\/post"}],"author":[{"embeddable":true,"href":"https:\/\/www.europesays.com\/fr\/wp-json\/wp\/v2\/users\/2"}],"replies":[{"embeddable":true,"href":"https:\/\/www.europesays.com\/fr\/wp-json\/wp\/v2\/comments?post=36325"}],"version-history":[{"count":0,"href":"https:\/\/www.europesays.com\/fr\/wp-json\/wp\/v2\/posts\/36325\/revisions"}],"wp:featuredmedia":[{"embeddable":true,"href":"https:\/\/www.europesays.com\/fr\/wp-json\/wp\/v2\/media\/36326"}],"wp:attachment":[{"href":"https:\/\/www.europesays.com\/fr\/wp-json\/wp\/v2\/media?parent=36325"}],"wp:term":[{"taxonomy":"category","embeddable":true,"href":"https:\/\/www.europesays.com\/fr\/wp-json\/wp\/v2\/categories?post=36325"},{"taxonomy":"post_tag","embeddable":true,"href":"https:\/\/www.europesays.com\/fr\/wp-json\/wp\/v2\/tags?post=36325"}],"curies":[{"name":"wp","href":"https:\/\/api.w.org\/{rel}","templated":true}]}}