{"id":363250,"date":"2025-09-03T12:45:14","date_gmt":"2025-09-03T12:45:14","guid":{"rendered":"https:\/\/www.europesays.com\/fr\/363250\/"},"modified":"2025-09-03T12:45:14","modified_gmt":"2025-09-03T12:45:14","slug":"mobilisation-du-10-septembre-ces-grenoblois-qui-ont-decide-de-se-mobiliser","status":"publish","type":"post","link":"https:\/\/www.europesays.com\/fr\/363250\/","title":{"rendered":"Mobilisation du 10 septembre\u00a0: ces Grenoblois qui ont d\u00e9cid\u00e9 de se mobiliser"},"content":{"rendered":"<p>Ce mardi soir, plus de 300 personnes \u00e9taient r\u00e9unies dans le parc Paul Mistral \u00e0 Grenoble pour la sixi\u00e8me assembl\u00e9e g\u00e9n\u00e9rale organis\u00e9e par les sympathisants du mouvement visant \u00e0 bloquer le pays le 10 septembre prochain. Nous avons recueilli la parole de certains. <\/p>\n<p>Une grande banderole d\u00e9ploy\u00e9e au pied de la tour Perret avec ces mots\u00a0: \u00ab\u00a0Le 10 septembre, le peuple en col\u00e8re.\u00a0\u00bb Et une assembl\u00e9e g\u00e9n\u00e9rale plus fournie que les fois pr\u00e9c\u00e9dentes. \u00ab\u00a0On \u00e9tait 60 \u00e0 la premi\u00e8re, l\u00e0 on est pr\u00e8s de 400\u00a0\u00bb, se f\u00e9licitent les participants. Parmi eux, Gabriel, Marion et Victor qui ont accept\u00e9 de nous raconter les raisons de leur mobilisation.<\/p>\n<p>\u00ab\u00a0Tr\u00e8s \u00e9nerv\u00e9e par le discours de Bayrou\u00a0\u00bb<\/p>\n<p>Parmi les dizaines de personnes \u00e9parpill\u00e9es sur la pelouse du parc Paul Mistral, on trouve Marion\u00a0: \u00ab\u00a0Je suis comptable et \u00e7a fait d\u00e9j\u00e0 \u00e0 peu pr\u00e8s dix ans que je suis dans le mouvement social. J&rsquo;ai particip\u00e9 \u00e0 Nuit Debout et aux Gilets jaunes\u00a0\u00bb, dit-elle. Le discours du Premier Ministre Fran\u00e7ois Bayrou, qui au d\u00e9but de l&rsquo;\u00e9t\u00e9 a sugg\u00e9r\u00e9 de supprimer deux jours f\u00e9ri\u00e9s, l&rsquo;a heurt\u00e9e\u00a0: \u00ab\u00a0J&rsquo;ai \u00e9t\u00e9\u00a0tr\u00e8s \u00e9nerv\u00e9e par le discours de Fran\u00e7ois Bayrou et ses annonces notamment sur la suppression de deux jours f\u00e9ri\u00e9s. Quand j&rsquo;ai appris cette date du 10, j&rsquo;ai \u00e9t\u00e9 tr\u00e8s contente. Je sentais qu&rsquo;il y avait vraiment un gros potentiel sur cette date parce que <strong>je le vois, il y a pas mal de coll\u00e8gues qui m&rsquo;en parlent, des amis, des gens qui n&rsquo;ont pas l&rsquo;habitude de se mobiliser et qui ont d\u00e9cid\u00e9 de se mobiliser.<\/strong>\u00a0\u00bb Elle-m\u00eame syndicaliste, elle regrette en revanche le choix de l&rsquo;intersyndicale d&rsquo;avoir propos\u00e9 une autre date de gr\u00e8ve, en l&rsquo;occurrence le 18 septembre\u00a0: \u00ab\u00a0Je trouve que \u00e7a a un petit peu cass\u00e9 une dynamique. C&rsquo;est la crainte que j&rsquo;ai par rapport \u00e0 \u00e7a. Mais en tout cas, moi j&rsquo;ai pris ma d\u00e9cision\u00a0: en tant que citoyenne, ce sera le 10. J&rsquo;esp\u00e8re d\u00e9j\u00e0 trois jours\u00a0de gr\u00e8ve tr\u00e8s importante. Je pense que \u00e7a mettrait un coup d&rsquo;arr\u00eat aux politiques propos\u00e9es par Bayrou et Macron.\u00a0\u00bb<\/p>\n<p>\u00ab\u00a0Oui, \u00e7a peut prendre\u00a0\u00bb<\/p>\n<p>Gabriel, ing\u00e9nieur \u00e0 Grenoble, a assist\u00e9 \u00e0 cinq des six assembl\u00e9es g\u00e9n\u00e9rales grenobloises. Lui aussi sera dans la rue le 10 septembre\u00a0: \u00ab\u00a0J&rsquo;ai l&rsquo;impression qu&rsquo;on est gouvern\u00e9s par une classe politique qui fait passer son id\u00e9ologie, ses solutions, comme \u00e9tant les seules raisonnables. On a une classe politique qui se pose en autorit\u00e9 et comme ayant la science pour elle alors qu&rsquo;elle ne l&rsquo;a pas. C&rsquo;est probablement \u00e7a qui m&rsquo;\u00e9nerve le plus et qui me motive le plus.\u00a0\u00bb<\/p>\n<p>\u00c0 la question de savoir si ce mouvement peut attirer du monde dans la rue et tenir dans la dur\u00e9e, lui y croit\u00a0: \u00ab\u00a0\u00c7a peut prendre. Apr\u00e8s ce genre de choses, \u00e7a ne se d\u00e9cr\u00e8te pas. <strong>Ce que je vois c&rsquo;est qu&rsquo;au d\u00e9but en AG on \u00e9tait 60, aujourd&rsquo;hui on \u00e9tait 390 donc bon, il y a clairement une envie, il y a un ras le bol.<\/strong> Ce que j&rsquo;observe aussi sur ce mouvement, c&rsquo;est qu&rsquo;il y a une esp\u00e8ce de combinaison, un peu des mouvements type gilets jaunes, un peu autonomiste et des mouvements un peu plus classiques type syndicats qui nous rejoignent. Donc il y a l&rsquo;espoir que \u00e7a rassemble un peu les deux mouvements, c&rsquo;est \u00e0 dire un truc tr\u00e8s spontan\u00e9 avec beaucoup d&rsquo;action, des gilets jaunes, et en m\u00eame temps un truc tr\u00e8s massif. Ce qui marchera s\u00fbrement, c&rsquo;est un savant m\u00e9lange entre de la visibilit\u00e9, des revendications un peu claires pour que les gens puissent s&rsquo;y attacher et des gr\u00e8ves \u00e9videmment\u00a0\u00bb, raconte ce Lyonnais venu travailler \u00e0 Grenoble il y a six ans.<\/p>\n<p> Une col\u00e8re qui couve\u00a0?<\/p>\n<p>A c\u00f4t\u00e9 de Gabriel, Victor. Ce militant insoumis esp\u00e8re lui aussi que la mobilisation sera massive. Il y croit, notamment car selon lui, la col\u00e8re des Fran\u00e7ais ne date pas d&rsquo;hier\u00a0: \u00ab\u00a0On a eu des 49-3 \u00e0 la pelle, Macron qui fait une dissolution, qui ne respecte pas le r\u00e9sultat des urnes. On a eu un 49-3 d\u00e9guis\u00e9 avec la loi Duplomb r\u00e9cemment. On a d\u00e9nis de d\u00e9mocratie sur d\u00e9nis de d\u00e9mocratie. Et on est dans une p\u00e9riode o\u00f9 il y a eu plein de r\u00e9voltes populaires. Les gilets jaunes, Il y a eu aussi les retraites. Il y a eu plein de choses comme \u00e7a qui ont \u00e9t\u00e9 r\u00e9prim\u00e9es et cette col\u00e8re est toujours l\u00e0. Ce n&rsquo;est pas quelque chose de nouveau.\u00a0\u00bb Tous esp\u00e8rent \u00eatre nombreux dans la rue le 10 septembre prochain. Plusieurs actions devraient avoir lieu d\u00e8s le matin sur l&rsquo;agglom\u00e9ration grenobloise et ailleurs dans le d\u00e9partement. Une grande manifestation est \u00e9galement pr\u00e9vue \u00e0 Grenoble \u00e0 partir de 16 heures.<\/p>\n<p>\u00c0 lire aussi   <img decoding=\"async\" src=\"https:\/\/www.europesays.com\/fr\/wp-content\/uploads\/2025\/09\/1756903514_659_560x315\" alt=\"Un tract dans les rues de Grenoble appelant au blocage le 10 septembre.\" style=\"--_image-preview:url('data:image\/jpeg;base64,\/9j\/2wBDACgcHiMeGSgjISMtKygwPGRBPDc3PHtYXUlkkYCZlo+AjIqgtObDoKrarYqMyP\/L2u71\/\/\/\/m8H\/\/\/\/6\/+b9\/\/j\/2wBDASstLTw1PHZBQXb4pYyl+Pj4+Pj4+Pj4+Pj4+Pj4+Pj4+Pj4+Pj4+Pj4+Pj4+Pj4+Pj4+Pj4+Pj4+Pj4+Pj4+Pj\/wAARCAAXACoDASIAAhEBAxEB\/8QAFgABAQEAAAAAAAAAAAAAAAAAAAEC\/8QAFhABAQEAAAAAAAAAAAAAAAAAABEB\/8QAFQEBAQAAAAAAAAAAAAAAAAAAAAH\/xAAUEQEAAAAAAAAAAAAAAAAAAAAA\/9oADAMBAAIRAxEAPwDSsriooAIAgytBRaAAAD\/\/2Q==');\" loading=\"lazy\" fetchpriority=\"low\" aria-hidden=\"true\" class=\"svelte-1pnmlwx rounded\" onload=\"this.__e=event\" onerror=\"this.__e=event\"\/><\/p>\n","protected":false},"excerpt":{"rendered":"Ce mardi soir, plus de 300 personnes \u00e9taient r\u00e9unies dans le parc Paul Mistral \u00e0 Grenoble pour la&hellip;\n","protected":false},"author":2,"featured_media":363251,"comment_status":"","ping_status":"","sticky":false,"template":"","format":"standard","meta":{"footnotes":""},"categories":[9566],"tags":[1111,11,2430,1777,674,1011,27,2731,12,25],"class_list":{"0":"post-363250","1":"post","2":"type-post","3":"status-publish","4":"format-standard","5":"has-post-thumbnail","7":"category-grenoble","8":"tag-actu","9":"tag-actualites","10":"tag-auvergne-rhone-alpes","11":"tag-eu","12":"tag-europe","13":"tag-fr","14":"tag-france","15":"tag-grenoble","16":"tag-news","17":"tag-republique-francaise"},"share_on_mastodon":{"url":"https:\/\/pubeurope.com\/@fr\/115140435855821745","error":""},"_links":{"self":[{"href":"https:\/\/www.europesays.com\/fr\/wp-json\/wp\/v2\/posts\/363250","targetHints":{"allow":["GET"]}}],"collection":[{"href":"https:\/\/www.europesays.com\/fr\/wp-json\/wp\/v2\/posts"}],"about":[{"href":"https:\/\/www.europesays.com\/fr\/wp-json\/wp\/v2\/types\/post"}],"author":[{"embeddable":true,"href":"https:\/\/www.europesays.com\/fr\/wp-json\/wp\/v2\/users\/2"}],"replies":[{"embeddable":true,"href":"https:\/\/www.europesays.com\/fr\/wp-json\/wp\/v2\/comments?post=363250"}],"version-history":[{"count":0,"href":"https:\/\/www.europesays.com\/fr\/wp-json\/wp\/v2\/posts\/363250\/revisions"}],"wp:featuredmedia":[{"embeddable":true,"href":"https:\/\/www.europesays.com\/fr\/wp-json\/wp\/v2\/media\/363251"}],"wp:attachment":[{"href":"https:\/\/www.europesays.com\/fr\/wp-json\/wp\/v2\/media?parent=363250"}],"wp:term":[{"taxonomy":"category","embeddable":true,"href":"https:\/\/www.europesays.com\/fr\/wp-json\/wp\/v2\/categories?post=363250"},{"taxonomy":"post_tag","embeddable":true,"href":"https:\/\/www.europesays.com\/fr\/wp-json\/wp\/v2\/tags?post=363250"}],"curies":[{"name":"wp","href":"https:\/\/api.w.org\/{rel}","templated":true}]}}