{"id":363252,"date":"2025-09-03T12:47:11","date_gmt":"2025-09-03T12:47:11","guid":{"rendered":"https:\/\/www.europesays.com\/fr\/363252\/"},"modified":"2025-09-03T12:47:11","modified_gmt":"2025-09-03T12:47:11","slug":"comment-se-passe-lacces-a-lavortement-en-ille-et-vilaine","status":"publish","type":"post","link":"https:\/\/www.europesays.com\/fr\/363252\/","title":{"rendered":"Comment se passe l\u2019acc\u00e8s \u00e0 l\u2019avortement en Ille-et-Vilaine\u00a0?"},"content":{"rendered":"<p>50\u00a0ans apr\u00e8s la loi Veil du 17\u00a0janvier 1975, comment se passe l\u2019acc\u00e8s \u00e0 l\u2019avortement en Ille-et-Vilaine\u00a0? En 2024, le Planning familial a r\u00e9alis\u00e9 une enqu\u00eate dans le d\u00e9partement, aupr\u00e8s de volontaires ayant r\u00e9alis\u00e9 <a href=\"https:\/\/rennes.maville.com\/actu\/actudet_-a-rennes-une-centaine-de-personnes-rassemblees-pour-defendre-le-droit-a-l-avortement-_52674-6482476_actu.Htm\" target=\"_blank\" rel=\"noopener\">une interruption volontaire de grossesse<\/a>, entre 2022 et 2024. Ce, afin de recueillir des donn\u00e9es sur leur exp\u00e9rience.<\/p>\n<p>Lire aussi\u00a0:<a href=\"https:\/\/quimper.maville.com\/actu\/actudet_-temoignages.-seules-et-en-cachette-de-leur-mari-il-y-a-50-ans-l-avortement-illegal-a-rennes-_6-6185455_actu.Htm\" target=\"_blank\" rel=\"noopener\"> T\u00c9MOIGNAGES. \u00ab\u00a0Seules et en cachette de leur mari\u00a0\u00bb\u00a0: il y a 50\u00a0ans, l\u2019avortement ill\u00e9gal \u00e0 Rennes<\/a><\/p>\n<p>Une synth\u00e8se des r\u00e9sultats sera pr\u00e9sent\u00e9e lors de la troisi\u00e8me \u00e9dition de l\u2019\u00e9v\u00e9nement <a href=\"https:\/\/rennes.maville.com\/actu\/actudet_-a-rennes-une-centaine-de-personnes-rassemblees-pour-defendre-le-droit-a-l-avortement-_52674-6482476_actu.Htm\" target=\"_blank\" rel=\"noopener\">Veille \u00e0 ton droit, qui aura lieu le samedi 27\u00a0septembre<\/a>, au BAM (b\u00e2timent \u00e0 modeler), rue Andr\u00e9-Trasbot \u00e0 Rennes.<\/p>\n<p>Un fond de caisse solidaire<\/p>\n<p>Depuis trois ans, le Planning familial d\u2019Ille-et-Vilaine invite \u00e0 c\u00e9l\u00e9brer la <a href=\"https:\/\/rennes.maville.com\/actu\/actudet_--l-avortement-reste-un-droit-fragile-et-est-encore-tabou-en-france-souligne-le-planning-familial-_54135-6480253_actu.Htm\" target=\"_blank\" rel=\"noopener\">lutte internationale pour le droit et l\u2019acc\u00e8s \u00e0 l\u2019avortement<\/a>, <strong>\u00ab\u00a0dans une ambiance festive de kermesse et de mobilisation f\u00e9ministe\u00a0\u00bb<\/strong>. Les deux premi\u00e8res \u00e9ditions de Veille A Ton Droit ont permis de constituer un fond de caisse solidaire pour les personnes ayant besoin d\u2019avorter \u00e0 l\u2019\u00e9tranger en raison de d\u00e9lais d\u00e9pass\u00e9s en France.<\/p>\n<p>En 2023, 243\u00a0600\u00a0interruptions volontaires de grossesse (IVG) ont \u00e9t\u00e9 enregistr\u00e9es en France, soit 8\u00a0600\u00a0de plus qu\u2019en 2022, ont r\u00e9v\u00e9l\u00e9, en septembre\u00a02024, <a href=\"https:\/\/drees.solidarites-sante.gouv.fr\/publications-communique-de-presse\/etudes-et-resultats\/240924_ER_Nombre_IVG\" target=\"_blank\" rel=\"noopener\">les services statistiques du gouvernement (Drees)<\/a>.<\/p>\n<p>\u00a0<\/p>\n","protected":false},"excerpt":{"rendered":"50\u00a0ans apr\u00e8s la loi Veil du 17\u00a0janvier 1975, comment se passe l\u2019acc\u00e8s \u00e0 l\u2019avortement en Ille-et-Vilaine\u00a0? En 2024,&hellip;\n","protected":false},"author":2,"featured_media":363253,"comment_status":"","ping_status":"","sticky":false,"template":"","format":"standard","meta":{"footnotes":""},"categories":[2821],"tags":[23731,1111,11,475,829,1777,674,1011,27,848,12,5242,584,25],"class_list":{"0":"post-363252","1":"post","2":"type-post","3":"status-publish","4":"format-standard","5":"has-post-thumbnail","7":"category-rennes","8":"tag-acces","9":"tag-actu","10":"tag-actualites","11":"tag-avortement","12":"tag-bretagne","13":"tag-eu","14":"tag-europe","15":"tag-fr","16":"tag-france","17":"tag-ille-et-vilaine","18":"tag-news","19":"tag-passe","20":"tag-rennes","21":"tag-republique-francaise"},"share_on_mastodon":{"url":"https:\/\/pubeurope.com\/@fr\/115140443672261821","error":""},"_links":{"self":[{"href":"https:\/\/www.europesays.com\/fr\/wp-json\/wp\/v2\/posts\/363252","targetHints":{"allow":["GET"]}}],"collection":[{"href":"https:\/\/www.europesays.com\/fr\/wp-json\/wp\/v2\/posts"}],"about":[{"href":"https:\/\/www.europesays.com\/fr\/wp-json\/wp\/v2\/types\/post"}],"author":[{"embeddable":true,"href":"https:\/\/www.europesays.com\/fr\/wp-json\/wp\/v2\/users\/2"}],"replies":[{"embeddable":true,"href":"https:\/\/www.europesays.com\/fr\/wp-json\/wp\/v2\/comments?post=363252"}],"version-history":[{"count":0,"href":"https:\/\/www.europesays.com\/fr\/wp-json\/wp\/v2\/posts\/363252\/revisions"}],"wp:featuredmedia":[{"embeddable":true,"href":"https:\/\/www.europesays.com\/fr\/wp-json\/wp\/v2\/media\/363253"}],"wp:attachment":[{"href":"https:\/\/www.europesays.com\/fr\/wp-json\/wp\/v2\/media?parent=363252"}],"wp:term":[{"taxonomy":"category","embeddable":true,"href":"https:\/\/www.europesays.com\/fr\/wp-json\/wp\/v2\/categories?post=363252"},{"taxonomy":"post_tag","embeddable":true,"href":"https:\/\/www.europesays.com\/fr\/wp-json\/wp\/v2\/tags?post=363252"}],"curies":[{"name":"wp","href":"https:\/\/api.w.org\/{rel}","templated":true}]}}