{"id":363255,"date":"2025-09-03T12:49:11","date_gmt":"2025-09-03T12:49:11","guid":{"rendered":"https:\/\/www.europesays.com\/fr\/363255\/"},"modified":"2025-09-03T12:49:11","modified_gmt":"2025-09-03T12:49:11","slug":"cest-la-rentree-le-veilleur-de-nuit-reprend-ses-rondes","status":"publish","type":"post","link":"https:\/\/www.europesays.com\/fr\/363255\/","title":{"rendered":"c&rsquo;est la rentr\u00e9e, le veilleur de nuit reprend ses rondes"},"content":{"rendered":"<p>L\u2019an prochain, <a href=\"https:\/\/www.dna.fr\/culture-loisirs\/2021\/08\/31\/pour-ses-20-ans-l-universite-populaire-de-la-krutenau-regarde-vers-l-avenir\" target=\"_blank\" rel=\"nofollow noopener\">l\u2019Universit\u00e9 populaire de la Krutenau (UPK) f\u00eatera son 25 e anniversaire,<\/a> \u00ab dans la modestie et la sobri\u00e9t\u00e9 \u00bb, pr\u00e9vient son pr\u00e9sident, Jean-Fran\u00e7ois Kovar. En attendant, les inscriptions sont ouvertes pour la saison \u00e0 venir, avec un retour des conf\u00e9rences et autres visites historiques pr\u00e9vues d\u00e8s septembre. Consacr\u00e9e au grenier d\u2019abondance du couvent des p\u00e9nitentes de Marie-Madeleine, rue Modeste-Schickel\u00e9, la couverture de la nouvelle brochure signe \u00ab le retour de [notre] passion du patrimoine et rappelle notre ancrage dans le quartier de la Krutenau \u00bb, pr\u00e9cise Jean-Fran\u00e7ois Kovar.<\/p>\n<p>  Rendez-vous les 5 et 12 d\u00e9cembre<\/p>\n<p>C\u00f4t\u00e9 programme, pas de grosses nouveaut\u00e9s, mais quelques retours, l\u00e0 aussi. Notamment durant le temps de No\u00ebl, o\u00f9 les rondes du veilleur de nuit, \u00ab interrompues depuis la Covid \u00bb, animeront \u00e0 nouveau les rues, men\u00e9es par Bruno Dant\u00e8s et Jean-Fran\u00e7ois Kovar, les vendredis 5 et 12 d\u00e9cembre, au d\u00e9part de la place du Ch\u00e2teau. Une animation \u00ab qui conna\u00eet toujours un beau succ\u00e8s \u00bb, sait le pr\u00e9sident de l\u2019UPK, qui donnera un avant-go\u00fbt avec une premi\u00e8re ronde de nuit programm\u00e9e le vendredi 19 septembre \u00e0 21 h dans le cadre des Journ\u00e9es europ\u00e9ennes du patrimoine.<\/p>\n<p>Durant le temps de l\u2019avent toujours, des personnalit\u00e9s (une demi-douzaine par soir\u00e9e) viendront raconter \u00ab Le No\u00ebl de leur enfance \u00bb, rue Munch, en partenariat avec Saint-Guillaume, le vendredi 19 et le mardi 23 d\u00e9cembre \u00e0 18 h 15, juste apr\u00e8s l\u2019ouverture du calendrier de l\u2019avent dans l\u2019\u00e9glise.<\/p>\n<p>\u00c0 noter aussi que dans le cadre du centenaire du FEC (Foyer de l\u2019\u00e9tudiant catholique), avec qui un partenariat existe de longue date, Philippe Fleck et Jean-Fran\u00e7ois Kovar animeront deux visites ap\u00e9ritives de la place Saint-Etienne, les samedis 22 novembre et 30 mai \u00e0 11 h (sur inscription uniquement, le nombre de participants \u00e9tant strictement limit\u00e9).<\/p>\n<p>Pour le reste, plusieurs dizaines de balades urbaines et conf\u00e9rences sur divers sujets historiques et\/ou li\u00e9s au patrimoine \u00e9mailleront la saison. <a href=\"https:\/\/www.dna.fr\/culture-loisirs\/2025\/06\/06\/au-conseil-des-xv-le-centre-rotterdam-en-pleine-mutation-prepare-un-bel-ete\" target=\"_blank\" rel=\"nofollow noopener\">Qu\u2019elles traitent des quartiers de Strasbourg et aient lieu \u00e0 la Maison de retraite Saint-Joseph, rue d\u2019Ypres<\/a> ; se tiennent en visio ; \u00e0 la paroisse Saint-Guillaume ; ou dans le cadre de d\u00e9jeuners ou de d\u00eeners. Petit changement \u00e0 signaler de ce c\u00f4t\u00e9-l\u00e0 pour les ex \u00ab D\u00e9jeuners de la Bourse \u00bb, qui d\u00e9m\u00e9nagent \u00e0 L\u2019Ancienne Douane. \u00ab On d\u00e9marrera le samedi 4 octobre \u00e0 12 h 30, avec une conf\u00e9rence du pasteur Philippe Ichter sur <a href=\"https:\/\/www.dna.fr\/p\/adelaide-hautval\" target=\"_blank\" rel=\"nofollow noopener\">Ad\u00e9la\u00efde Hautval<\/a> (1906-1988), une Alsacienne Juste parmi les nations \u00bb, note Jean-Fran\u00e7ois Kovar.<\/p>\n<p>  Visite du mikv\u00e9 m\u00e9di\u00e9val<\/p>\n<p>Hormis celle de Hoerdt, \u00ab qui a ferm\u00e9 l\u2019an dernier faute de fr\u00e9quentation \u00bb, les huit antennes de l\u2019UPK dans le d\u00e9partement d\u00e9roulent elles aussi leur lot de conf\u00e9rences et d\u2019activit\u00e9s. Tandis que, comme chaque ann\u00e9e, l\u2019UPK participera aux Journ\u00e9es europ\u00e9ennes de la culture juive, <a href=\"https:\/\/www.dna.fr\/edition-de-strasbourg\/2018\/06\/28\/le-mikve-medieval-de-strasbourg-ouvert-cet-ete-tous-les-dimanches\" target=\"_blank\" rel=\"nofollow noopener\">avec une visite-conf\u00e9rence permettant de d\u00e9couvrir le mikv\u00e9 m\u00e9di\u00e9val, rue des Charpentiers,<\/a> le dimanche 7 septembre \u00e0 10 h 30. Pour peu que ce jour f\u00e9ri\u00e9 ne soit pas supprim\u00e9 d\u2019ici-l\u00e0, la traditionnelle sortie \u00e0 la d\u00e9couverte de l\u2019Ortenau m\u00e8nera pour sa part le 8 mai prochain \u00e0 \u00ab Ettenheim, ville baroque, cit\u00e9 \u00e9piscopale de Strasbourg et th\u00e9\u00e2tre d\u2019un crime politique de Napol\u00e9on Bonaparte \u00bb.<\/p>\n<p class=\"note\">L\u2019assembl\u00e9e g\u00e9n\u00e9rale de l\u2019UPK aura lieu le vendredi 5 septembre \u00e0 18 h 30 \u00e0 la Maison des associations, 1a, place des Orphelins \u00e0 Strasbourg (salle Marguerite-Yourcenar). L\u2019invit\u00e9 d\u2019honneur sera le p\u00e8re Blaise Bakulu Madila, cur\u00e9 de la paroisse Sainte-Madeleine \u00e0 Strasbourg et aum\u00f4nier du coll\u00e8ge \u00e9piscopal Saint-Etienne. Plus d\u2019infos : up-krutenau.com<\/p>\n","protected":false},"excerpt":{"rendered":"L\u2019an prochain, l\u2019Universit\u00e9 populaire de la Krutenau (UPK) f\u00eatera son 25 e anniversaire, \u00ab dans la modestie et&hellip;\n","protected":false},"author":2,"featured_media":363256,"comment_status":"","ping_status":"","sticky":false,"template":"","format":"standard","meta":{"footnotes":""},"categories":[2820],"tags":[1111,11,7782,1687,2880,1777,674,107,1011,27,775,12,2661,4043,25,104,953,640,2879,1631],"class_list":{"0":"post-363255","1":"post","2":"type-post","3":"status-publish","4":"format-standard","5":"has-post-thumbnail","7":"category-strasbourg","8":"tag-actu","9":"tag-actualites","10":"tag-balades-et-randonnees","11":"tag-culture-loisirs","12":"tag-edition-strasbourg","13":"tag-eu","14":"tag-europe","15":"tag-fil-info","16":"tag-fr","17":"tag-france","18":"tag-grand-est","19":"tag-news","20":"tag-patrimoine-culturel","21":"tag-repas-et-the-dansant","22":"tag-republique-francaise","23":"tag-societe","24":"tag-soiree","25":"tag-strasbourg","26":"tag-strasbourg-ville","27":"tag-vie-associative"},"share_on_mastodon":{"url":"https:\/\/pubeurope.com\/@fr\/115140451549708721","error":""},"_links":{"self":[{"href":"https:\/\/www.europesays.com\/fr\/wp-json\/wp\/v2\/posts\/363255","targetHints":{"allow":["GET"]}}],"collection":[{"href":"https:\/\/www.europesays.com\/fr\/wp-json\/wp\/v2\/posts"}],"about":[{"href":"https:\/\/www.europesays.com\/fr\/wp-json\/wp\/v2\/types\/post"}],"author":[{"embeddable":true,"href":"https:\/\/www.europesays.com\/fr\/wp-json\/wp\/v2\/users\/2"}],"replies":[{"embeddable":true,"href":"https:\/\/www.europesays.com\/fr\/wp-json\/wp\/v2\/comments?post=363255"}],"version-history":[{"count":0,"href":"https:\/\/www.europesays.com\/fr\/wp-json\/wp\/v2\/posts\/363255\/revisions"}],"wp:featuredmedia":[{"embeddable":true,"href":"https:\/\/www.europesays.com\/fr\/wp-json\/wp\/v2\/media\/363256"}],"wp:attachment":[{"href":"https:\/\/www.europesays.com\/fr\/wp-json\/wp\/v2\/media?parent=363255"}],"wp:term":[{"taxonomy":"category","embeddable":true,"href":"https:\/\/www.europesays.com\/fr\/wp-json\/wp\/v2\/categories?post=363255"},{"taxonomy":"post_tag","embeddable":true,"href":"https:\/\/www.europesays.com\/fr\/wp-json\/wp\/v2\/tags?post=363255"}],"curies":[{"name":"wp","href":"https:\/\/api.w.org\/{rel}","templated":true}]}}