{"id":363261,"date":"2025-09-03T12:52:11","date_gmt":"2025-09-03T12:52:11","guid":{"rendered":"https:\/\/www.europesays.com\/fr\/363261\/"},"modified":"2025-09-03T12:52:11","modified_gmt":"2025-09-03T12:52:11","slug":"on-est-dans-des-premices-de-collaboration-manchester-united-ogc-nice-un-partenariat-qui-se-cherche-encore","status":"publish","type":"post","link":"https:\/\/www.europesays.com\/fr\/363261\/","title":{"rendered":"\u00ab\u00a0On est dans des pr\u00e9mices de collaboration\u00a0\u00bb: Manchester United-OGC Nice, un partenariat qui se cherche encore"},"content":{"rendered":"<p>Si certains clubs en Ligue 1 ont nou\u00e9 des collaborations \u00e9troites avec des g\u00e9ants europ\u00e9ens, le Gym avance prudemment. La relation avec Manchester United, \u00e9galement propri\u00e9t\u00e9 d&rsquo;INEOS, est encore \u00e0 ses pr\u00e9mices.<\/p>\n<p>Mais depuis cette saison, Nice peut \u00e9changer de mani\u00e8re r\u00e9guli\u00e8re avec le club mancunien. \u00ab\u00a0C\u2019est seulement depuis cette ann\u00e9e qu\u2019on est en capacit\u00e9 d\u2019\u00e9changer de mani\u00e8re assez r\u00e9guli\u00e8re avec Manchester. Donc, le process ne se fait pas du jour au lendemain\u00a0\u00bb, explique Florian Maurice.<\/p>\n<p>Le club a \u00e9tudi\u00e9 diff\u00e9rentes possibilit\u00e9s, mais rien n\u2019est encore conclu. \u00ab\u00a0On a envisag\u00e9 des choses. On est dans des pr\u00e9misses de collaboration\u00a0\u00bb, explique Florian Maurice, qui rappelle \u00e9galement que le fonctionnement doit convenir aux deux clubs et aux joueurs concern\u00e9s.<\/p>\n<p><strong>Conserver de l&rsquo;autonomie<\/strong><\/p>\n<p>L\u2019OGC Nice tient toutefois \u00e0 garder sa libert\u00e9 de d\u00e9cision. \u00ab\u00a0L\u2019id\u00e9e est de garder une certaine autonomie. Je ne sais pas comment \u00e7a se passe \u00e0 Strasbourg (avec Chelsea, Ndlr), mais je ne suis pas s\u00fbr qu\u2019il y ait beaucoup de choix de joueurs effectu\u00e9s par les gens \u00e0 l\u2019int\u00e9rieur du club\u00a0\u00bb. Le Gym ne souhaite pas recevoir une \u00ab\u00a0flop\u00e9e de joueurs impos\u00e9s\u00a0\u00bb, mais plut\u00f4t identifier des solutions adapt\u00e9es \u00e0 ses besoins.<\/p>\n<p>Pour Florian Maurice, cette relation reste \u00e0 construire et pourrait se d\u00e9velopper dans le futur. \u00ab\u00a0Aujourd\u2019hui, je ne peux pas acheter un joueur de Manchester, ni le payer. Peut-\u00eatre qu\u2019en janvier ou l\u2019\u00e9t\u00e9 prochain, il y aura des possibilit\u00e9s\u00a0\u00bb.<\/p>\n<p>L&rsquo;id\u00e9e est donc claire: b\u00e9n\u00e9ficier d\u2019\u00e9changes int\u00e9ressants sans compromettre les choix sportifs et la structure du vestiaire, en conservant une r\u00e9elle autonomie.<\/p>\n","protected":false},"excerpt":{"rendered":"Si certains clubs en Ligue 1 ont nou\u00e9 des collaborations \u00e9troites avec des g\u00e9ants europ\u00e9ens, le Gym avance&hellip;\n","protected":false},"author":2,"featured_media":363262,"comment_status":"","ping_status":"","sticky":false,"template":"","format":"standard","meta":{"footnotes":""},"categories":[2819],"tags":[1111,11,1777,674,63,1011,27,12,2401,882,25,60],"class_list":{"0":"post-363261","1":"post","2":"type-post","3":"status-publish","4":"format-standard","5":"has-post-thumbnail","7":"category-nice","8":"tag-actu","9":"tag-actualites","10":"tag-eu","11":"tag-europe","12":"tag-football","13":"tag-fr","14":"tag-france","15":"tag-news","16":"tag-nice","17":"tag-provence-alpes-cote-dazur","18":"tag-republique-francaise","19":"tag-sports"},"share_on_mastodon":{"url":"https:\/\/pubeurope.com\/@fr\/115140463402182912","error":""},"_links":{"self":[{"href":"https:\/\/www.europesays.com\/fr\/wp-json\/wp\/v2\/posts\/363261","targetHints":{"allow":["GET"]}}],"collection":[{"href":"https:\/\/www.europesays.com\/fr\/wp-json\/wp\/v2\/posts"}],"about":[{"href":"https:\/\/www.europesays.com\/fr\/wp-json\/wp\/v2\/types\/post"}],"author":[{"embeddable":true,"href":"https:\/\/www.europesays.com\/fr\/wp-json\/wp\/v2\/users\/2"}],"replies":[{"embeddable":true,"href":"https:\/\/www.europesays.com\/fr\/wp-json\/wp\/v2\/comments?post=363261"}],"version-history":[{"count":0,"href":"https:\/\/www.europesays.com\/fr\/wp-json\/wp\/v2\/posts\/363261\/revisions"}],"wp:featuredmedia":[{"embeddable":true,"href":"https:\/\/www.europesays.com\/fr\/wp-json\/wp\/v2\/media\/363262"}],"wp:attachment":[{"href":"https:\/\/www.europesays.com\/fr\/wp-json\/wp\/v2\/media?parent=363261"}],"wp:term":[{"taxonomy":"category","embeddable":true,"href":"https:\/\/www.europesays.com\/fr\/wp-json\/wp\/v2\/categories?post=363261"},{"taxonomy":"post_tag","embeddable":true,"href":"https:\/\/www.europesays.com\/fr\/wp-json\/wp\/v2\/tags?post=363261"}],"curies":[{"name":"wp","href":"https:\/\/api.w.org\/{rel}","templated":true}]}}