{"id":363265,"date":"2025-09-03T12:54:26","date_gmt":"2025-09-03T12:54:26","guid":{"rendered":"https:\/\/www.europesays.com\/fr\/363265\/"},"modified":"2025-09-03T12:54:26","modified_gmt":"2025-09-03T12:54:26","slug":"la-celebre-avocate-feministe-anne-bouillon-soupconnee-de-management-toxique","status":"publish","type":"post","link":"https:\/\/www.europesays.com\/fr\/363265\/","title":{"rendered":"la c\u00e9l\u00e8bre avocate f\u00e9ministe Anne Bouillon soup\u00e7onn\u00e9e de \u00abmanagement toxique\u00bb"},"content":{"rendered":"<p>D\u2019anciennes collaboratrices de la juriste nantaise, sp\u00e9cialis\u00e9e dans les violences faites aux femmes, d\u00e9noncent les conditions de travail malsaines et \u00e9prouvantes v\u00e9cues au sein de son cabinet 100% f\u00e9minin.<\/p>\n<p class=\"fig-paragraph\">Il y a un an encore, elle pr\u00e9sentait son cabinet comme \u00abun lieu d\u2019accueil, un refuge\u00bb. L\u2019<a href=\"http:\/\/www.lefigaro.fr\/nantes\/je-suis-marquee-par-leur-absolu-courage-anne-bouillon-l-avocate-nantaise-qui-defend-les-femmes-20241112\" target=\"_blank\" data-fig-type=\"NewsFlash\" rel=\"noopener\" data-gtm-custom-categorie=\"navigation\" data-gtm-custom-action=\"crossclick\" data-gtm-custom-label=\"Contextuel\" data-gtm-event=\"customEventSPE\" data-fig-domain=\"LEFIGARO\">avocate f\u00e9ministe Anne Bouillon<\/a>\u00a0se trouve sous le feu d\u2019une enqu\u00eate d\u00e9ontologique interne men\u00e9e par le barreau\u00a0<a href=\"https:\/\/www.lefigaro.fr\/nantes\" target=\"_blank\" data-fig-type=\"Section\" rel=\"sponsored noopener\" data-gtm-custom-categorie=\"navigation\" data-gtm-custom-action=\"crossclick\" data-gtm-custom-label=\"Contextuel\" data-gtm-event=\"customEventSPE\" data-fig-domain=\"LEFIGARO\">de Nantes<\/a>\u00a0(Loire-Atlantique), r\u00e9v\u00e8lent ce mardi 2 septembre les quotidiens r\u00e9gionaux\u00a0<a href=\"https:\/\/www.ouest-france.fr\/societe\/faits-divers\/enquete-la-plus-puissante-avocate-de-france-anne-bouillon-visee-par-une-enquete-deontologique-df283546-8712-11f0-bcb7-e4ebd4c8350d\" target=\"_blank\" rel=\"noopener\" data-gtm-custom-categorie=\"navigation\" data-gtm-custom-action=\"crossclick\" data-gtm-custom-label=\"Contextuel\" data-gtm-event=\"customEventSPE\">Presse Oc\u00e9an et Le Courrier de l\u2019Ouest<\/a> . Une quinzaine de personnes, dont plusieurs anciennes collaboratrices de la p\u00e9naliste nantaise, ont \u00e9t\u00e9 entendues dans le cadre des investigations. L\u2019avocate est soup\u00e7onn\u00e9e d\u2019avoir fait r\u00e9gner une atmosph\u00e8re de travail d\u00e9l\u00e9t\u00e8re \u00e0 son cabinet, entre \u00abmanagement toxique\u00bb et \u00abconditions de travail \u00e9prouvantes\u00bb.<\/p>\n<p class=\"fig-paragraph\">Le rapport de l\u2019enqu\u00eate interne du barreau de Nantes a \u00e9t\u00e9 transmis, en cette fin d\u2019\u00e9t\u00e9, au Conseil r\u00e9gional de discipline pr\u00e8s de la Cour d\u2019appel de Rennes. Ouverte il y a pr\u00e8s d\u2019un an, l\u2019affaire devrait \u00eatre r\u00e9gl\u00e9e ces prochains mois lors d\u2019une audience publique.<\/p>\n<p>                                    <a class=\"fig-a11y-skip a11y-hidden\" href=\"#fig-a11y-skip-main-inarticle\"><br \/>\n        Passer la publicit\u00e9<br \/>\n    <\/a><\/p>\n<p>Autoritarisme et mise en comp\u00e9tition<\/p>\n<p class=\"fig-paragraph\">Petite-ni\u00e8ce de\u00a0<a href=\"http:\/\/www.lefigaro.fr\/voyages\/hotels\/le-double-jeu-de-josephine-baker-au-saint-george-a-alger-20240727\" target=\"_blank\" data-fig-type=\"Article\" rel=\"noopener\" data-gtm-custom-categorie=\"navigation\" data-gtm-custom-action=\"crossclick\" data-gtm-custom-label=\"Contextuel\" data-gtm-event=\"customEventSPE\" data-fig-domain=\"LEFIGARO\">Jos\u00e9phine Baker<\/a>, Anne Bouillon, 53 ans, a acc\u00e9d\u00e9 \u00e0 la notori\u00e9t\u00e9 en 2019, apr\u00e8s avoir \u00e9t\u00e9 propuls\u00e9e en troisi\u00e8me position du classement annuel des meilleurs avocats de France, pr\u00e9sent\u00e9 par le magazine GQ. Install\u00e9e \u00e0 Nantes depuis 2003, la juriste dirige un cabinet 100% f\u00e9minin sp\u00e9cialis\u00e9 en droit des femmes et dans les affaires de violences sexuelles et conjugales. Attentive \u00e0 la parole des victimes, elle confiait en novembre 2024 au Figaro \u00eatre \u00abmarqu\u00e9e par leur absolu courage, lorsqu\u2019elles d\u00e9posent plainte et qu\u2019elles sautent dans le vide\u00bb.<\/p>\n<p class=\"fig-body-link\">\n            \u00c0 lire aussi<br \/>\n        <a class=\"fig-body-link__link\" href=\"http:\/\/www.lefigaro.fr\/nantes\/nantes-cinq-pretres-et-un-surveillant-incrimines-dans-des-viols-et-abus-sexuels-au-sein-d-un-etablissement-catholique-entre-1958-et-1995-20250829\" target=\"_blank\" data-fig-type=\"NewsFlash\" rel=\"noopener\" data-gtm-custom-categorie=\"navigation\" data-gtm-custom-action=\"crossclick\" data-gtm-custom-label=\"Contextuel\" data-gtm-event=\"customEventSPE\" data-fig-domain=\"LEFIGARO\">Nantes\u00a0: cinq pr\u00eatres et un surveillant incrimin\u00e9s dans des viols et abus sexuels au sein d\u2019un \u00e9tablissement catholique entre 1958 et 1995<br \/>\n    <\/a>\n<\/p>\n<p class=\"fig-paragraph\">Les accusatrices d\u2019Anne Bouillon semblent \u00e9galement avoir pris leur courage \u00e0 deux mains. Selon nos confr\u00e8res, les griefs rapport\u00e9s au barreau concernent des \u00abpratiques manag\u00e9riales inappropri\u00e9es\u00bb, banalis\u00e9es par une avocate aux d\u00e9rives autoritaires avec ses collaboratrices. Plusieurs t\u00e9moignages indiquent une nette d\u00e9gradation des conditions de travail \u00e0 partir de 2019, en raison de l\u2019afflux des dossiers favoris\u00e9 par la m\u00e9diatisation du cabinet. Les collaboratrices \u00e9taient mises en comp\u00e9tition et rudoy\u00e9es jusqu\u2019au\u00a0<a href=\"http:\/\/www.lefigaro.fr\/conjoncture\/burn-out-accidents-le-management-algorithmique-des-livreurs-de-repas-pointe-du-doigt-par-l-anses-20250326\" data-fig-type=\"NewsFlash\" data-gtm-custom-categorie=\"navigation\" data-gtm-custom-action=\"crossclick\" data-gtm-custom-label=\"Contextuel\" data-gtm-event=\"customEventSPE\" data-fig-domain=\"LEFIGARO\" target=\"_blank\" rel=\"noopener\">burn-out<\/a>, avec des arr\u00eats maladie et des d\u00e9parts pr\u00e9cipit\u00e9s devenus monnaie courante, le tout au d\u00e9triment de certains dossiers d\u00e9fendus.<\/p>\n<p class=\"fig-paragraph\">Dans un entretien accord\u00e9 \u00e0\u00a0<a href=\"https:\/\/www.ouest-france.fr\/societe\/justice\/entretien-mon-engagement-feministe-est-authentique-lavocate-nantaise-anne-bouillon-se-defend-da9ad5c6-8715-11f0-942f-334d06e5cf0b\" target=\"_blank\" rel=\"noopener\" data-gtm-custom-categorie=\"navigation\" data-gtm-custom-action=\"crossclick\" data-gtm-custom-label=\"Contextuel\" data-gtm-event=\"customEventSPE\">Presse Oc\u00e9an<\/a>, Anne Bouillon a reconnu une partie des faits qui lui sont reproch\u00e9s, en assurant n\u2019avoir jamais voulu \u00abblesser quiconque\u00bb et en regrettant ne pas avoir assez \u00abd\u00e9construit\u00bb sa fa\u00e7on de travailler en \u00e9quipe. \u00abJ\u2019ai un fort temp\u00e9rament. C\u2019est une force et un d\u00e9faut. Il a pu m\u2019arriver, sur une p\u00e9riode compliqu\u00e9e pour moi, de r\u00e9agir avec exc\u00e8s. J\u2019ai pr\u00e9sent\u00e9 des excuses, \u00e7a ne suffit pas. Pour certaines jeunes collaboratrices, cela a pu cr\u00e9er une souffrance au travail que je n\u2019ai pas per\u00e7ue sur le moment. Je le regrette beaucoup\u00bb, a-t-elle d\u00e9clar\u00e9 \u00e0 nos confr\u00e8res.\u00a0Le barreau de Nantes n\u2019a pour le moment pas r\u00e9pondu aux sollicitations du Figaro.<\/p>\n","protected":false},"excerpt":{"rendered":"D\u2019anciennes collaboratrices de la juriste nantaise, sp\u00e9cialis\u00e9e dans les violences faites aux femmes, d\u00e9noncent les conditions de travail&hellip;\n","protected":false},"author":2,"featured_media":363266,"comment_status":"","ping_status":"","sticky":false,"template":"","format":"standard","meta":{"footnotes":""},"categories":[2818],"tags":[1111,11,1067,1777,674,1011,27,303,766,12,2636,25],"class_list":{"0":"post-363265","1":"post","2":"type-post","3":"status-publish","4":"format-standard","5":"has-post-thumbnail","7":"category-nantes","8":"tag-actu","9":"tag-actualites","10":"tag-enquete","11":"tag-eu","12":"tag-europe","13":"tag-fr","14":"tag-france","15":"tag-justice","16":"tag-nantes","17":"tag-news","18":"tag-pays-de-la-loire","19":"tag-republique-francaise"},"share_on_mastodon":{"url":"https:\/\/pubeurope.com\/@fr\/115140471579703121","error":""},"_links":{"self":[{"href":"https:\/\/www.europesays.com\/fr\/wp-json\/wp\/v2\/posts\/363265","targetHints":{"allow":["GET"]}}],"collection":[{"href":"https:\/\/www.europesays.com\/fr\/wp-json\/wp\/v2\/posts"}],"about":[{"href":"https:\/\/www.europesays.com\/fr\/wp-json\/wp\/v2\/types\/post"}],"author":[{"embeddable":true,"href":"https:\/\/www.europesays.com\/fr\/wp-json\/wp\/v2\/users\/2"}],"replies":[{"embeddable":true,"href":"https:\/\/www.europesays.com\/fr\/wp-json\/wp\/v2\/comments?post=363265"}],"version-history":[{"count":0,"href":"https:\/\/www.europesays.com\/fr\/wp-json\/wp\/v2\/posts\/363265\/revisions"}],"wp:featuredmedia":[{"embeddable":true,"href":"https:\/\/www.europesays.com\/fr\/wp-json\/wp\/v2\/media\/363266"}],"wp:attachment":[{"href":"https:\/\/www.europesays.com\/fr\/wp-json\/wp\/v2\/media?parent=363265"}],"wp:term":[{"taxonomy":"category","embeddable":true,"href":"https:\/\/www.europesays.com\/fr\/wp-json\/wp\/v2\/categories?post=363265"},{"taxonomy":"post_tag","embeddable":true,"href":"https:\/\/www.europesays.com\/fr\/wp-json\/wp\/v2\/tags?post=363265"}],"curies":[{"name":"wp","href":"https:\/\/api.w.org\/{rel}","templated":true}]}}