{"id":363267,"date":"2025-09-03T12:55:13","date_gmt":"2025-09-03T12:55:13","guid":{"rendered":"https:\/\/www.europesays.com\/fr\/363267\/"},"modified":"2025-09-03T12:55:13","modified_gmt":"2025-09-03T12:55:13","slug":"le-chateau-lafitte-organise-le-banquet-bordelais-4-oct-2025","status":"publish","type":"post","link":"https:\/\/www.europesays.com\/fr\/363267\/","title":{"rendered":"Le Ch\u00e2teau Lafitte organise le Banquet Bordelais 4 oct 2025"},"content":{"rendered":"\n<p><strong>Si vous lisez cet article, c\u2019est que vous cherchez certainement une sortie gourmande \u00e0 Bordeaux et \u00e7a tombe bien ! Le samedi 4 octobre 2025, pr\u00e9parez-vous \u00e0 vivre une journ\u00e9e m\u00e9morable \u00e0 seulement 20 minutes de Bordeaux avec le\u00a0banquet bordelais au Ch\u00e2teau Lafitte \u00e0 Yvrac. Un \u00e9v\u00e9nement gastronomique convivial et festif o\u00f9 partage, ripaille, rires et bonne humeur seront au programme.<\/strong><\/p>\n<p> Un banquet gastronomique convivial au Ch\u00e2teau Laffite <\/p>\n<p>Install\u00e9s autour de grandes tabl\u00e9es continues, des centaines d\u2019amis, locaux et visiteurs, se r\u00e9uniront pour un\u00a0<strong>repas copieux et gourmand<\/strong>\u00a0servi dans un cadre viticole d\u2019exception. <\/p>\n<p> <img loading=\"lazy\" width=\"700\" height=\"465\" alt=\"Le Banquet Bordelais au Ch\u00e2teau Lafitte 2025\" title=\"Le Ch\u00e2teau Lafitte vous convie \u00e0 son grand Banquet Bordelais le 4 octobre 2025 1\"  nitro-lazy- nitro-lazy-src=\"https:\/\/cdn-ilbobfj.nitrocdn.com\/LLQyioEDmPooSUeshdcABKPnDEWJyTwh\/assets\/images\/optimized\/rev-fefab80\/quoifaireabordeaux.com\/wp-content\/uploads\/2025\/09\/chateau-lafitte.jpg\" class=\"wp-image-18811911 nitro-lazy\" decoding=\"async\" nitro-lazy-empty=\"\" id=\"NDUxOjU2NQ==-1\" src=\"data:image\/svg+xml;nitro-empty-id=NDUxOjU2NQ==-1;base64,PHN2ZyB2aWV3Qm94PSIwIDAgNzAwIDQ2NSIgd2lkdGg9IjcwMCIgaGVpZ2h0PSI0NjUiIHhtbG5zPSJodHRwOi8vd3d3LnczLm9yZy8yMDAwL3N2ZyI+PC9zdmc+\"\/> <\/p>\n<p>Le banquet est pens\u00e9 pour ravir les papilles avec un menu compos\u00e9 exclusivement de produits locaux et de qualit\u00e9 :<\/p>\n<ul class=\"wp-block-list\">\n<li><strong>Plateau de charcuterie locale<\/strong> en entr\u00e9e accompagn\u00e9 de vin \u00e0 partager.<\/li>\n<li>Plat principal de <strong>viande<\/strong> avec accompagnements et vin pour 8 personnes.<\/li>\n<li><strong>Plateau de fromages locaux<\/strong> avec une nouvelle bouteille de vin.<\/li>\n<li><strong>Dessert local et caf\u00e9 <\/strong>pour conclure.<\/li>\n<li>4 jetons par personne pour savourer bi\u00e8res pression ou softs.<\/li>\n<\/ul>\n<p>Avec plus d\u20191 kg de nourriture par convive, la\u00a0<strong>ripaille bordelaise<\/strong>\u00a0sera \u00e0 son apog\u00e9e dans une ambiance d\u00e9brid\u00e9e et chaleureuse.<\/p>\n<p> Une ambiance de f\u00eate avec musique et animations <\/p>\n<p>Au-del\u00e0 de la gastronomie, la journ\u00e9e se veut festive avec des <strong>animations musicales<\/strong> programm\u00e9es pour rythmer ce banquet unique. Chants, rires et convivialit\u00e9 cr\u00e9eront une atmosph\u00e8re inoubliable pour tous les participants. Une sortie id\u00e9ale dans la r\u00e9gion pour les amateurs d\u2019<strong>\u00e9v\u00e9nements viticoles et culturels pr\u00e8s de Bordeaux<\/strong>.<\/p>\n<p> R\u00e9servez d\u00e8s maintenant vos places pour le Banquet Bordelais au Ch\u00e2teau Lafitte <\/p>\n<p>Attention, les places sont limit\u00e9es pour garantir un service optimal et une exp\u00e9rience agr\u00e9able pour tous. Ne manquez pas cette occasion de festoyer dans l\u2019un des plus beaux domaines viticoles du bordelais.<\/p>\n<p>Ce banquet est un rendez-vous incontournable pour ceux qui souhaitent vivre une exp\u00e9rience authentique de la gastronomie bordelaise dans une ambiance festive et collective. <\/p>\n<p>Amateur de bons vins, gourmets ou simplement en qu\u00eate d\u2019un moment convivial entre amis ou en famille, <a href=\"https:\/\/www.facebook.com\/events\/1085815470186568\/?acontext=%7B%22ref%22%3A%2252%22%2C%22action_history%22%3A%22[%7B%5C%22surface%5C%22%3A%5C%22share_link%5C%22%2C%5C%22mechanism%5C%22%3A%5C%22share_link%5C%22%2C%5C%22extra_data%5C%22%3A%7B%5C%22invite_link_id%5C%22%3A1459778955239496%7D%7D]%22%7D\" target=\"_blank\" rel=\"noreferrer noopener nofollow\">ce banquet<\/a> au Ch\u00e2teau Lafitte vous promet une journ\u00e9e exceptionnelle.<\/p>\n<p class=\"has-text-align-center\">L\u2019abus d\u2019alcool est dangereux pour la sant\u00e9, \u00e0 consommer avec mod\u00e9ration.<\/p>\n<p>Retrouvez tous nos bons plans sorties en cliquant <a href=\"https:\/\/quoifaireabordeaux.com\/category\/actus\/\" target=\"_blank\" rel=\"noreferrer noopener nofollow\">ICI<\/a>.<\/p>\n<p>Ne manquez pas le <a href=\"https:\/\/quoifaireabordeaux.com\/patrouille-de-france-lacanau\/\" target=\"_blank\" rel=\"noreferrer noopener nofollow\">spectacle a\u00e9rien de la patrouille de France et le feu d\u2019artifice<\/a> \u00e0 Lacanau !<\/p>\n<p>  Informations pratiques <\/p>\n<p>concernant le Banquet Bordelais 2025<\/p>\n<p><strong>Date et lieu<\/strong> : Samedi 4 octobre 2025 au Ch\u00e2teau Laffite, Yvrac, \u00e0 15 minutes de Bordeaux.<\/p>\n<p><strong>Horaires<\/strong> : Ouverture des portes \u00e0 midi, fin du banquet vers 17h.<\/p>\n<p><strong>Tarif<\/strong> : 79,99 \u20ac pour un repas complet assis, vins, bi\u00e8res, animations inclus.<\/p>\n<p><strong>R\u00e9servations<\/strong> en cliquant <a href=\"https:\/\/www.billetweb.fr\/banquet-bordelais1?fbclid=IwY2xjawMlDaRleHRuA2FlbQIxMABicmlkETF3M1RRWjFqTDVBQnBZWUVMAR7uf_dZYG6619JkTAPNU4Dyust_k4ltxoXxi0N9vGy3pyR1j1BI6FwilLrAmg_aem_18DFgyw5SnaXvjsEe7jOVA\" target=\"_blank\" rel=\"noopener nofollow\"><strong>ICI<\/strong><\/a><\/p>\n<p><strong>Acc\u00e8s<\/strong> : Nombreux parkings disponibles. Ligne de bus n\u00b067 \u00e0 15 minutes \u00e0 pied pour un retour facile.<\/p>\n<p><strong>Conditions<\/strong>\u00a0: Acc\u00e8s interdit aux mineurs non accompagn\u00e9s. Consommation d\u2019alcool avec mod\u00e9ration et conduite responsable encourag\u00e9e.<\/p>\n","protected":false},"excerpt":{"rendered":"Si vous lisez cet article, c\u2019est que vous cherchez certainement une sortie gourmande \u00e0 Bordeaux et \u00e7a tombe&hellip;\n","protected":false},"author":2,"featured_media":363268,"comment_status":"","ping_status":"","sticky":false,"template":"","format":"standard","meta":{"footnotes":""},"categories":[2817],"tags":[1111,11,1997,1777,674,1011,27,12,2219,25],"class_list":{"0":"post-363267","1":"post","2":"type-post","3":"status-publish","4":"format-standard","5":"has-post-thumbnail","7":"category-bordeaux","8":"tag-actu","9":"tag-actualites","10":"tag-bordeaux","11":"tag-eu","12":"tag-europe","13":"tag-fr","14":"tag-france","15":"tag-news","16":"tag-nouvelle-aquitaine","17":"tag-republique-francaise"},"share_on_mastodon":{"url":"https:\/\/pubeurope.com\/@fr\/115140475217388263","error":""},"_links":{"self":[{"href":"https:\/\/www.europesays.com\/fr\/wp-json\/wp\/v2\/posts\/363267","targetHints":{"allow":["GET"]}}],"collection":[{"href":"https:\/\/www.europesays.com\/fr\/wp-json\/wp\/v2\/posts"}],"about":[{"href":"https:\/\/www.europesays.com\/fr\/wp-json\/wp\/v2\/types\/post"}],"author":[{"embeddable":true,"href":"https:\/\/www.europesays.com\/fr\/wp-json\/wp\/v2\/users\/2"}],"replies":[{"embeddable":true,"href":"https:\/\/www.europesays.com\/fr\/wp-json\/wp\/v2\/comments?post=363267"}],"version-history":[{"count":0,"href":"https:\/\/www.europesays.com\/fr\/wp-json\/wp\/v2\/posts\/363267\/revisions"}],"wp:featuredmedia":[{"embeddable":true,"href":"https:\/\/www.europesays.com\/fr\/wp-json\/wp\/v2\/media\/363268"}],"wp:attachment":[{"href":"https:\/\/www.europesays.com\/fr\/wp-json\/wp\/v2\/media?parent=363267"}],"wp:term":[{"taxonomy":"category","embeddable":true,"href":"https:\/\/www.europesays.com\/fr\/wp-json\/wp\/v2\/categories?post=363267"},{"taxonomy":"post_tag","embeddable":true,"href":"https:\/\/www.europesays.com\/fr\/wp-json\/wp\/v2\/tags?post=363267"}],"curies":[{"name":"wp","href":"https:\/\/api.w.org\/{rel}","templated":true}]}}