{"id":363270,"date":"2025-09-03T12:57:10","date_gmt":"2025-09-03T12:57:10","guid":{"rendered":"https:\/\/www.europesays.com\/fr\/363270\/"},"modified":"2025-09-03T12:57:10","modified_gmt":"2025-09-03T12:57:10","slug":"cantine-gratuite-classes-allegees-ecoles-renovees-le-plan-ecole-de-lfi-a-toulouse","status":"publish","type":"post","link":"https:\/\/www.europesays.com\/fr\/363270\/","title":{"rendered":"Cantine gratuite, classes all\u00e9g\u00e9es, \u00e9coles r\u00e9nov\u00e9es\u00a0: le plan \u00e9cole de LFI \u00e0 Toulouse"},"content":{"rendered":"<p>\n                                                                    l&rsquo;essentiel<br \/>\n                                                                Face \u00e0 ce qu\u2019elle qualifie de \u00ab\u00a0situation alarmante\u00a0\u00bb, LFI lance une offensive politique en pla\u00e7ant l\u2019\u00e9cole au c\u0153ur de son projet municipal. Au programme\u00a0: cantine gratuite, effectifs r\u00e9duits, cours non genr\u00e9s et \u00e9galit\u00e9 d\u2019acc\u00e8s pour tous les enfants.\n                            <\/p>\n<p>\u00c0 l\u2019occasion de la rentr\u00e9e scolaire, La France insoumise (LFI) a souhait\u00e9 revenir sur les propositions que le mouvement politique entend mettre en \u0153uvre en cas de victoire aux \u00e9lections municipales.<\/p>\n<p>Une occasion saisie par LFI pour dresser un bilan qualifi\u00e9 d\u2019\u00a0\u00bbaccablant\u00a0\u00bb\u00a0des politiques \u00e9ducatives men\u00e9es par le maire de Toulouse, Jean-Luc Moudenc, ainsi que par le pr\u00e9sident Emmanuel Macron.<\/p>\n<p>\u00ab\u00a0Nous lan\u00e7ons une campagne intitul\u00e9e L\u2019\u00e9cole pour tous, afin de rendre l\u2019\u00e9cole v\u00e9ritablement accessible \u00e0 toutes et tous \u00e0 Toulouse\u00a0\u00bb, a indiqu\u00e9 le d\u00e9put\u00e9\u00a0Fran\u00e7ois Piquemal.<\/p>\n<p>Parmi les propositions avanc\u00e9es, LFI \u00e9voque notamment la gratuit\u00e9 de la cantine, une ATSEM dans chaque classe, des \u00e9coles limit\u00e9es \u00e0 12 classes et des effectifs plafonn\u00e9s \u00e0 19 \u00e9l\u00e8ves. Le mouvement s\u2019engage aussi \u00e0 r\u00e9nover l\u2019ensemble des \u00e9coles d\u2019ici la fin d\u2019un premier mandat municipal.<\/p>\n<p>\u00ab\u00a0Un choix budg\u00e9taire et politique\u00a0\u00bb<\/p>\n<p>Concernant les fournitures scolaires, la gratuit\u00e9 serait instaur\u00e9e en priorit\u00e9 pour les familles les plus pr\u00e9caires, puis progressivement \u00e9largie \u00e0 un public plus large. \u00ab\u00a0C\u2019est un choix budg\u00e9taire et politique, d\u00e9j\u00e0 mis en \u0153uvre dans d\u2019autres villes comme Bordeaux\u00a0\u00bb, pr\u00e9cise Fran\u00e7ois Piquemal.<\/p>\n<p>Si ces mesures dessinent des conditions id\u00e9ales pour le personnel \u00e9ducatif, les d\u00e9tails financiers de ces engagements ne seront pr\u00e9cis\u00e9s qu\u2019\u00e0 la fin de l\u2019ann\u00e9e.<\/p>\n<p>Des cours d\u2019\u00e9coles non genr\u00e9es<\/p>\n<p>D\u2019autres propositions ont \u00e9t\u00e9 \u00e9voqu\u00e9es, comme la mise en place d\u2019un grand plan\u00a0de v\u00e9g\u00e9talisation des \u00e9coles, la cr\u00e9ation d\u2019\u00e9quipes volantes pour pallier les absences, et une meilleure reconnaissance du r\u00f4le des accompagnants d\u2019\u00e9l\u00e8ves en situation de handicap.<\/p>\n<p>La possibilit\u00e9 de cours d\u2019\u00e9cole non genr\u00e9es sera \u00e9galement \u00e9tudi\u00e9e, avec l\u2019intervention d\u2019associations et de sp\u00e9cialistes. \u00ab\u00a0L\u2019objectif est de r\u00e9\u00e9quilibrer l\u2019usage de l\u2019espace dans la cour, souvent accapar\u00e9 par les gar\u00e7ons\u00a0\u00bb, indique Am\u00e8le Lakhouache, responsable de formation.<\/p>\n","protected":false},"excerpt":{"rendered":"l&rsquo;essentiel Face \u00e0 ce qu\u2019elle qualifie de \u00ab\u00a0situation alarmante\u00a0\u00bb, LFI lance une offensive politique en pla\u00e7ant l\u2019\u00e9cole au&hellip;\n","protected":false},"author":2,"featured_media":363271,"comment_status":"","ping_status":"","sticky":false,"template":"","format":"standard","meta":{"footnotes":""},"categories":[2816],"tags":[1111,11,1777,674,1011,27,12,2680,25,2312],"class_list":{"0":"post-363270","1":"post","2":"type-post","3":"status-publish","4":"format-standard","5":"has-post-thumbnail","7":"category-toulouse","8":"tag-actu","9":"tag-actualites","10":"tag-eu","11":"tag-europe","12":"tag-fr","13":"tag-france","14":"tag-news","15":"tag-occitanie","16":"tag-republique-francaise","17":"tag-toulouse"},"share_on_mastodon":{"url":"https:\/\/pubeurope.com\/@fr\/115140483235813876","error":""},"_links":{"self":[{"href":"https:\/\/www.europesays.com\/fr\/wp-json\/wp\/v2\/posts\/363270","targetHints":{"allow":["GET"]}}],"collection":[{"href":"https:\/\/www.europesays.com\/fr\/wp-json\/wp\/v2\/posts"}],"about":[{"href":"https:\/\/www.europesays.com\/fr\/wp-json\/wp\/v2\/types\/post"}],"author":[{"embeddable":true,"href":"https:\/\/www.europesays.com\/fr\/wp-json\/wp\/v2\/users\/2"}],"replies":[{"embeddable":true,"href":"https:\/\/www.europesays.com\/fr\/wp-json\/wp\/v2\/comments?post=363270"}],"version-history":[{"count":0,"href":"https:\/\/www.europesays.com\/fr\/wp-json\/wp\/v2\/posts\/363270\/revisions"}],"wp:featuredmedia":[{"embeddable":true,"href":"https:\/\/www.europesays.com\/fr\/wp-json\/wp\/v2\/media\/363271"}],"wp:attachment":[{"href":"https:\/\/www.europesays.com\/fr\/wp-json\/wp\/v2\/media?parent=363270"}],"wp:term":[{"taxonomy":"category","embeddable":true,"href":"https:\/\/www.europesays.com\/fr\/wp-json\/wp\/v2\/categories?post=363270"},{"taxonomy":"post_tag","embeddable":true,"href":"https:\/\/www.europesays.com\/fr\/wp-json\/wp\/v2\/tags?post=363270"}],"curies":[{"name":"wp","href":"https:\/\/api.w.org\/{rel}","templated":true}]}}