{"id":363272,"date":"2025-09-03T12:58:10","date_gmt":"2025-09-03T12:58:10","guid":{"rendered":"https:\/\/www.europesays.com\/fr\/363272\/"},"modified":"2025-09-03T12:58:10","modified_gmt":"2025-09-03T12:58:10","slug":"en-negociation-jetais-pire-que-les-juifs-quand-une-figure-des-insoumis-de-toulouse-vehicule-des-stereotypes-antisemites","status":"publish","type":"post","link":"https:\/\/www.europesays.com\/fr\/363272\/","title":{"rendered":"\u00ab\u00a0En n\u00e9gociation [\u2026] j\u2019\u00e9tais pire que les Juifs\u00a0\u00bb\u00a0: quand une figure des Insoumis de Toulouse v\u00e9hicule des st\u00e9r\u00e9otypes antis\u00e9mites"},"content":{"rendered":"<p>\n                                                                    l&rsquo;essentiel<br \/>\n                                                                Jean-Christophe Sellin, le repr\u00e9sentant toulousain du parti de gauche (PG) composante de la France insoumise, a tenu des propos stigmatisants sur les Juifs dans une vid\u00e9o.\n                            <\/p>\n<p>Jean-Christophe Sellin, Toulousain et ancien conseiller r\u00e9gional de Midi-Pyr\u00e9n\u00e9es, cofondateur du Parti de Gauche (PG) aux c\u00f4t\u00e9s de Jean-Luc M\u00e9lenchon, a \u00e9t\u00e9 identifi\u00e9 dans <a href=\"https:\/\/www.google.com\/search?sca_esv=50ae17e33ffbd3d5&amp;rlz=1C1GCEA_enFR1098FR1100&amp;udm=7&amp;fbs=AIIjpHx4nJjfGojPVHhEACUHPiMQikyFH3CmH4hhupxxDAHumruy5rhEQNwG5CKTUiluf7QUCkX-KlyacbfMfYngZbL5HduxyTxSAKxFdumH5IsJz7IAlcLfvXEHYjaXUiXDlTxl4C97gJCVB3TDY6JUDbVOJJPWFzpFNGtLibkxM3h1P22_6GxRDnehdpZeoBfPassHFNy2&amp;q=frontiere+antis%C3%A9mitisme+amfis&amp;sa=X&amp;ved=2ahUKEwjYxbv5rryPAxWmTKQEHdFQNMMQtKgLegQIFhAB&amp;biw=1920&amp;bih=879&amp;dpr=1#fpstate=ive&amp;vld=cid:4d0c8489,vid:e0niU8uN-1c,st:0\" target=\"_self\" rel=\"nofollow noopener\">une vid\u00e9o publi\u00e9e<\/a>\u00a0par le site d\u2019extr\u00eame droite Fronti\u00e8res. Bien que flout\u00e9 \u00e0 l\u2019image, on le distingue sur un stand aux couleurs du PG et de la Palestine, tenant des propos controvers\u00e9s. \u00ab\u00a0En n\u00e9gociation, les B\u00e9douins m\u2019ont dit que j\u2019\u00e9tais pire que les Juifs\u00a0\u00bb, d\u00e9clare-t-il dans un rire, \u00e9voquant ses talents de marchandage. \u00ab\u00a0Worse than the Jews\u00a0\u00bb, plaisante-t-il encore, pour souligner ce qu\u2019il d\u00e9crit comme son art de la n\u00e9gociation commerciale.<\/p>\n<p>Un propos stigmatisant, tenu devant des brochures qui interrogent \u00e9galement. L\u2019une d\u2019elles, sigl\u00e9e Parti de Gauche, repr\u00e9sente Emmanuel Macron dans une caricature rappelant les codes visuels de l\u2019antis\u00e9mitisme des ann\u00e9es 1930\u00a0: haut-de-forme de banquier, regard cynique, et pantin entre les mains. Une imagerie \u00e9voquant directement les repr\u00e9sentations utilis\u00e9es par l\u2019extr\u00eame droite d\u2019avant-guerre.<\/p>\n<blockquote data-class=\"twitter-tweet\">\n<p lang=\"fr\" dir=\"ltr\">Cassoulet r\u00e9siduel <a href=\"https:\/\/twitter.com\/hashtag\/LFI?src=hash&amp;ref_src=twsrc%5Etfw\" rel=\"nofollow noopener\" target=\"_blank\">#LFI<\/a><br \/>\u201cIl avait favoris\u00e9 le parachutage du d\u00e9put\u00e9 <a href=\"https:\/\/twitter.com\/HadrienClouet?ref_src=twsrc%5Etfw\" rel=\"nofollow noopener\" target=\"_blank\">@HadrienClouet<\/a> lors des l\u00e9gislatives de 2022. Sans doute car celui ci est expert dans l\u2019art de nazifier les juifs comme lorsqu\u2019il s\u2019en \u00e9tait pris sur X au dessinateur <a href=\"https:\/\/twitter.com\/joannsfar?ref_src=twsrc%5Etfw\" rel=\"nofollow noopener\" target=\"_blank\">@joannsfar<\/a>\u201d<a href=\"https:\/\/twitter.com\/hashtag\/Toulouse?src=hash&amp;ref_src=twsrc%5Etfw\" rel=\"nofollow noopener\" target=\"_blank\">#Toulouse<\/a> m\u00e9rite mieux\u2026 <a href=\"https:\/\/t.co\/1c4VPDGbXy\" rel=\"nofollow\">pic.twitter.com\/1c4VPDGbXy<\/a><\/p>\n<p>\u2014 J\u00e9r\u00f4me Sion (@SionJerome) <a href=\"https:\/\/twitter.com\/SionJerome\/status\/1963155858696634835?ref_src=twsrc%5Etfw\" rel=\"nofollow noopener\" target=\"_blank\">September 3, 2025<\/a><\/p><\/blockquote>\n<p><a href=\"https:\/\/www.franc-tireur.fr\/antisemitisme-lfi-en-a-encore-sous-le-tapis\" target=\"_self\" rel=\"nofollow noopener\">Franc-Tireur<\/a>\u00a0raconte par ailleurs qu\u2019en 2016, Jean-Christophe Sellin avait exig\u00e9 l\u2019exclusion du CRIF (Conseil repr\u00e9sentatif des institutions juives de France) des c\u00e9r\u00e9monies d\u2019hommage aux victimes de Mohamed Merah. Ce que l\u2019Insoumis conteste.<\/p>\n<p class=\"std-elt__inline\">\n        <strong>\u00c0 lire aussi :<\/strong><br \/>\n        <a href=\"https:\/\/www.ladepeche.fr\/2025\/01\/25\/un-depute-lfi-ma-traite-de-ss-sur-twitter-en-toute-decontraction-lauteur-de-bd-joann-sfar-reflechit-a-porter-plainte-contre-hadrien-clouet-12469619.php\" rel=\"nofollow noopener\" target=\"_blank\">\u00ab\u00a0Un d\u00e9put\u00e9 LFI m\u2019a trait\u00e9 de SS sur Twitter en toute d\u00e9contraction\u00a0\u00bb\u00a0: l\u2019auteur de BD Joann Sfar r\u00e9fl\u00e9chit \u00ab\u00a0\u00e0 porter plainte\u00a0\u00bb contre Hadrien Clouet<\/a>\n    <\/p>\n<p>La journaliste le d\u00e9crivant \u00e9galement comme ayant \u00ab\u00a0favoris\u00e9 le parachutage\u00a0du d\u00e9put\u00e9 Hadrien Clouet lors des l\u00e9gislatives de 2022\u00a0\u00bb.<\/p>\n<p class=\"std-elt__inline\">\n        <strong>\u00c0 lire aussi :<\/strong><br \/>\n        <a href=\"https:\/\/www.ladepeche.fr\/2024\/08\/07\/tweet-pro-palestinien-a-la-piscine-le-depute-lfi-hadrien-clouet-a-t-il-ete-trop-loin-12129827.php\" rel=\"nofollow noopener\" target=\"_blank\">Tweet pro palestinien \u00e0 la piscine\u00a0: le d\u00e9put\u00e9 LFI Hadrien Clouet a-t-il \u00e9t\u00e9 trop loin\u00a0?<\/a>\n    <\/p>\n<p>Plus r\u00e9cemment, fin mars, l\u2019ancien \u00e9lu a fait parler de lui en marge du conseil municipal de Toulouse, dont il s\u2019est vu refuser l\u2019acc\u00e8s. Pr\u00e9sent pour assister \u00e0 la s\u00e9ance, il distribuait un tract d\u00e9non\u00e7ant les coupes budg\u00e9taires. \u00ab\u00a0Je n\u2019\u00e9tais pas l\u00e0 pour bord\u00e9liser le conseil\u00a0\u00bb, affirme-t-il, estimant que son exclusion est li\u00e9e \u00e0 sa participation \u00e0 une manifestation critique envers la majorit\u00e9 municipale.<\/p>\n<p class=\"std-elt__inline\">\n        <strong>\u00c0 lire aussi :<\/strong><br \/>\n        <a href=\"https:\/\/www.ladepeche.fr\/2025\/03\/28\/on-ma-empeche-dacceder-au-capitole-parce-que-je-participais-a-la-manifestation-un-ancien-adjoint-a-la-culture-12600038.php\" rel=\"nofollow noopener\" target=\"_blank\">\u00ab\u00a0On m\u2019a emp\u00each\u00e9 d\u2019acc\u00e9der au Capitole parce que je participais \u00e0 la manifestation\u00a0\u00bb, un ancien \u00e9lu d\u00e9nonce une d\u00e9cision arbitraire<\/a>\n    <\/p>\n<p>Un propos \u00ab\u00a0maladroit\u00a0\u00bb<\/p>\n<p>Contact\u00e9, Jean-Christophe Sellin s\u2019excuse\u00a0: \u00ab\u00a0J\u2019ai relat\u00e9 une blague qu\u2019un B\u00e9douin m\u2019a racont\u00e9e \u00e0 J\u00e9rusalem, je comprends qu\u2019elle ait bless\u00e9, le propos \u00e9tait maladroit.\u00a0\u00bb Fort de ses \u00ab\u00a045 ans de militantisme antiraciste et antifasciste\u00a0\u00bb, l\u2019ancien \u00e9lu estime \u00ab\u00a0ne pas avoir \u00e0 se justifier\u00a0\u00bb, au regard \u00e9galement de \u00ab\u00a0son histoire familiale\u00a0\u00bb, son oncle ayant \u00e9t\u00e9 d\u00e9port\u00e9 \u00e0 Buchenwald.\u00a0\u00ab\u00a0Lors de l\u2019attentat \u00e0 Ozar Hatorah en 2012, j\u2019\u00e9tais le 3e \u00e9lu arriv\u00e9 sur place et je suis rest\u00e9 toute la journ\u00e9e aupr\u00e8s de la communaut\u00e9 juive de cette \u00e9cole\u00a0: je n\u2019ai rien \u00e0 prouver\u00a0\u00bb rappelle-t-il.<\/p>\n<p>Cons\u00e9quence de ses propos pol\u00e9miques enregistr\u00e9s en cam\u00e9ra cach\u00e9e, Jean-Christophe Sellin affirme \u00eatre d\u00e9sormais cibl\u00e9 par les milieux d\u2019extr\u00eame droite\u00a0: \u00ab\u00a0ils ont mis mon adresse et mon num\u00e9ro de t\u00e9l\u00e9phone sur leurs boucles et je suis menac\u00e9.\u00a0\u00bb<\/p>\n<p>                                                                                                                                                                                                        <script async src=\"https:\/\/platform.twitter.com\/widgets.js\" charset=\"utf-8\"><\/script><\/p>\n","protected":false},"excerpt":{"rendered":"l&rsquo;essentiel Jean-Christophe Sellin, le repr\u00e9sentant toulousain du parti de gauche (PG) composante de la France insoumise, a tenu&hellip;\n","protected":false},"author":2,"featured_media":363273,"comment_status":"","ping_status":"","sticky":false,"template":"","format":"standard","meta":{"footnotes":""},"categories":[2816],"tags":[1111,11,1777,674,1011,27,12,2680,25,2312],"class_list":{"0":"post-363272","1":"post","2":"type-post","3":"status-publish","4":"format-standard","5":"has-post-thumbnail","7":"category-toulouse","8":"tag-actu","9":"tag-actualites","10":"tag-eu","11":"tag-europe","12":"tag-fr","13":"tag-france","14":"tag-news","15":"tag-occitanie","16":"tag-republique-francaise","17":"tag-toulouse"},"share_on_mastodon":{"url":"https:\/\/pubeurope.com\/@fr\/115140487306574333","error":""},"_links":{"self":[{"href":"https:\/\/www.europesays.com\/fr\/wp-json\/wp\/v2\/posts\/363272","targetHints":{"allow":["GET"]}}],"collection":[{"href":"https:\/\/www.europesays.com\/fr\/wp-json\/wp\/v2\/posts"}],"about":[{"href":"https:\/\/www.europesays.com\/fr\/wp-json\/wp\/v2\/types\/post"}],"author":[{"embeddable":true,"href":"https:\/\/www.europesays.com\/fr\/wp-json\/wp\/v2\/users\/2"}],"replies":[{"embeddable":true,"href":"https:\/\/www.europesays.com\/fr\/wp-json\/wp\/v2\/comments?post=363272"}],"version-history":[{"count":0,"href":"https:\/\/www.europesays.com\/fr\/wp-json\/wp\/v2\/posts\/363272\/revisions"}],"wp:featuredmedia":[{"embeddable":true,"href":"https:\/\/www.europesays.com\/fr\/wp-json\/wp\/v2\/media\/363273"}],"wp:attachment":[{"href":"https:\/\/www.europesays.com\/fr\/wp-json\/wp\/v2\/media?parent=363272"}],"wp:term":[{"taxonomy":"category","embeddable":true,"href":"https:\/\/www.europesays.com\/fr\/wp-json\/wp\/v2\/categories?post=363272"},{"taxonomy":"post_tag","embeddable":true,"href":"https:\/\/www.europesays.com\/fr\/wp-json\/wp\/v2\/tags?post=363272"}],"curies":[{"name":"wp","href":"https:\/\/api.w.org\/{rel}","templated":true}]}}