{"id":363274,"date":"2025-09-03T12:59:10","date_gmt":"2025-09-03T12:59:10","guid":{"rendered":"https:\/\/www.europesays.com\/fr\/363274\/"},"modified":"2025-09-03T12:59:10","modified_gmt":"2025-09-03T12:59:10","slug":"les-costumes-de-morgane-dans-hpi-vendus-a-la-braderie-de-lille-03-09-2025","status":"publish","type":"post","link":"https:\/\/www.europesays.com\/fr\/363274\/","title":{"rendered":"Les costumes de Morgane dans HPI vendus \u00e0 la braderie de Lille &#8211; 03\/09\/2025"},"content":{"rendered":"<p><a href=\"https:\/\/www.weo.fr\/article\/hpi-tournee-a-lille-est-de-retour-pour-une-cinquieme-saison\/\" rel=\"nofollow noopener\" target=\"_blank\"><strong>HPI<\/strong><\/a>, qui a marqu\u00e9 les t\u00e9l\u00e9spectateurs depuis cinq ans, tire sa r\u00e9v\u00e9rence fin septembre. Mais avant cela, les fans auront une derni\u00e8re occasion de s\u2019impr\u00e9gner de l\u2019univers d\u00e9jant\u00e9 de Morgane Alvaro, incarn\u00e9e par Audrey Fleurot. \u00c0 l\u2019occasion de la Braderie de Lille, les costumes les plus embl\u00e9matiques de la s\u00e9rie vont \u00eatre mis en vente.<\/p>\n<p>Un \u00e9v\u00e9nement organis\u00e9 par <strong>TF1<\/strong> et <strong>We Are Social<\/strong>, en partenariat avec la <strong>Fondation des Femmes<\/strong>, pour soutenir les femmes victimes de violences et de discriminations.\u00a0<\/p>\n<p>Une vente exceptionnelle\u00a0La <a href=\"https:\/\/www.weo.fr\/dossier\/braderie-de-lille-dates-inscriptions-infos-pratiques-tout-ce-qu-il-faut-savoir\/\" rel=\"nofollow noopener\" target=\"_blank\"><strong>Braderie de Lille<\/strong><\/a>, qui se tiendra les 6 et 7 septembre 2025, accueillera donc un stand d\u00e9di\u00e9 \u00e0 <a href=\"https:\/\/www.weo.fr\/article\/hpi-tf1-devoile-les-premieres-images-des-derniers-episodes-quand-seront-ils-diffuses\/\" rel=\"nofollow noopener\" target=\"_blank\"><strong>HPI<\/strong><\/a>. Les visiteurs pourront y d\u00e9couvrir et acheter des pi\u00e8ces uniques port\u00e9es par Morgane Alvaro. Des v\u00eatements extravagants, signatures du style d\u00e9cal\u00e9 du personnage, des accessoires et chaussures (d\u00e9j\u00e0) cultes, et des \u00e9l\u00e9ments de d\u00e9cor embl\u00e9matiques de la s\u00e9rie. le tout dans une ambiance festive, avec des animations et des quiz permettant de remporter des lots exclusifs. Une fa\u00e7on bien lilloise de c\u00e9l\u00e9brer la s\u00e9rie et de dire adieu \u00e0 Morgane Alvaro en beaut\u00e9.<\/p>\n<p>Pour ceux qui ne pourront pas se rendre \u00e0 Lille, TF1 organise un concours en ligne via ses r\u00e9seaux sociaux. Les participants auront la chance de gagner des pi\u00e8ces iconiques de la collection de Morgane, directement depuis chez eux.<\/p>\n<p>Pourquoi la Braderie ?La Braderie de Lille est un lieu symbolique pour HPI. La s\u00e9rie y a \u00e9t\u00e9 tourn\u00e9e pendant cinq ans, et la ville est devenue un personnage \u00e0 part enti\u00e8re. Organiser cet \u00e9v\u00e9nement dans ce cadre revient \u00e0 boucler la boucle, en offrant un dernier moment de partage autour de l\u2019univers de Morgane Alvaro.Une occasion \u00e0 ne pas manquer pour les fans de la s\u00e9rie, mais aussi pour tous ceux qui souhaitent soutenir une belle cause.Des adieux m\u00e9morables\u00a0<\/p>\n<p>La diffusion des derniers \u00e9pisodes de HPI d\u00e9butera le 4 septembre 2025 sur TF1. Un moment attendu par les t\u00e9l\u00e9spectateurs, qui pourront revivre les aventures de Morgane Alvaro une derni\u00e8re fois avant de lui dire adieu.<\/p>\n","protected":false},"excerpt":{"rendered":"HPI, qui a marqu\u00e9 les t\u00e9l\u00e9spectateurs depuis cinq ans, tire sa r\u00e9v\u00e9rence fin septembre. Mais avant cela, les&hellip;\n","protected":false},"author":2,"featured_media":363275,"comment_status":"","ping_status":"","sticky":false,"template":"","format":"standard","meta":{"footnotes":""},"categories":[2815],"tags":[1111,11,1777,674,1011,27,811,1307,12,25],"class_list":{"0":"post-363274","1":"post","2":"type-post","3":"status-publish","4":"format-standard","5":"has-post-thumbnail","7":"category-lille","8":"tag-actu","9":"tag-actualites","10":"tag-eu","11":"tag-europe","12":"tag-fr","13":"tag-france","14":"tag-hauts-de-france","15":"tag-lille","16":"tag-news","17":"tag-republique-francaise"},"share_on_mastodon":{"url":"https:\/\/pubeurope.com\/@fr\/115140490946207401","error":""},"_links":{"self":[{"href":"https:\/\/www.europesays.com\/fr\/wp-json\/wp\/v2\/posts\/363274","targetHints":{"allow":["GET"]}}],"collection":[{"href":"https:\/\/www.europesays.com\/fr\/wp-json\/wp\/v2\/posts"}],"about":[{"href":"https:\/\/www.europesays.com\/fr\/wp-json\/wp\/v2\/types\/post"}],"author":[{"embeddable":true,"href":"https:\/\/www.europesays.com\/fr\/wp-json\/wp\/v2\/users\/2"}],"replies":[{"embeddable":true,"href":"https:\/\/www.europesays.com\/fr\/wp-json\/wp\/v2\/comments?post=363274"}],"version-history":[{"count":0,"href":"https:\/\/www.europesays.com\/fr\/wp-json\/wp\/v2\/posts\/363274\/revisions"}],"wp:featuredmedia":[{"embeddable":true,"href":"https:\/\/www.europesays.com\/fr\/wp-json\/wp\/v2\/media\/363275"}],"wp:attachment":[{"href":"https:\/\/www.europesays.com\/fr\/wp-json\/wp\/v2\/media?parent=363274"}],"wp:term":[{"taxonomy":"category","embeddable":true,"href":"https:\/\/www.europesays.com\/fr\/wp-json\/wp\/v2\/categories?post=363274"},{"taxonomy":"post_tag","embeddable":true,"href":"https:\/\/www.europesays.com\/fr\/wp-json\/wp\/v2\/tags?post=363274"}],"curies":[{"name":"wp","href":"https:\/\/api.w.org\/{rel}","templated":true}]}}