{"id":363276,"date":"2025-09-03T13:00:11","date_gmt":"2025-09-03T13:00:11","guid":{"rendered":"https:\/\/www.europesays.com\/fr\/363276\/"},"modified":"2025-09-03T13:00:11","modified_gmt":"2025-09-03T13:00:11","slug":"lille-la-bonne-intuition-des-policiers-au-sujet-doccupants-dune-citroen-roulant-vers-jb-lebas","status":"publish","type":"post","link":"https:\/\/www.europesays.com\/fr\/363276\/","title":{"rendered":"Lille. La bonne intuition des policiers au sujet d&rsquo;occupants d&rsquo;une Citro\u00ebn roulant vers JB-Lebas"},"content":{"rendered":"<p>            Par<br \/>\n        <strong><br \/>\n            <a href=\"https:\/\/actu.fr\/auteur\/margot-nicodeme\" title=\"Consulter tous les articles de Margot Nicod\u00e8me\" rel=\"nofollow noopener\" target=\"_blank\">Margot Nicod\u00e8me<\/a><br \/>\n        <\/strong><\/p>\n<p>        Publi\u00e9 le<\/p>\n<p>            3 sept. 2025 \u00e0 13h36        <\/p>\n<p>Leur comportement a intrigu\u00e9 les policiers, habitu\u00e9s aux manigances. <b>Trois jeunes hommes de 19, 20 et 21 ans<\/b> ont \u00e9t\u00e9 interpell\u00e9s sur le boulevard Victor-Hugo \u00e0 <a href=\"https:\/\/actu.fr\/hauts-de-france\/lille_59350\" rel=\"nofollow noopener\" target=\"_blank\">Lille<\/a> (Nord), alors qu\u2019ils roulaient \u00e0 bord d\u2019une Citro\u00ebn C3. C\u2019\u00e9tait le mardi 2 septembre, vers 5h45.\u00a0<\/p>\n<p>Les policiers ont une intuition au sujet des occupants d\u2019une voiture qui circule \u00e0 l\u2019aube \u00e0 Lille<\/p>\n<p class=\" wall-content\">La Citro\u00ebn C3 circulait sur le boulevard Victor-Hugo donc, en direction du boulevard JB-Lebas. Quand ils aper\u00e7oivent la voiture de police derri\u00e8re eux en patrouille, <b>le conducteur \u00ab\u00a0se stationne pr\u00e9cipitamment\u00a0\u00bb<\/b>, indique une source judiciaire.<\/p>\n<p class=\" wall-content\">L\u2019\u00e9quipage de police s\u2019approche alors du v\u00e9hicule, mais les trois jeunes gens en sortent l\u00e0 aussi rapidement. Les fonctionnaires les maintiennent sur place, le temps d\u2019effectuer les v\u00e9rifications d\u2019usage, qui s\u2019av\u00e8rent fructueuses. En effet, <b>la Citro\u00ebn a \u00e9t\u00e9 vol\u00e9e<\/b>. La propri\u00e9taire, une femme de 69 ans, avait d\u00e9clar\u00e9 le larcin quelque temps auparavant.<\/p>\n<p class=\" wall-content\">Les trois individus ont \u00e9t\u00e9 interpell\u00e9s et plac\u00e9s en garde \u00e0 vue.<\/p>\n<p class=\" wall-content\">Personnalisez votre actualit\u00e9 en ajoutant vos villes et m\u00e9dias en favori avec <a href=\"https:\/\/moncompte.actu.fr\" title=\"D\u00e9couvez Mon Actu\" rel=\"nofollow noopener\" data-trk=\"{&quot;cta&quot;:{&quot;action&quot;:&quot;https:\\\/\\\/moncompte.actu.fr&quot;,&quot;category&quot;:&quot;mon compte&quot;,&quot;from&quot;:&quot;article footer&quot;,&quot;name&quot;:&quot;Mon actu&quot;,&quot;type&quot;:&quot;cta&quot;}}\" target=\"_blank\">Mon Actu<\/a>.<\/p>\n","protected":false},"excerpt":{"rendered":"Par Margot Nicod\u00e8me Publi\u00e9 le 3 sept. 2025 \u00e0 13h36 Leur comportement a intrigu\u00e9 les policiers, habitu\u00e9s aux&hellip;\n","protected":false},"author":2,"featured_media":363277,"comment_status":"","ping_status":"","sticky":false,"template":"","format":"standard","meta":{"footnotes":""},"categories":[2815],"tags":[1111,11,1777,674,118,1011,27,811,1307,12,1072,25],"class_list":{"0":"post-363276","1":"post","2":"type-post","3":"status-publish","4":"format-standard","5":"has-post-thumbnail","7":"category-lille","8":"tag-actu","9":"tag-actualites","10":"tag-eu","11":"tag-europe","12":"tag-faits-divers","13":"tag-fr","14":"tag-france","15":"tag-hauts-de-france","16":"tag-lille","17":"tag-news","18":"tag-police","19":"tag-republique-francaise"},"share_on_mastodon":{"url":"https:\/\/pubeurope.com\/@fr\/115140494958297512","error":""},"_links":{"self":[{"href":"https:\/\/www.europesays.com\/fr\/wp-json\/wp\/v2\/posts\/363276","targetHints":{"allow":["GET"]}}],"collection":[{"href":"https:\/\/www.europesays.com\/fr\/wp-json\/wp\/v2\/posts"}],"about":[{"href":"https:\/\/www.europesays.com\/fr\/wp-json\/wp\/v2\/types\/post"}],"author":[{"embeddable":true,"href":"https:\/\/www.europesays.com\/fr\/wp-json\/wp\/v2\/users\/2"}],"replies":[{"embeddable":true,"href":"https:\/\/www.europesays.com\/fr\/wp-json\/wp\/v2\/comments?post=363276"}],"version-history":[{"count":0,"href":"https:\/\/www.europesays.com\/fr\/wp-json\/wp\/v2\/posts\/363276\/revisions"}],"wp:featuredmedia":[{"embeddable":true,"href":"https:\/\/www.europesays.com\/fr\/wp-json\/wp\/v2\/media\/363277"}],"wp:attachment":[{"href":"https:\/\/www.europesays.com\/fr\/wp-json\/wp\/v2\/media?parent=363276"}],"wp:term":[{"taxonomy":"category","embeddable":true,"href":"https:\/\/www.europesays.com\/fr\/wp-json\/wp\/v2\/categories?post=363276"},{"taxonomy":"post_tag","embeddable":true,"href":"https:\/\/www.europesays.com\/fr\/wp-json\/wp\/v2\/tags?post=363276"}],"curies":[{"name":"wp","href":"https:\/\/api.w.org\/{rel}","templated":true}]}}