{"id":363278,"date":"2025-09-03T13:01:11","date_gmt":"2025-09-03T13:01:11","guid":{"rendered":"https:\/\/www.europesays.com\/fr\/363278\/"},"modified":"2025-09-03T13:01:11","modified_gmt":"2025-09-03T13:01:11","slug":"le-candidat-de-la-telerealite-greg-yega-agresse-par-trois-individus","status":"publish","type":"post","link":"https:\/\/www.europesays.com\/fr\/363278\/","title":{"rendered":"le candidat de la t\u00e9l\u00e9r\u00e9alit\u00e9 Greg Yega agress\u00e9 par trois individus"},"content":{"rendered":"<p>Les images de l\u2019agression ont rapidement circul\u00e9 sur les r\u00e9seaux sociaux. Greg Yega, candidat de t\u00e9l\u00e9r\u00e9alit\u00e9 r\u00e9v\u00e9l\u00e9 dans Les Marseillais sur W9, a \u00e9t\u00e9 violemment attaqu\u00e9 par trois individus samedi soir, \u00e0 Marseille (Bouches-du-Rh\u00f4ne), alors qu\u2019il sortait d\u2019une bo\u00eete de nuit. L\u2019influenceur de 31 ans est revenu sur la sc\u00e8ne dans une story publi\u00e9e lundi sur Instagram.<\/p>\n<p>Ce contenu est bloqu\u00e9 car vous n&rsquo;avez pas accept\u00e9 les cookies et autres traceurs.<\/p>\n<p>En cliquant sur \u00ab J\u2019accepte \u00bb, les cookies et autres traceurs seront d\u00e9pos\u00e9s et vous pourrez visualiser les contenus  (<a href=\"\" class=\"consentModule_policy\" target=\"_blank\" title=\"Consulter la politique de protection des donn\u00e9es du fournisseur\">plus d&rsquo;informations<\/a>).<\/p>\n<p>En cliquant sur \u00ab J\u2019accepte tous les cookies \u00bb, vous autorisez des d\u00e9p\u00f4ts de cookies et autres traceurs pour le stockage de vos donn\u00e9es sur nos sites et applications \u00e0 des fins de personnalisation et de ciblage publicitaire.<\/p>\n<p class=\"consentModule_secondaryText\">Vous gardez la possibilit\u00e9 de retirer votre consentement \u00e0 tout moment en consultant notre <a href=\"https:\/\/www.ledauphine.com\/protection-des-donnees\" target=\"_blank\" title=\"Consulter notre politique de protection des donn\u00e9es\" rel=\"nofollow noopener\">politique de protection des donn\u00e9es<\/a>. <br \/>&#13;<br \/>\n            <a href=\"https:\/\/www.ledauphine.com\/faits-divers-justice\/2025\/09\/03\/javascript:Didomi.notice.show()\" class=\"consentModule_cmp\" rel=\"nofollow noopener\" target=\"_blank\">G\u00e9rer mes choix<\/a>&#13;\n        <\/p>\n<p>&#13;<br \/>\n                        J&rsquo;accepte&#13;<br \/>\n            J&rsquo;accepte tous les cookies&#13;\n        <\/p>\n<p>  \u00ab J&rsquo;ai peur de sortir\u00a0\u00bb<\/p>\n<p>\u00ab\u00a0Samedi soir je me suis fait agresser par trois individus qui m\u2019ont demand\u00e9 de l\u2019argent. Je leur ai dit que je n\u2019en avais pas. L\u2019un d\u2019eux m\u2019a mis un coup de coude en tra\u00eetre \u00bb, raconte-t-il. Sur la vid\u00e9o, on peut le voir s\u2019effondrer au sol apr\u00e8s l\u2019avoir re\u00e7u. Puis c\u2019est le trou noir. \u00ab\u00a0Je me suis r\u00e9veill\u00e9 dans le camion des pompiers\u00a0\u00bb, poursuit Greg Yega.<\/p>\n<p>Cette agression n\u2019est malheureusement pas un cas isol\u00e9 pour celui que ses fans surnomment \u201cBebew\u201d. \u00ab J\u2019en ai marre, je crois que c\u2019est ma 10e agression et je n\u2019en peux plus \u00bb, confie-t-il, expliquant avoir d\u00e9sormais \u00ab peur de sortir, peur de bouger \u00bb. L\u2019influenceur pointe aussi du doigt le comportement des t\u00e9moins de la sc\u00e8ne. \u00ab\u00a0Je ne trouve pas \u00e7a normal qu\u2019on me filme quand je me prends un KO.\u00a0\u00bb<\/p>\n","protected":false},"excerpt":{"rendered":"Les images de l\u2019agression ont rapidement circul\u00e9 sur les r\u00e9seaux sociaux. Greg Yega, candidat de t\u00e9l\u00e9r\u00e9alit\u00e9 r\u00e9v\u00e9l\u00e9 dans&hellip;\n","protected":false},"author":2,"featured_media":363279,"comment_status":"","ping_status":"","sticky":false,"template":"","format":"standard","meta":{"footnotes":""},"categories":[2814],"tags":[1111,11,1777,674,274,107,1011,27,329,884,12,973,882,25,104,2205],"class_list":{"0":"post-363278","1":"post","2":"type-post","3":"status-publish","4":"format-standard","5":"has-post-thumbnail","7":"category-marseille","8":"tag-actu","9":"tag-actualites","10":"tag-eu","11":"tag-europe","12":"tag-faits-divers-justice","13":"tag-fil-info","14":"tag-fr","15":"tag-france","16":"tag-france-monde","17":"tag-marseille","18":"tag-news","19":"tag-people","20":"tag-provence-alpes-cote-dazur","21":"tag-republique-francaise","22":"tag-societe","23":"tag-television-medias"},"share_on_mastodon":{"url":"https:\/\/pubeurope.com\/@fr\/115140499125653524","error":""},"_links":{"self":[{"href":"https:\/\/www.europesays.com\/fr\/wp-json\/wp\/v2\/posts\/363278","targetHints":{"allow":["GET"]}}],"collection":[{"href":"https:\/\/www.europesays.com\/fr\/wp-json\/wp\/v2\/posts"}],"about":[{"href":"https:\/\/www.europesays.com\/fr\/wp-json\/wp\/v2\/types\/post"}],"author":[{"embeddable":true,"href":"https:\/\/www.europesays.com\/fr\/wp-json\/wp\/v2\/users\/2"}],"replies":[{"embeddable":true,"href":"https:\/\/www.europesays.com\/fr\/wp-json\/wp\/v2\/comments?post=363278"}],"version-history":[{"count":0,"href":"https:\/\/www.europesays.com\/fr\/wp-json\/wp\/v2\/posts\/363278\/revisions"}],"wp:featuredmedia":[{"embeddable":true,"href":"https:\/\/www.europesays.com\/fr\/wp-json\/wp\/v2\/media\/363279"}],"wp:attachment":[{"href":"https:\/\/www.europesays.com\/fr\/wp-json\/wp\/v2\/media?parent=363278"}],"wp:term":[{"taxonomy":"category","embeddable":true,"href":"https:\/\/www.europesays.com\/fr\/wp-json\/wp\/v2\/categories?post=363278"},{"taxonomy":"post_tag","embeddable":true,"href":"https:\/\/www.europesays.com\/fr\/wp-json\/wp\/v2\/tags?post=363278"}],"curies":[{"name":"wp","href":"https:\/\/api.w.org\/{rel}","templated":true}]}}