{"id":363280,"date":"2025-09-03T13:02:19","date_gmt":"2025-09-03T13:02:19","guid":{"rendered":"https:\/\/www.europesays.com\/fr\/363280\/"},"modified":"2025-09-03T13:02:19","modified_gmt":"2025-09-03T13:02:19","slug":"la-piste-du-mobile-prive-privilegie-par-les-enqueteurs","status":"publish","type":"post","link":"https:\/\/www.europesays.com\/fr\/363280\/","title":{"rendered":"la piste du \u00ab\u00a0mobile priv\u00e9\u00a0\u00bb privil\u00e9gi\u00e9 par les enqu\u00eateurs"},"content":{"rendered":"<p>Attaque au couteau \u00e0 Marseille: la piste du \u00ab\u00a0mobile priv\u00e9\u00a0\u00bb privil\u00e9gi\u00e9 par les enqu\u00eateursSur le m\u00eame sujet<a href=\"https:\/\/www.bfmtv.com\/police-justice\/video-suicide-d-une-directrice-comment-va-se-derouler-l-enquete-lancee-par-l-education-nationale_VN-202509030540.html\" title=\"Suicide d&#039;une directrice: comment va se d\u00e9rouler l&#039;enqu\u00eate lanc\u00e9e par l&#039;\u00c9ducation nationale ?\" rel=\"nofollow noopener\" target=\"_blank\"><img width=\"16\" height=\"9\" class=\"lozad\"  alt=\"Suicide d'une directrice: comment va se d\u00e9rouler l'enqu\u00eate lanc\u00e9e par l'\u00c9ducation nationale ?\"\/>1:11Suicide d&rsquo;une directrice: comment va se d\u00e9rouler l&rsquo;enqu\u00eate lanc\u00e9e par l&rsquo;\u00c9ducation nationale ?<\/a><a href=\"https:\/\/www.bfmtv.com\/police-justice\/video-stop-immigration-des-tags-racistes-apparus-sur-des-panneaux-stop-dans-la-metropole-de-lyon_VN-202509030489.html\" title=\"&quot;Stop immigration&quot;: des tags racistes apparus sur des panneaux stop dans la M\u00e9tropole de Lyon\" rel=\"nofollow noopener\" target=\"_blank\"><img width=\"16\" height=\"9\" class=\"lozad\"  alt=\"&quot;Stop immigration&quot;: des tags racistes apparus sur des panneaux stop dans la M\u00e9tropole de Lyon\"\/>1:06&Prime;Stop immigration\u00a0\u00bb: des tags racistes apparus sur des panneaux stop dans la M\u00e9tropole de Lyon<\/a><a href=\"https:\/\/www.bfmtv.com\/police-justice\/video-ces-cannois-ont-decide-de-rejoindre-le-mouvement-bloquons-tout-le-10-septembre_VN-202509030485.html\" title=\"Ces Cannois ont d\u00e9cid\u00e9 de rejoindre le mouvement &quot;Bloquons tout&quot; le 10 septembre\" rel=\"nofollow noopener\" target=\"_blank\"><img width=\"16\" height=\"9\" class=\"lozad\"  alt=\"Ces Cannois ont d\u00e9cid\u00e9 de rejoindre le mouvement &quot;Bloquons tout&quot; le 10 septembre\"\/>1:04Ces Cannois ont d\u00e9cid\u00e9 de rejoindre le mouvement \u00ab\u00a0Bloquons tout\u00a0\u00bb le 10 septembre<\/a><a href=\"https:\/\/www.bfmtv.com\/police-justice\/video-attaque-au-couteau-a-marseille-la-piste-du-mobile-prive-privilegie-par-les-enqueteurs_VN-202509030466.html\" title=\"Attaque au couteau \u00e0 Marseille: la piste du &quot;mobile priv\u00e9&quot; privil\u00e9gi\u00e9 par les enqu\u00eateurs\" rel=\"nofollow noopener\" target=\"_blank\"><img width=\"16\" height=\"9\" class=\"lozad\"  alt=\"Attaque au couteau \u00e0 Marseille: la piste du &quot;mobile priv\u00e9&quot; privil\u00e9gi\u00e9 par les enqu\u00eateurs\"\/>en lectureAttaque au couteau \u00e0 Marseille: la piste du \u00ab\u00a0mobile priv\u00e9\u00a0\u00bb privil\u00e9gi\u00e9 par les enqu\u00eateurs<\/a><a href=\"https:\/\/www.bfmtv.com\/police-justice\/video-un-pianiste-de-rue-agresse-par-un-passant-a-nice_VN-202509030464.html\" title=\"Un pianiste de rue agress\u00e9 par un passant \u00e0 Nice\" rel=\"nofollow noopener\" target=\"_blank\"><img width=\"16\" height=\"9\" class=\"lozad\"  alt=\"Un pianiste de rue agress\u00e9 par un passant \u00e0 Nice\"\/>1:40Un pianiste de rue agress\u00e9 par un passant \u00e0 Nice<\/a><a href=\"https:\/\/www.bfmtv.com\/police-justice\/video-10-septembre-l-inquietude-du-renseignement-territorial_VN-202509030412.html\" title=\"10 septembre: l&#039;inqui\u00e9tude du renseignement territorial\" rel=\"nofollow noopener\" target=\"_blank\"><img width=\"16\" height=\"9\" class=\"lozad\"  alt=\"10 septembre: l'inqui\u00e9tude du renseignement territorial\"\/>1:2610 septembre: l&rsquo;inqui\u00e9tude du renseignement territorial<\/a><a href=\"https:\/\/www.bfmtv.com\/police-justice\/video-une-victime-temoigne-apres-l-attaque-au-couteau-a-marseille_VN-202509030376.html\" title=\"Une victime t\u00e9moigne apr\u00e8s l&#039;attaque au couteau \u00e0 Marseille\" rel=\"nofollow noopener\" target=\"_blank\"><img width=\"16\" height=\"9\" class=\"lozad\"  alt=\"Une victime t\u00e9moigne apr\u00e8s l'attaque au couteau \u00e0 Marseille\"\/>0:52Une victime t\u00e9moigne apr\u00e8s l&rsquo;attaque au couteau \u00e0 Marseille<\/a><a href=\"https:\/\/www.bfmtv.com\/lyon\/videos\/video-la-maire-de-venissieux-demande-au-ministre-de-l-interieur-d-agir-contre-le-narcotrafic_VN-202509030258.html\" title=\"La maire de V\u00e9nissieux demande au ministre de l&#039;Int\u00e9rieur d\u2019agir contre le narcotrafic\" rel=\"nofollow noopener\" target=\"_blank\"><img width=\"16\" height=\"9\" class=\"lozad\"  alt=\"La maire de V\u00e9nissieux demande au ministre de l'Int\u00e9rieur d\u2019agir contre le narcotrafic\"\/>1:51La maire de V\u00e9nissieux demande au ministre de l&rsquo;Int\u00e9rieur d\u2019agir contre le narcotrafic<\/a><a href=\"https:\/\/www.bfmtv.com\/police-justice\/video-une-enquete-ouverte-apres-le-suicide-d-une-directrice-d-ecole-dans-le-cantal-le-jour-de-la-rentree_VN-202509030208.html\" title=\"Une enqu\u00eate ouverte apr\u00e8s le suicide d&#039;une directrice d&#039;\u00e9cole dans le Cantal le jour de la rentr\u00e9e\" rel=\"nofollow noopener\" target=\"_blank\"><img width=\"16\" height=\"9\" class=\"lozad\"  alt=\"Une enqu\u00eate ouverte apr\u00e8s le suicide d'une directrice d'\u00e9cole dans le Cantal le jour de la rentr\u00e9e\"\/>1:27Une enqu\u00eate ouverte apr\u00e8s le suicide d&rsquo;une directrice d&rsquo;\u00e9cole dans le Cantal le jour de la rentr\u00e9e<\/a><a href=\"https:\/\/www.bfmtv.com\/police-justice\/video-disparition-d-estelle-mouzin-la-justice-va-se-prononcer-ce-mercredi-sur-une-eventuelle-faute-lourde-de-l-etat_VN-202509030144.html\" title=\"Disparition d&#039;Estelle Mouzin: la justice va se prononcer ce mercredi sur une \u00e9ventuelle &quot;faute lourde&quot; de l&#039;\u00c9tat&quot;\" rel=\"nofollow noopener\" target=\"_blank\"><img width=\"16\" height=\"9\" class=\"lozad\"  alt=\"Disparition d'Estelle Mouzin: la justice va se prononcer ce mercredi sur une \u00e9ventuelle &quot;faute lourde&quot; de l'\u00c9tat&quot;\"\/>1:18Disparition d&rsquo;Estelle Mouzin: la justice va se prononcer ce mercredi sur une \u00e9ventuelle \u00ab\u00a0faute lourde\u00a0\u00bb de l&rsquo;\u00c9tat\u00a0\u00bb<\/a><a href=\"https:\/\/www.bfmtv.com\/police-justice\/video-motivations-profil-du-suspect-ce-que-l-on-sait-de-l-attaque-au-couteau-dans-un-hotel-a-marseille_VN-202509030068.html\" title=\"Motivations, profil du suspect... Ce que l&#039;on sait de l&#039;attaque au couteau dans un h\u00f4tel \u00e0 Marseille\" rel=\"nofollow noopener\" target=\"_blank\"><img width=\"16\" height=\"9\" class=\"lozad\"  alt=\"Motivations, profil du suspect... Ce que l'on sait de l'attaque au couteau dans un h\u00f4tel \u00e0 Marseille\"\/>1:27Motivations, profil du suspect&#8230; Ce que l&rsquo;on sait de l&rsquo;attaque au couteau dans un h\u00f4tel \u00e0 Marseille<\/a><a href=\"https:\/\/www.bfmtv.com\/police-justice\/video-affaire-depardieu-la-credibilite-de-la-plaignante-est-affectee-souligne-jeremie-assous-avocat-de-gerard-depardieu_VN-202509020912.html\" title=\"Affaire Depardieu: &quot;La cr\u00e9dibilit\u00e9 de la plaignante est affect\u00e9e&quot;, souligne J\u00e9r\u00e9mie Assous, avocat de G\u00e9rard Depardieu\" rel=\"nofollow noopener\" target=\"_blank\"><img width=\"16\" height=\"9\" class=\"lozad\"  alt=\"Affaire Depardieu: &quot;La cr\u00e9dibilit\u00e9 de la plaignante est affect\u00e9e&quot;, souligne J\u00e9r\u00e9mie Assous, avocat de G\u00e9rard Depardieu\"\/>3:19Affaire Depardieu: \u00ab\u00a0La cr\u00e9dibilit\u00e9 de la plaignante est affect\u00e9e\u00a0\u00bb, souligne J\u00e9r\u00e9mie Assous, avocat de G\u00e9rard Depardieu<\/a><a href=\"https:\/\/www.bfmtv.com\/police-justice\/video-affaire-depardieu-sur-les-images-on-voit-une-jeune-femme-se-promener-rigoler-et-l-embrasser-indique-jeremie-assous-avocat-de-gerard-depardieu_VN-202509020905.html\" title=\"Affaire Depardieu: &quot;Sur les images, on voit une jeune femme se promener, rigoler et l&#039;embrasser&quot;, indique J\u00e9r\u00e9mie Assous, avocat de G\u00e9rard Depardieu\" rel=\"nofollow noopener\" target=\"_blank\"><img width=\"16\" height=\"9\" class=\"lozad\"  alt=\"Affaire Depardieu: &quot;Sur les images, on voit une jeune femme se promener, rigoler et l'embrasser&quot;, indique J\u00e9r\u00e9mie Assous, avocat de G\u00e9rard Depardieu\"\/>3:19Affaire Depardieu: \u00ab\u00a0Sur les images, on voit une jeune femme se promener, rigoler et l&#8217;embrasser\u00a0\u00bb, indique J\u00e9r\u00e9mie Assous, avocat de G\u00e9rard Depardieu<\/a><a href=\"https:\/\/www.bfmtv.com\/police-justice\/video-le-magistrat-instructeur-a-uvre-depuis-2020-a-ce-que-gerard-depardieu-soit-renvoye-devant-une-juridiction-de-jugement-affirme-jeremie-assous-avocat-de-l-acteur_VN-202509020899.html\" title=\"&quot;Le magistrat instructeur a \u0153uvr\u00e9, depuis 2020, \u00e0 ce que G\u00e9rard Depardieu soit renvoy\u00e9 devant une juridiction de jugement&quot;, affirme J\u00e9r\u00e9mie Assous, avocat de l&#039;acteur\" rel=\"nofollow noopener\" target=\"_blank\"><img width=\"16\" height=\"9\" class=\"lozad\"  alt=\"&quot;Le magistrat instructeur a \u0153uvr\u00e9, depuis 2020, \u00e0 ce que G\u00e9rard Depardieu soit renvoy\u00e9 devant une juridiction de jugement&quot;, affirme J\u00e9r\u00e9mie Assous, avocat de l'acteur\"\/>2:10&Prime;Le magistrat instructeur a \u0153uvr\u00e9, depuis 2020, \u00e0 ce que G\u00e9rard Depardieu soit renvoy\u00e9 devant une juridiction de jugement\u00a0\u00bb, affirme J\u00e9r\u00e9mie Assous, avocat de l&rsquo;acteur<\/a><a class=\"jumpToVideo\" target=\"_blank\"><img class=\"thumbnailPreview\"\/><\/a><\/p>\n","protected":false},"excerpt":{"rendered":"Attaque au couteau \u00e0 Marseille: la piste du \u00ab\u00a0mobile priv\u00e9\u00a0\u00bb privil\u00e9gi\u00e9 par les enqu\u00eateursSur le m\u00eame sujet1:11Suicide d&rsquo;une&hellip;\n","protected":false},"author":2,"featured_media":363281,"comment_status":"","ping_status":"","sticky":false,"template":"","format":"standard","meta":{"footnotes":""},"categories":[2814],"tags":[1111,11,1777,674,1011,27,884,12,882,25],"class_list":{"0":"post-363280","1":"post","2":"type-post","3":"status-publish","4":"format-standard","5":"has-post-thumbnail","7":"category-marseille","8":"tag-actu","9":"tag-actualites","10":"tag-eu","11":"tag-europe","12":"tag-fr","13":"tag-france","14":"tag-marseille","15":"tag-news","16":"tag-provence-alpes-cote-dazur","17":"tag-republique-francaise"},"share_on_mastodon":{"url":"https:\/\/pubeurope.com\/@fr\/115140502758989650","error":""},"_links":{"self":[{"href":"https:\/\/www.europesays.com\/fr\/wp-json\/wp\/v2\/posts\/363280","targetHints":{"allow":["GET"]}}],"collection":[{"href":"https:\/\/www.europesays.com\/fr\/wp-json\/wp\/v2\/posts"}],"about":[{"href":"https:\/\/www.europesays.com\/fr\/wp-json\/wp\/v2\/types\/post"}],"author":[{"embeddable":true,"href":"https:\/\/www.europesays.com\/fr\/wp-json\/wp\/v2\/users\/2"}],"replies":[{"embeddable":true,"href":"https:\/\/www.europesays.com\/fr\/wp-json\/wp\/v2\/comments?post=363280"}],"version-history":[{"count":0,"href":"https:\/\/www.europesays.com\/fr\/wp-json\/wp\/v2\/posts\/363280\/revisions"}],"wp:featuredmedia":[{"embeddable":true,"href":"https:\/\/www.europesays.com\/fr\/wp-json\/wp\/v2\/media\/363281"}],"wp:attachment":[{"href":"https:\/\/www.europesays.com\/fr\/wp-json\/wp\/v2\/media?parent=363280"}],"wp:term":[{"taxonomy":"category","embeddable":true,"href":"https:\/\/www.europesays.com\/fr\/wp-json\/wp\/v2\/categories?post=363280"},{"taxonomy":"post_tag","embeddable":true,"href":"https:\/\/www.europesays.com\/fr\/wp-json\/wp\/v2\/tags?post=363280"}],"curies":[{"name":"wp","href":"https:\/\/api.w.org\/{rel}","templated":true}]}}