{"id":363284,"date":"2025-09-03T13:04:15","date_gmt":"2025-09-03T13:04:15","guid":{"rendered":"https:\/\/www.europesays.com\/fr\/363284\/"},"modified":"2025-09-03T13:04:15","modified_gmt":"2025-09-03T13:04:15","slug":"des-remous-autour-du-depart-de-la-directrice","status":"publish","type":"post","link":"https:\/\/www.europesays.com\/fr\/363284\/","title":{"rendered":"des remous autour du d\u00e9part de la directrice"},"content":{"rendered":"<p>Le 12\u00a0juillet dernier, la directrice g\u00e9n\u00e9rale de la Biennale de Lyon (qui regroupe la Biennale de la danse et celle d\u2019art contemporain), Sabine Longin, annon\u00e7ait une d\u00e9mission surprise, un peu plus d\u2019un an apr\u00e8s son entr\u00e9e en fonction et \u00e0 quelques semaines de la manifestation <a href=\"https:\/\/www.leprogres.fr\/culture-loisirs\/2025\/05\/13\/biennale-de-la-danse-en-septembre-a-lyon-une-edition-creative-participative-et-bresilienne\" target=\"_blank\" rel=\"noopener\">qui d\u00e9bute ce 6\u00a0septembre<\/a>. Le site Rue89 Lyon a r\u00e9v\u00e9l\u00e9 ce qui pourrait \u00eatre les dessous de ce d\u00e9part pr\u00e9cipit\u00e9.<\/p>\n<p>Selon <a href=\"https:\/\/www.rue89lyon.fr\/2025\/08\/29\/directrice-biennale-lyon-mise-pied-avant-demission\/\" target=\"_blank\" rel=\"noopener\">l\u2019enqu\u00eate de nos confr\u00e8res<\/a> , Sabine Longin \u00ab\u00a0\u00e9t\u00e9 mise \u00e0 pied d\u00e9but juillet, avant sa d\u00e9mission. Elle aurait ensuite re\u00e7u une lettre recommand\u00e9e le 8\u00a0juillet, pour un entretien pr\u00e9alable \u00e0 un licenciement\u00a0\u00bb. Ils indiquent aussi qu\u2019une \u00ab\u00a0alerte de la m\u00e9decine du travail apr\u00e8s des t\u00e9moignages de salari\u00e9s visant le management\u00a0\u00bb avait eu lieu de la part \u00ab\u00a0d\u2019une dizaine de salari\u00e9s\u00a0\u00bb.<\/p>\n<p>  Une \u00ab d\u00e9gradation des conditions de travail \u00bb<\/p>\n<p>Les signalements \u00ab\u00a0concerneraient des \u201ccomportements inappropri\u00e9s\u201d, une \u201cattitude humiliante\u201d, des \u201cpressions\u201d instaurant \u201cun climat anxiog\u00e8ne\u201d et une d\u00e9gradation des conditions de travail au sein de l\u2019\u00e9quipe\u00a0\u00bb.\u00a0Cit\u00e9e par Rue 89Lyon, Sabine Longin \u00ab\u00a0conteste fermement les \u00e9l\u00e9ments qui ont pr\u00e9valu \u00e0 la fin de son pr\u00e9avis\u00a0\u00bb.<\/p>\n<p>Contact\u00e9e par nos soins, la Biennale de Lyon nous a indiqu\u00e9 que \u00ab\u00a0pour des raisons de confidentialit\u00e9, Laurent Bayle (pr\u00e9sident de la Biennale) ne peut pas commenter une proc\u00e9dure en cours\u00a0\u00bb.<\/p>\n<p class=\"note\"><a href=\"https:\/\/www.rue89lyon.fr\/2025\/08\/29\/directrice-biennale-lyon-mise-pied-avant-demission\/\" target=\"_blank\" rel=\"noopener\">Lire l\u2019article complet de Rue89 Lyon.<\/a><\/p>\n","protected":false},"excerpt":{"rendered":"Le 12\u00a0juillet dernier, la directrice g\u00e9n\u00e9rale de la Biennale de Lyon (qui regroupe la Biennale de la danse&hellip;\n","protected":false},"author":2,"featured_media":363285,"comment_status":"","ping_status":"","sticky":false,"template":"","format":"standard","meta":{"footnotes":""},"categories":[1889],"tags":[1111,11,2430,1687,2757,1777,674,2271,1011,27,2428,2756,12,25,2429,3140],"class_list":{"0":"post-363284","1":"post","2":"type-post","3":"status-publish","4":"format-standard","5":"has-post-thumbnail","7":"category-lyon","8":"tag-actu","9":"tag-actualites","10":"tag-auvergne-rhone-alpes","11":"tag-culture-loisirs","12":"tag-edition-lyon-villeurbanne","13":"tag-eu","14":"tag-europe","15":"tag-exposition-arts-plastiques","16":"tag-fr","17":"tag-france","18":"tag-lyon","19":"tag-lyon-bassin","20":"tag-news","21":"tag-republique-francaise","22":"tag-rhone","23":"tag-spectacle"},"share_on_mastodon":{"url":"https:\/\/pubeurope.com\/@fr\/115140510488752238","error":""},"_links":{"self":[{"href":"https:\/\/www.europesays.com\/fr\/wp-json\/wp\/v2\/posts\/363284","targetHints":{"allow":["GET"]}}],"collection":[{"href":"https:\/\/www.europesays.com\/fr\/wp-json\/wp\/v2\/posts"}],"about":[{"href":"https:\/\/www.europesays.com\/fr\/wp-json\/wp\/v2\/types\/post"}],"author":[{"embeddable":true,"href":"https:\/\/www.europesays.com\/fr\/wp-json\/wp\/v2\/users\/2"}],"replies":[{"embeddable":true,"href":"https:\/\/www.europesays.com\/fr\/wp-json\/wp\/v2\/comments?post=363284"}],"version-history":[{"count":0,"href":"https:\/\/www.europesays.com\/fr\/wp-json\/wp\/v2\/posts\/363284\/revisions"}],"wp:featuredmedia":[{"embeddable":true,"href":"https:\/\/www.europesays.com\/fr\/wp-json\/wp\/v2\/media\/363285"}],"wp:attachment":[{"href":"https:\/\/www.europesays.com\/fr\/wp-json\/wp\/v2\/media?parent=363284"}],"wp:term":[{"taxonomy":"category","embeddable":true,"href":"https:\/\/www.europesays.com\/fr\/wp-json\/wp\/v2\/categories?post=363284"},{"taxonomy":"post_tag","embeddable":true,"href":"https:\/\/www.europesays.com\/fr\/wp-json\/wp\/v2\/tags?post=363284"}],"curies":[{"name":"wp","href":"https:\/\/api.w.org\/{rel}","templated":true}]}}