{"id":363286,"date":"2025-09-03T13:06:13","date_gmt":"2025-09-03T13:06:13","guid":{"rendered":"https:\/\/www.europesays.com\/fr\/363286\/"},"modified":"2025-09-03T13:06:13","modified_gmt":"2025-09-03T13:06:13","slug":"pecresse-prefere-une-presidentielle-anticipee-a-une-nouvelle-dissolution","status":"publish","type":"post","link":"https:\/\/www.europesays.com\/fr\/363286\/","title":{"rendered":"P\u00e9cresse pr\u00e9f\u00e8re une pr\u00e9sidentielle anticip\u00e9e \u00e0 une nouvelle dissolution"},"content":{"rendered":"<p><img loading=\"lazy\" decoding=\"async\" alt=\"\u00a9 AP\/Antonin Albert - La pr\u00e9sidente de l\u2019\u00cele-de-France estime qu\u2019un retour aux urnes devrait passer par l\u2019\u00e9lection pr\u00e9sidentielle plut\u00f4t que par une deuxi\u00e8me dissolution.\" data-zoom-src=\"https:\/\/www.europesays.com\/fr\/wp-content\/uploads\/2025\/09\/initial-valerie-pecresse.jpg\" data-zoomable=\"\" height=\"702\" src=\"https:\/\/www.europesays.com\/fr\/wp-content\/uploads\/2025\/09\/initial-valerie-pecresse.jpg\" width=\"1248\"\/>  <\/p>\n<p class=\"article-desc\">\u00a9 AP\/Antonin Albert &#8211; La pr\u00e9sidente de l\u2019\u00cele-de-France estime qu\u2019un retour aux urnes devrait passer par l\u2019\u00e9lection pr\u00e9sidentielle plut\u00f4t que par une deuxi\u00e8me dissolution. <\/p>\n<p>\u00c0 une quelques jour du <strong>vote de confiance<\/strong> crucial demand\u00e9 par <a href=\"https:\/\/mesinfos.fr\/francois-bayrou-sa-tournee-d-adieux-a-matignon-avec-les-chefs-de-partis-229076.html\" rel=\"noopener nofollow\" target=\"_blank\">Fran\u00e7ois Bayrou<\/a> \u00e0 l\u2019Assembl\u00e9e nationale, <strong>Val\u00e9rie P\u00e9cresse <\/strong>a pris position sur l\u2019issue politique de la crise budg\u00e9taire. Invit\u00e9e sur BFMTV, la <strong>pr\u00e9sidente LR de la r\u00e9gion \u00cele-de-France<\/strong> a jug\u00e9 que, faute d\u2019un accord de non-censure permettant au gouvernement de poursuivre son action, <strong>\u201cun retour aux urnes\u201d serait in\u00e9vitable<\/strong>. Mais pour l\u2019ancienne candidate \u00e0 la pr\u00e9sidentielle, la voie \u00e0 suivre ne serait pas celle d\u2019une dissolution, d\u00e9j\u00e0 tent\u00e9e l\u2019an dernier, mais celle d\u2019une \u00e9lection pr\u00e9sidentielle anticip\u00e9e. <\/p>\n<p>Pour <a href=\"https:\/\/mesinfos.fr\/ile-de-france\/valerie-pecresse-je-serai-de-la-bataille-pour-2027-217987.html\" rel=\"noopener nofollow\" target=\"_blank\">Val\u00e9rie P\u00e9cresse<\/a>, r\u00e9p\u00e9ter le sc\u00e9nario de 2024 reviendrait \u00e0 fragiliser encore davantage la vie politique. \u201cJe ne crois pas qu\u2019une deuxi\u00e8me dissolution apporte la stabilit\u00e9 au pays, qu\u2019elle lutte contre le fractionnement politique\u201d, a-t-elle affirm\u00e9. La responsable francilienne a insist\u00e9 sur le fait qu\u2019un tel choix constituerait \u201cun deuxi\u00e8me \u00e9chec\u201d du pouvoir ex\u00e9cutif, incapable de d\u00e9gager une <strong>majorit\u00e9 stable au Parlement<\/strong>.<\/p>\n<p>  La pr\u00e9sidentielle comme issue politique <\/p>\n<p>Sans appeler explicitement <strong>Emmanuel Macron<\/strong> \u00e0 quitter l\u2019\u00c9lys\u00e9e, <a href=\"https:\/\/mesinfos.fr\/77190-dammarie-les-lys\/valerie-pecresse-vient-defendre-son-action-en-seine-et-marne-217968.html\" rel=\"noopener nofollow\" target=\"_blank\">Val\u00e9rie P\u00e9cresse<\/a> consid\u00e8re qu\u2019il serait de sa responsabilit\u00e9, en cas d\u2019impasse, de convoquer les Fran\u00e7ais pour une <strong>\u00e9lection pr\u00e9sidentielle anticip\u00e9e<\/strong>. \u201cJe ne dis pas qu\u2019il doit partir, je dis que sa d\u00e9cision sera de convoquer les Fran\u00e7ais aux urnes\u201d, a-t-elle pr\u00e9cis\u00e9, ajoutant qu\u2019il s\u2019agirait de l\u2019option \u201csouhaitable\u201d face au blocage institutionnel.<\/p>\n","protected":false},"excerpt":{"rendered":"\u00a9 AP\/Antonin Albert &#8211; La pr\u00e9sidente de l\u2019\u00cele-de-France estime qu\u2019un retour aux urnes devrait passer par l\u2019\u00e9lection pr\u00e9sidentielle&hellip;\n","protected":false},"author":2,"featured_media":363287,"comment_status":"","ping_status":"","sticky":false,"template":"","format":"standard","meta":{"footnotes":""},"categories":[1592],"tags":[1111,11,1777,674,1011,27,662,12,626,25,49807,4494],"class_list":{"0":"post-363286","1":"post","2":"type-post","3":"status-publish","4":"format-standard","5":"has-post-thumbnail","7":"category-ile-de-france","8":"tag-actu","9":"tag-actualites","10":"tag-eu","11":"tag-europe","12":"tag-fr","13":"tag-france","14":"tag-ile-de-france","15":"tag-news","16":"tag-paris","17":"tag-republique-francaise","18":"tag-u00c9lection-pru00e9sidentielle","19":"tag-valu00e9rie-pu00e9cresse"},"share_on_mastodon":{"url":"https:\/\/pubeurope.com\/@fr\/115140518817681357","error":""},"_links":{"self":[{"href":"https:\/\/www.europesays.com\/fr\/wp-json\/wp\/v2\/posts\/363286","targetHints":{"allow":["GET"]}}],"collection":[{"href":"https:\/\/www.europesays.com\/fr\/wp-json\/wp\/v2\/posts"}],"about":[{"href":"https:\/\/www.europesays.com\/fr\/wp-json\/wp\/v2\/types\/post"}],"author":[{"embeddable":true,"href":"https:\/\/www.europesays.com\/fr\/wp-json\/wp\/v2\/users\/2"}],"replies":[{"embeddable":true,"href":"https:\/\/www.europesays.com\/fr\/wp-json\/wp\/v2\/comments?post=363286"}],"version-history":[{"count":0,"href":"https:\/\/www.europesays.com\/fr\/wp-json\/wp\/v2\/posts\/363286\/revisions"}],"wp:featuredmedia":[{"embeddable":true,"href":"https:\/\/www.europesays.com\/fr\/wp-json\/wp\/v2\/media\/363287"}],"wp:attachment":[{"href":"https:\/\/www.europesays.com\/fr\/wp-json\/wp\/v2\/media?parent=363286"}],"wp:term":[{"taxonomy":"category","embeddable":true,"href":"https:\/\/www.europesays.com\/fr\/wp-json\/wp\/v2\/categories?post=363286"},{"taxonomy":"post_tag","embeddable":true,"href":"https:\/\/www.europesays.com\/fr\/wp-json\/wp\/v2\/tags?post=363286"}],"curies":[{"name":"wp","href":"https:\/\/api.w.org\/{rel}","templated":true}]}}