{"id":363290,"date":"2025-09-03T13:08:18","date_gmt":"2025-09-03T13:08:18","guid":{"rendered":"https:\/\/www.europesays.com\/fr\/363290\/"},"modified":"2025-09-03T13:08:18","modified_gmt":"2025-09-03T13:08:18","slug":"dembele-absent-de-lentrainement-rabiot-et-pavard-sont-la","status":"publish","type":"post","link":"https:\/\/www.europesays.com\/fr\/363290\/","title":{"rendered":"Demb\u00e9l\u00e9 absent de l\u2019entra\u00eenement, Rabiot et Pavard sont l\u00e0"},"content":{"rendered":"<p>Ousmane Demb\u00e9l\u00e9, touch\u00e9 \u00e0 un ischio-jambier, n\u2019effectue pas la s\u00e9ance du jour avec ses partenaires de l\u2019\u00e9quipe de France.<\/p>\n<p class=\"fig-paragraph\">\u00c0 Clairefontaine<\/p>\n<p class=\"fig-paragraph\">Le staff des Bleus n\u2019est pas inquiet mais\u00a0<a href=\"http:\/\/www.lefigaro.fr\/sports\/football\/equipe-de-france\/equipe-de-france-bonne-nouvelle-pour-les-bleus-dembele-et-konate-restent-a-clairefontaine-20250901\" data-fig-type=\"NewsFlash\" data-gtm-custom-categorie=\"navigation\" data-gtm-custom-action=\"crossclick\" data-gtm-custom-label=\"Contextuel\" data-gtm-event=\"customEventSPE\" data-fig-domain=\"LEFIGARO\" rel=\"nofollow noopener\" target=\"_blank\">Ousmane Demb\u00e9l\u00e9<\/a>\u00a0est absent de l\u2019entra\u00eenement ce mardi sous le soleil de Clairefontaine. L\u2019attaquant des Bleus et du Paris SG suit un programme am\u00e9nag\u00e9 avec le pr\u00e9parateur physique Cyril Moine. Une situation annonc\u00e9e depuis le d\u00e9but du rassemblement par Didier Deschamps apr\u00e8s la sortie de Demb\u00e9l\u00e9 contre Toulouse (3-6) samedi lors de la 3e journ\u00e9e de Ligue 1.<\/p>\n<p>                                    <a class=\"fig-a11y-skip a11y-hidden\" href=\"#fig-a11y-skip-main-inarticle\"><br \/>\n        Passer la publicit\u00e9<br \/>\n    <\/a><\/p>\n<p class=\"fig-paragraph\">Absents lundi en raison du mercato et de leur signature \u00e0 l\u2019AC Milan et \u00e0 l\u2019Olympique de Marseille, Adrien Rabiot et\u00a0<a href=\"http:\/\/www.lefigaro.fr\/sports\/football\/equipe-de-france\/pourquoi-benjamin-pavard-a-dit-oui-a-l-om-20250902\" data-fig-type=\"Article\" data-gtm-custom-categorie=\"navigation\" data-gtm-custom-action=\"crossclick\" data-gtm-custom-label=\"Contextuel\" data-gtm-event=\"customEventSPE\" data-fig-domain=\"LEFIGARO\" rel=\"nofollow noopener\" target=\"_blank\">Benjamin Pavard<\/a>\u00a0sont eux bien pr\u00e9sents. Ils participent \u00e0 la s\u00e9ance normalement avec l\u2019ensemble du groupe. Idem pour Ibrahima Konat\u00e9, victime de crampes dimanche lors de Liverpool-Arsenal (1-0). \u00c0 trois jours du d\u00e9placement en Pologne contre l\u2019Ukraine, les Bleus poursuivent leur pr\u00e9paration.<\/p>\n","protected":false},"excerpt":{"rendered":"Ousmane Demb\u00e9l\u00e9, touch\u00e9 \u00e0 un ischio-jambier, n\u2019effectue pas la s\u00e9ance du jour avec ses partenaires de l\u2019\u00e9quipe de&hellip;\n","protected":false},"author":2,"featured_media":363291,"comment_status":"","ping_status":"","sticky":false,"template":"","format":"standard","meta":{"footnotes":""},"categories":[1888],"tags":[1111,1928,11,1927,2329,4786,1777,674,1011,27,12,1926,2782,626,1925,25],"class_list":{"0":"post-363290","1":"post","2":"type-post","3":"status-publish","4":"format-standard","5":"has-post-thumbnail","7":"category-paris","8":"tag-actu","9":"tag-actu-paris","10":"tag-actualites","11":"tag-actualites-paris","12":"tag-adrien-rabiot","13":"tag-benjamin-pavard","14":"tag-eu","15":"tag-europe","16":"tag-fr","17":"tag-france","18":"tag-news","19":"tag-news-paris","20":"tag-ousmane-dembele","21":"tag-paris","22":"tag-paris-news","23":"tag-republique-francaise"},"share_on_mastodon":{"url":"https:\/\/pubeurope.com\/@fr\/115140526599959783","error":""},"_links":{"self":[{"href":"https:\/\/www.europesays.com\/fr\/wp-json\/wp\/v2\/posts\/363290","targetHints":{"allow":["GET"]}}],"collection":[{"href":"https:\/\/www.europesays.com\/fr\/wp-json\/wp\/v2\/posts"}],"about":[{"href":"https:\/\/www.europesays.com\/fr\/wp-json\/wp\/v2\/types\/post"}],"author":[{"embeddable":true,"href":"https:\/\/www.europesays.com\/fr\/wp-json\/wp\/v2\/users\/2"}],"replies":[{"embeddable":true,"href":"https:\/\/www.europesays.com\/fr\/wp-json\/wp\/v2\/comments?post=363290"}],"version-history":[{"count":0,"href":"https:\/\/www.europesays.com\/fr\/wp-json\/wp\/v2\/posts\/363290\/revisions"}],"wp:featuredmedia":[{"embeddable":true,"href":"https:\/\/www.europesays.com\/fr\/wp-json\/wp\/v2\/media\/363291"}],"wp:attachment":[{"href":"https:\/\/www.europesays.com\/fr\/wp-json\/wp\/v2\/media?parent=363290"}],"wp:term":[{"taxonomy":"category","embeddable":true,"href":"https:\/\/www.europesays.com\/fr\/wp-json\/wp\/v2\/categories?post=363290"},{"taxonomy":"post_tag","embeddable":true,"href":"https:\/\/www.europesays.com\/fr\/wp-json\/wp\/v2\/tags?post=363290"}],"curies":[{"name":"wp","href":"https:\/\/api.w.org\/{rel}","templated":true}]}}