{"id":363300,"date":"2025-09-03T13:13:11","date_gmt":"2025-09-03T13:13:11","guid":{"rendered":"https:\/\/www.europesays.com\/fr\/363300\/"},"modified":"2025-09-03T13:13:11","modified_gmt":"2025-09-03T13:13:11","slug":"leurope-aux-etats-unis-la-coalition-des-volontaires-prete-a-fournir-des-garanties-de-securite-a-lukraine","status":"publish","type":"post","link":"https:\/\/www.europesays.com\/fr\/363300\/","title":{"rendered":"L&rsquo;Europe aux \u00c9tats-Unis : la coalition des volontaires \u00ab\u00a0pr\u00eate\u00a0\u00bb \u00e0 fournir des garanties de s\u00e9curit\u00e9 \u00e0 l&rsquo;Ukraine"},"content":{"rendered":"<p>\n         Publi\u00e9 le<br \/>\n            03\/09\/2025 &#8211; 15:02 UTC+2\n            <\/p>\n<p>          <img decoding=\"async\" class=\"c-ad__placeholder__logo\" src=\"https:\/\/static.euronews.com\/website\/images\/logos\/logo-euronews-stacked-outlined-72x72-grey-9.svg\" width=\"72\" height=\"72\" alt=\"\" loading=\"lazy\"\/><br \/>\n          PUBLICIT\u00c9<\/p>\n<p>Le travail technique sur les garanties de s\u00e9curit\u00e9 pour l&rsquo;Ukraine est suffisamment avanc\u00e9 pour que les alli\u00e9s n&rsquo;aient plus qu&rsquo;\u00e0 confirmer le soutien des \u00c9tats-Unis, a d\u00e9clar\u00e9 l&rsquo;\u00c9lys\u00e9e mardi, \u00e0 la veille d&rsquo;une r\u00e9union de la \u00ab\u00a0coalition des volontaires\u00a0\u00bb qui se tiendra plus tard dans la semaine.<\/p>\n<p>Selon le palais pr\u00e9sidentiel fran\u00e7ais, la plupart des travaux techniques entam\u00e9s \u00e0 la suite de la premi\u00e8re r\u00e9union de la coalition \u00e0 la mi-f\u00e9vrier pour garantir que l&rsquo;Ukraine puisse dissuader toute nouvelle tentative d&rsquo;agression \u00e0 la suite d&rsquo;un cessez-le-feu, sont d\u00e9sormais presque achev\u00e9s.<\/p>\n<p>Ces travaux portent notamment sur la mani\u00e8re de consolider les forces arm\u00e9es ukrainiennes \u00e0 long terme afin qu&rsquo;elles restent en position de force, ainsi que sur le d\u00e9ploiement d&rsquo;une force internationale de r\u00e9assurance dans les zones de non-contact \u00e0 travers le pays.<\/p>\n<p>Le message cl\u00e9 qui sera transmis jeudi est que, compte tenu des progr\u00e8s accomplis, \u00ab\u00a0nous voulons et nous pouvons, et nous sommes pr\u00eats\u00a0\u00bb, a d\u00e9clar\u00e9 l\u2019\u00c9lys\u00e9e. \u00ab\u00a0Ce que nous attendons jeudi, c&rsquo;est la confirmation que la &lsquo;Coalition des volontaires&rsquo; a bien le soutien des \u00c9tats-Unis\u00a0\u00bb.<\/p>\n<p>Le pr\u00e9sident am\u00e9ricain Donald Trump a clairement indiqu\u00e9 que les Europ\u00e9ens devront assumer l&rsquo;essentiel du fardeau en mati\u00e8re de garanties de s\u00e9curit\u00e9 et qu&rsquo;il n&rsquo;enverra pas de troupes am\u00e9ricaines sur le terrain dans le cadre de la force de r\u00e9assurance. Toutefois, \u00e0 l&rsquo;issue de ses rencontres avec le pr\u00e9sident russe Vladimir Poutine en Alaska et avec les dirigeants europ\u00e9ens \u00e0 Washington, il s&rsquo;est d\u00e9clar\u00e9 pr\u00eat \u00e0 soutenir les efforts de l&rsquo;Europe.<\/p>\n<p>Cela pourrait prendre la forme d&rsquo;une couverture a\u00e9rienne et de missiles, ainsi que d&rsquo;un meilleur partage des renseignements, ce dont certains pays europ\u00e9ens ont dit avoir besoin avant de souscrire \u00e0 certaines des garanties.<\/p>\n<p>L\u2019\u00c9lys\u00e9e n&rsquo;a pas souhait\u00e9 s&rsquo;exprimer sur le d\u00e9tail des garanties de s\u00e9curit\u00e9 \u00e9labor\u00e9es par les alli\u00e9s, mais a soulign\u00e9 que \u00ab\u00a0nous avons d\u00e9sormais suffisamment de contributions pour pouvoir dire aux Am\u00e9ricains que nous sommes pr\u00eats \u00e0 prendre nos responsabilit\u00e9s, \u00e0 condition qu&rsquo;ils prennent les leurs\u00a0\u00bb.<\/p>\n<p>La r\u00e9union, convoqu\u00e9e par le pr\u00e9sident fran\u00e7ais Emmanuel Macron et le Premier ministre britannique Keir Starmer, a \u00e9t\u00e9 organis\u00e9e \u00e0 la suite d&rsquo;une demande du pr\u00e9sident ukrainien Volodymyr Zelensky en raison de l&rsquo;expiration du <a href=\"https:\/\/fr.euronews.com\/my-europe\/2025\/07\/28\/donald-trump-donne-10-a-12-jours-a-vladimir-poutine-pour-mettre-fin-a-la-guerre-en-ukraine\" rel=\"nofollow noopener\" target=\"_blank\"><strong>d\u00e9lai fix\u00e9 par Trump pour que Poutine<\/strong><\/a> accepte une rencontre avec son homologue ukrainien.<\/p>\n<p>L&rsquo;un des autres objectifs des 30 dirigeants, principalement europ\u00e9ens, qui doivent participer \u00e0 la r\u00e9union, sera de montrer qu&rsquo;ils ont respect\u00e9 leurs engagements et que Trump devrait faire de m\u00eame en mettant \u00e0 ex\u00e9cution sa menace de \u00ab\u00a0punir\u00a0\u00bb Poutine, a d\u00e9clar\u00e9 l\u2019\u00c9lys\u00e9e.<\/p>\n<p>Zelensky participera \u00e0 la r\u00e9union depuis Paris, apr\u00e8s un entretien en t\u00eate-\u00e0-t\u00eate avec Emmanuel Macron la veille au soir. Ils seront \u00e9galement rejoints jeudi matin par la pr\u00e9sidente de la Commission europ\u00e9enne, Ursula von der Leyen.<\/p>\n<p>Poutine, quant \u00e0 lui, se trouve actuellement en Chine \u00e0 l&rsquo;invitation du pr\u00e9sident Xi Jinping pour participer aux comm\u00e9morations de la Seconde Guerre mondiale, aux c\u00f4t\u00e9s du <a href=\"https:\/\/fr.euronews.com\/2025\/09\/02\/coree-du-nord-a-quoi-ressemble-le-train-dans-lequel-kim-jong-un-a-lhabitude-de-se-deplacer\" rel=\"nofollow noopener\" target=\"_blank\"><strong>dictateur nord-cor\u00e9en Kim Jong-un<\/strong><\/a> et du Premier ministre indien Narendra Modi.<\/p>\n<p>La Chine, la Cor\u00e9e du Nord et, dans une moindre mesure, l&rsquo;Inde ont \u00e9t\u00e9 critiqu\u00e9es par les alli\u00e9s occidentaux pour avoir soutenu la machine de guerre russe en Ukraine.<\/p>\n","protected":false},"excerpt":{"rendered":"Publi\u00e9 le 03\/09\/2025 &#8211; 15:02 UTC+2 PUBLICIT\u00c9 Le travail technique sur les garanties de s\u00e9curit\u00e9 pour l&rsquo;Ukraine est&hellip;\n","protected":false},"author":2,"featured_media":363301,"comment_status":"","ping_status":"","sticky":false,"template":"","format":"standard","meta":{"footnotes":""},"categories":[1589],"tags":[11,554,75,1073,73,1866,131,12,1864,1865,1863,308,134],"class_list":{"0":"post-363300","1":"post","2":"type-post","3":"status-publish","4":"format-standard","5":"has-post-thumbnail","7":"category-etats-unis","8":"tag-actualites","9":"tag-defense","10":"tag-donald-trump","11":"tag-emmanuel-macron","12":"tag-etats-unis","13":"tag-etats-unis-damerique","14":"tag-guerre-en-ukraine","15":"tag-news","16":"tag-united-states","17":"tag-united-states-of-america","18":"tag-us","19":"tag-usa","20":"tag-volodymyr-zelensky"},"share_on_mastodon":{"url":"https:\/\/pubeurope.com\/@fr\/115140546185207935","error":""},"_links":{"self":[{"href":"https:\/\/www.europesays.com\/fr\/wp-json\/wp\/v2\/posts\/363300","targetHints":{"allow":["GET"]}}],"collection":[{"href":"https:\/\/www.europesays.com\/fr\/wp-json\/wp\/v2\/posts"}],"about":[{"href":"https:\/\/www.europesays.com\/fr\/wp-json\/wp\/v2\/types\/post"}],"author":[{"embeddable":true,"href":"https:\/\/www.europesays.com\/fr\/wp-json\/wp\/v2\/users\/2"}],"replies":[{"embeddable":true,"href":"https:\/\/www.europesays.com\/fr\/wp-json\/wp\/v2\/comments?post=363300"}],"version-history":[{"count":0,"href":"https:\/\/www.europesays.com\/fr\/wp-json\/wp\/v2\/posts\/363300\/revisions"}],"wp:featuredmedia":[{"embeddable":true,"href":"https:\/\/www.europesays.com\/fr\/wp-json\/wp\/v2\/media\/363301"}],"wp:attachment":[{"href":"https:\/\/www.europesays.com\/fr\/wp-json\/wp\/v2\/media?parent=363300"}],"wp:term":[{"taxonomy":"category","embeddable":true,"href":"https:\/\/www.europesays.com\/fr\/wp-json\/wp\/v2\/categories?post=363300"},{"taxonomy":"post_tag","embeddable":true,"href":"https:\/\/www.europesays.com\/fr\/wp-json\/wp\/v2\/tags?post=363300"}],"curies":[{"name":"wp","href":"https:\/\/api.w.org\/{rel}","templated":true}]}}