{"id":363302,"date":"2025-09-03T13:14:15","date_gmt":"2025-09-03T13:14:15","guid":{"rendered":"https:\/\/www.europesays.com\/fr\/363302\/"},"modified":"2025-09-03T13:14:15","modified_gmt":"2025-09-03T13:14:15","slug":"prince-harry-de-retour-au-royaume-uni-dans-quelques-jours-la-rencontre-tant-attendue-pourrait-enfin-avoir-lieu","status":"publish","type":"post","link":"https:\/\/www.europesays.com\/fr\/363302\/","title":{"rendered":"Prince Harry de retour au Royaume-Uni dans quelques jours, la rencontre tant attendue pourrait enfin avoir lieu !"},"content":{"rendered":"<p>La suite apr\u00e8s la publicit\u00e9<\/p>\n<p>C\u2019est en janvier 2020 que <a href=\"https:\/\/www.purepeople.com\/people\/meghan-markle_p291593\" rel=\"nofollow noopener\" target=\"_blank\">Meghan Markle<\/a> et <a href=\"https:\/\/www.purepeople.com\/people\/prince-harry_p477\" rel=\"nofollow noopener\" target=\"_blank\">le prince Harry<\/a> ont annonc\u00e9 LA nouvelle qui a secou\u00e9 le Royaume-Uni. Les Sussex ont d\u00e9cid\u00e9 de prendre leur envol et de s\u2019\u00e9loigner de la famille royale, d\u00e9m\u00e9nageant avec Archie en Californie. <strong>Depuis, leur relation avec les Windsor est tr\u00e8s tendue et il est rare que la famille royale soit r\u00e9unie au complet, \u00e0 part pour des occasions sp\u00e9ciales.<\/strong> Toutefois, comme l\u2019a indiqu\u00e9 Grant Harrold dans les colonnes de The Mirror ce mercredi 3 septembre, tout pourrait changer. Majordome de la famille royale entre 2004 et 2011, il a \u00e9t\u00e9 pr\u00e9sent \u00e0 de nombreux moments importants des Windsor, notamment <a href=\"https:\/\/www.purepeople.com\/article\/ca-a-completement-change-cet-homme-a-assiste-aux-retrouvailles-de-kate-et-william-apres-leur-rupture-il-na-pas-loupe-une-miette-de-ce-moment_a542062\/1\" rel=\"nofollow noopener\" target=\"_blank\">les retrouvailles entre Kate Middleton et le prince William apr\u00e8s leur rupture en 2008<\/a>. Selon les informations de Grant Harrold, la relation entre <a href=\"https:\/\/www.purepeople.com\/people\/roi-charles-iii_p1519\" rel=\"nofollow noopener\" target=\"_blank\">le roi Charles III<\/a> et le prince Harry pourrait conna\u00eetre un rebondissement positif dans les prochains jours. Mais que va-t-il se passer ? \u00a0<\/p>\n<p>Le prince Harry sera<a href=\"https:\/\/www.purepeople.com\/article\/prince-harry-retour-programme-en-angleterre-avant-une-reconciliation-avec-la-famille-royale_a541865\/1\" rel=\"nofollow noopener\" target=\"_blank\"> de retour au Royaume-Uni<\/a> le 8 septembre pour assister \u00e0 la soir\u00e9e des WellChild Awards, un \u00e9v\u00e8nement qui met en lumi\u00e8re la r\u00e9silience des jeunes confront\u00e9s \u00e0 de graves probl\u00e8mes de sant\u00e9. Un \u00e9v\u00e9nement auquel tient l\u2019\u00e9poux de Meghan Markle et cela fait plusieurs ann\u00e9es qu\u2019il y participe.<strong> Puisqu\u2019il s\u2019agit du troisi\u00e8me anniversaire de la mort de la reine Elizabeth II, l\u2019ancien majordome affirme que le prince Harry pourrait d\u00e9cider de se rendre en Ecosse afin de passer cette journ\u00e9e en compagnie de son p\u00e8re. <\/strong>\u00ab\u00a0Je pense que le prince Harry voudra probablement passer du temps \u00e0 Balmoral. Ce n\u2019est que mon point de vue\u00a0\u00bb, a confi\u00e9 Grant Harrold, pr\u00e9cisant ensuite : \u00ab\u00a0Je pense qu\u2019il adorerait s\u2019y rendre et s&rsquo;y retrouver. Il serait dans son \u00e9l\u00e9ment\u00a0\u00bb. Cette journ\u00e9e serait-elle l&rsquo;occasion pour le p\u00e8re et son fils de renouer des liens ?<\/p>\n<p>Le roi Charles III et le prince Harry : une relation tr\u00e8s tendue depuis des ann\u00e9es<\/p>\n<p>Le d\u00e9part du couple Sussex aux Etats-Unis a marqu\u00e9 un changement radical au sein de la famille royale. Les tensions n\u2019ont cess\u00e9 de s\u2019aggraver, notamment \u00e0 la suite des r\u00e9v\u00e9lations faites par Meghan Markle et le prince Harry. Dans diff\u00e9rentes interviews, ils ont opt\u00e9 pour la transparence, accusant notamment <a href=\"https:\/\/www.purepeople.com\/article\/meghan-markle-la-couleur-de-peau-de-son-fils-archie-une-inquietude-pour-la-famille-royale_a427106\/1\" rel=\"nofollow noopener\" target=\"_blank\">un membre des Windsor de racisme<\/a> face \u00e0 Oprah Winfrey. Par la suite, c\u2019est dans Harry &amp; Meghan, la s\u00e9rie documentaire d\u00e9voil\u00e9e par Netflix en 2022, que davantage de r\u00e9v\u00e9lations ont \u00e9t\u00e9 faites puis dans les m\u00e9moires du prince Harry.<strong> L\u2019ouvrage, intitul\u00e9 <\/strong><strong>Spare <\/strong><strong>et sorti en 2023, a \u00e9branl\u00e9 la relation des Windsor et des Sussex. <\/strong>Le duc de Sussex avait mentionn\u00e9 une violence dispute avec son fr\u00e8re et accusait <a href=\"https:\/\/www.purepeople.com\/people\/reine-camilla_p1546\" rel=\"nofollow noopener\" target=\"_blank\">la reine Camilla<\/a> d\u2019avoir utilis\u00e9 la presse pour redorer son image. Des propos tr\u00e8s remarqu\u00e9s par la famille royale et qui ont profond\u00e9ment attrist\u00e9 le roi Charles III. Toutefois, une source proche confiait qu\u2019il n\u2019\u00e9tait pas ferm\u00e9 \u00e0 l\u2019id\u00e9e d\u2019avoir une discussion avec son fils. Ce rendez-vous sera-t-il le bon ?<\/p>\n<p>Malgr\u00e9 des tensions tr\u00e8s pr\u00e9sentes, lorsque le cancer du roi Charles III a \u00e9t\u00e9 annonc\u00e9, l\u2019\u00e9poux de Meghan Markle ne pouvait pas rester \u00e9loign\u00e9 de lui bien longtemps. Il n\u2019a pas h\u00e9sit\u00e9 \u00e0 faire le d\u00e9placement pour rendre visite \u00e0 son p\u00e8re durant cette p\u00e9riode difficile. Des retrouvailles qui \u00e9taient tr\u00e8s attendues mais si le roi Charles III semble \u00eatre pr\u00eat \u00e0 retrouver son fils, ce n\u2019est pas le cas du <a href=\"https:\/\/www.purepeople.com\/people\/prince-william_p606\" rel=\"nofollow noopener\" target=\"_blank\">prince William.<\/a> <strong>De son c\u00f4t\u00e9, le prince de Galles refuserait cat\u00e9goriquement de passer un moment avec le prince Harry.<\/strong> Selon une source cit\u00e9e dans les colonnes du Mirror, l\u2019\u00e9poux de Kate Middleton aurait <a href=\"https:\/\/www.purepeople.com\/article\/la-gouffre-entre-le-prince-william-et-harry-plus-important-quon-ne-le-pensait-cette-confidence-de-meghan-markle-qui-en-dit-long_a535682\/1\" rel=\"nofollow noopener\" target=\"_blank\">beaucoup de mal \u00e0 faire confiance \u00e0 son fr\u00e8re cadet<\/a>. \u00ab\u00a0Le probl\u00e8me est celui de la confiance. Pour William, elle a \u00e9t\u00e9 rompue depuis longtemps, et tant qu\u2019elle n\u2019est pas restaur\u00e9e, il ne peut \u00eatre question d\u2019avancer\u00a0\u00bb, a-t-on pu lire.<\/p>\n","protected":false},"excerpt":{"rendered":"La suite apr\u00e8s la publicit\u00e9 C\u2019est en janvier 2020 que Meghan Markle et le prince Harry ont annonc\u00e9&hellip;\n","protected":false},"author":2,"featured_media":363303,"comment_status":"","ping_status":"","sticky":false,"template":"","format":"standard","meta":{"footnotes":""},"categories":[1588],"tags":[11,1777,674,12,473,1853,1851,1850,1852],"class_list":{"0":"post-363302","1":"post","2":"type-post","3":"status-publish","4":"format-standard","5":"has-post-thumbnail","7":"category-royaume-uni","8":"tag-actualites","9":"tag-eu","10":"tag-europe","11":"tag-news","12":"tag-royaume-uni","13":"tag-royaume-uni-de-grande-bretagne-et-dirlande-du-nord","14":"tag-uk","15":"tag-united-kingdom","16":"tag-united-kingdom-of-great-britain-and-northern-ireland"},"share_on_mastodon":{"url":"https:\/\/pubeurope.com\/@fr\/115140549925397814","error":""},"_links":{"self":[{"href":"https:\/\/www.europesays.com\/fr\/wp-json\/wp\/v2\/posts\/363302","targetHints":{"allow":["GET"]}}],"collection":[{"href":"https:\/\/www.europesays.com\/fr\/wp-json\/wp\/v2\/posts"}],"about":[{"href":"https:\/\/www.europesays.com\/fr\/wp-json\/wp\/v2\/types\/post"}],"author":[{"embeddable":true,"href":"https:\/\/www.europesays.com\/fr\/wp-json\/wp\/v2\/users\/2"}],"replies":[{"embeddable":true,"href":"https:\/\/www.europesays.com\/fr\/wp-json\/wp\/v2\/comments?post=363302"}],"version-history":[{"count":0,"href":"https:\/\/www.europesays.com\/fr\/wp-json\/wp\/v2\/posts\/363302\/revisions"}],"wp:featuredmedia":[{"embeddable":true,"href":"https:\/\/www.europesays.com\/fr\/wp-json\/wp\/v2\/media\/363303"}],"wp:attachment":[{"href":"https:\/\/www.europesays.com\/fr\/wp-json\/wp\/v2\/media?parent=363302"}],"wp:term":[{"taxonomy":"category","embeddable":true,"href":"https:\/\/www.europesays.com\/fr\/wp-json\/wp\/v2\/categories?post=363302"},{"taxonomy":"post_tag","embeddable":true,"href":"https:\/\/www.europesays.com\/fr\/wp-json\/wp\/v2\/tags?post=363302"}],"curies":[{"name":"wp","href":"https:\/\/api.w.org\/{rel}","templated":true}]}}