{"id":363304,"date":"2025-09-03T13:15:13","date_gmt":"2025-09-03T13:15:13","guid":{"rendered":"https:\/\/www.europesays.com\/fr\/363304\/"},"modified":"2025-09-03T13:15:13","modified_gmt":"2025-09-03T13:15:13","slug":"les-immatriculations-de-nouveaux-vehicules-tesla-en-allemagne-chutent-en-aout-selon-le-regulateur","status":"publish","type":"post","link":"https:\/\/www.europesays.com\/fr\/363304\/","title":{"rendered":"Les immatriculations de nouveaux v\u00e9hicules Tesla en Allemagne chutent en ao\u00fbt, selon le r\u00e9gulateur"},"content":{"rendered":"<p><img decoding=\"async\" class=\"pr-5\" height=\"30\" alt=\"Logo Tesla, Inc.\" onerror=\"this.onerror=null;this.style.display = 'none'\" src=\"https:\/\/www.europesays.com\/fr\/wp-content\/uploads\/2025\/09\/instruments-squared-6344549.png\"\/><br \/>\n        Tesla, Inc. est sp\u00e9cialis\u00e9 dans la conception, la construction et la commercialisation de v\u00e9hicules \u00e9lectriques. Le CA par activit\u00e9 se r\u00e9partit comme suit : <\/p>\n<p>&#8211; vente de v\u00e9hicules automobiles (74,2%) ;<\/p>\n<p>&#8211; prestations de services (10,8%) : notamment prestations de maintenance et de r\u00e9paration. Par ailleurs, le groupe d\u00e9veloppe une activit\u00e9 de vente de composants de groupes motopropulseurs pour v\u00e9hicules \u00e9lectriques ;<\/p>\n<p>&#8211; vente de syst\u00e8mes de production et de stockage d&rsquo;\u00e9nergie (10,3%) ;<\/p>\n<p>&#8211; cr\u00e9dit automobile (2,8%) ;<\/p>\n<p>&#8211; location de v\u00e9hicules (1,9%).<\/p>\n<p>A fin 2024, le groupe dispose de 8 sites de production implant\u00e9s aux Etats-Unis (5), en Chine (2) et en Allemagne.<\/p>\n<p>La r\u00e9partition g\u00e9ographique du CA est la suivante : Etats-Unis (48,9%), Chine (21,4%) et autres (29,7%).<\/p>\n","protected":false},"excerpt":{"rendered":"Tesla, Inc. est sp\u00e9cialis\u00e9 dans la conception, la construction et la commercialisation de v\u00e9hicules \u00e9lectriques. Le CA par&hellip;\n","protected":false},"author":2,"featured_media":363305,"comment_status":"","ping_status":"","sticky":false,"template":"","format":"standard","meta":{"footnotes":""},"categories":[1587],"tags":[11,672,340,1804,1805,1803,1777,674,1801,12,1802],"class_list":{"0":"post-363304","1":"post","2":"type-post","3":"status-publish","4":"format-standard","5":"has-post-thumbnail","7":"category-allemagne","8":"tag-actualites","9":"tag-allemagne","10":"tag-bourse","11":"tag-bundesrepublik-deutschland","12":"tag-de","13":"tag-deutschland","14":"tag-eu","15":"tag-europe","16":"tag-germany","17":"tag-news","18":"tag-republique-federale-dallemagne"},"share_on_mastodon":{"url":"https:\/\/pubeurope.com\/@fr\/115140553998792824","error":""},"_links":{"self":[{"href":"https:\/\/www.europesays.com\/fr\/wp-json\/wp\/v2\/posts\/363304","targetHints":{"allow":["GET"]}}],"collection":[{"href":"https:\/\/www.europesays.com\/fr\/wp-json\/wp\/v2\/posts"}],"about":[{"href":"https:\/\/www.europesays.com\/fr\/wp-json\/wp\/v2\/types\/post"}],"author":[{"embeddable":true,"href":"https:\/\/www.europesays.com\/fr\/wp-json\/wp\/v2\/users\/2"}],"replies":[{"embeddable":true,"href":"https:\/\/www.europesays.com\/fr\/wp-json\/wp\/v2\/comments?post=363304"}],"version-history":[{"count":0,"href":"https:\/\/www.europesays.com\/fr\/wp-json\/wp\/v2\/posts\/363304\/revisions"}],"wp:featuredmedia":[{"embeddable":true,"href":"https:\/\/www.europesays.com\/fr\/wp-json\/wp\/v2\/media\/363305"}],"wp:attachment":[{"href":"https:\/\/www.europesays.com\/fr\/wp-json\/wp\/v2\/media?parent=363304"}],"wp:term":[{"taxonomy":"category","embeddable":true,"href":"https:\/\/www.europesays.com\/fr\/wp-json\/wp\/v2\/categories?post=363304"},{"taxonomy":"post_tag","embeddable":true,"href":"https:\/\/www.europesays.com\/fr\/wp-json\/wp\/v2\/tags?post=363304"}],"curies":[{"name":"wp","href":"https:\/\/api.w.org\/{rel}","templated":true}]}}