{"id":363306,"date":"2025-09-03T13:16:20","date_gmt":"2025-09-03T13:16:20","guid":{"rendered":"https:\/\/www.europesays.com\/fr\/363306\/"},"modified":"2025-09-03T13:16:20","modified_gmt":"2025-09-03T13:16:20","slug":"toyota-va-produire-son-premier-vehicule-100-electrique-en-europe-dans-son-usine-tcheque","status":"publish","type":"post","link":"https:\/\/www.europesays.com\/fr\/363306\/","title":{"rendered":"Toyota va produire son premier v\u00e9hicule 100% \u00e9lectrique en Europe dans son usine tch\u00e8que"},"content":{"rendered":"<p>&#13;<br \/>\n\tToyota a annonc\u00e9 mercredi 3 septembre la construction d\u2019un v\u00e9hicule 100% \u00e9lectrique dans son usine de Kolin en <a href=\"https:\/\/www.usinenouvelle.com\/republique-tcheque\/\" target=\"_blank\" rel=\"nofollow noopener\">R\u00e9publique tch\u00e8que<\/a>. Ce sera le premier mod\u00e8le de ce type produit en Europe par le constructeur japonais. Cette nouvelle production doit s\u2019accompagner d\u2019un investissement dans une nouvelle installation d\u2019assemblage de batteries.<\/p>\n<p>&#13;<br \/>\n\tLe constructeur automobile n\u2019a pas r\u00e9v\u00e9l\u00e9 de d\u00e9tails sur le mod\u00e8le ni sur le calendrier de production, mais a indiqu\u00e9 qu\u2019il investira environ 680 millions d\u2019euros pour agrandir son site. Ce dernier passera d\u2019une superficie de 152 000 \u00e0 173 000 m\u00e8tres carr\u00e9s. Le gouvernement tch\u00e8que investira jusqu\u2019\u00e0 64 millions d\u2019euros dans l\u2019installation d\u00e9di\u00e9e aux batteries, a pr\u00e9cis\u00e9 <a href=\"https:\/\/www.usinenouvelle.com\/toyota\/\" target=\"_blank\" rel=\"nofollow noopener\">Toyota<\/a>. Le groupe produit d\u00e9j\u00e0 l\u2019Aygo X et la Yaris Hybrid dans son usine tch\u00e8que, qui a une capacit\u00e9 annuelle d\u2019environ 220000 v\u00e9hicules.<\/p>\n<p class=\"editoTitleType1 editoTitleType1--noBorder is-margin-0\">VOS <b>INDICES<\/b><\/p>\n<p>                source<br \/>\n                <img decoding=\"async\" src=\"https:\/\/www.europesays.com\/fr\/wp-content\/uploads\/2025\/05\/logo-indice-contations.png\" alt=\"Indices &amp; cotations\"\/><\/p>\n<p>&#13;<br \/>\n\t9 mod\u00e8les \u00e9lectrique en Europe en deux ans<\/p>\n<p>&#13;<br \/>\n\tL\u2019industrie automobile repr\u00e9sente environ 10% du produit int\u00e9rieur brut tch\u00e8que, et la d\u00e9cision de Toyota de fabriquer un <a href=\"https:\/\/www.usinenouvelle.com\/vehicule-electrique\/\" target=\"_blank\" rel=\"nofollow noopener\">v\u00e9hicule \u00e9lectrique<\/a> (VE) \u00e0 Kolin constitue une \u00e9tape essentielle pour \u00abmaintenir la production automobile dans notre pays\u00bb, a d\u00e9clar\u00e9 le Premier ministre tch\u00e8que Petr Fiala dans un communiqu\u00e9.<\/p>\n<p>&#13;<br \/>\n\t<a href=\"https:\/\/www.usinenouvelle.com\/article\/toyota-reste-le-premier-constructeur-automobile-mondial-en-termes-de-ventes.N2207218\" target=\"_blank\" rel=\"nofollow noopener\">Premier constructeur automobile mondial en termes de ventes<\/a>, Toyota a adopt\u00e9 une approche plus prudente vis-\u00e0-vis des VE que ses concurrents traditionnels, ce qui lui a \u00e9t\u00e9 favorable au cours de l\u2019ann\u00e9e \u00e9coul\u00e9e alors que la demande mondiale de VE ralentissait. <a href=\"https:\/\/www.usinenouvelle.com\/article\/pourquoi-toyota-continue-de-croire-aux-voitures-hybrides-simples.N1115164\" target=\"_blank\" rel=\"nofollow noopener\">L\u2019entreprise a b\u00e9n\u00e9fici\u00e9 de la demande pour sa gamme hybride<\/a> en expansion, notamment sur son plus grand march\u00e9, les \u00c9tats-Unis.<\/p>\n<p>&#13;<br \/>\n\tPlus t\u00f4t en 2025, Toyota avait n\u00e9anmoins annonc\u00e9 <a href=\"https:\/\/www.usinenouvelle.com\/article\/toyota-va-lancer-9-modeles-electriques-en-europe-en-2025-et-2026.N2228794\" target=\"_blank\" rel=\"nofollow noopener\">une vaste offensive sur le march\u00e9 europ\u00e9en des VE<\/a> avec le lancement en tout de neuf mod\u00e8les non thermiques sur le continent en 2025 et 2026, sous sa marque \u00e9ponyme et sous sa marque haut de gamme Lexus.<\/p>\n<p>&#13;<br \/>\n\t<strong>Avec Reuters (Reportage Nick Carey, version fran\u00e7aise Elena Smirnova, \u00e9dit\u00e9 par Augustin Turpin)<\/strong><\/p>\n<p class=\"editoTitleType1 editoTitleType1--lagoon is-uppercase\">S\u00e9lectionn\u00e9 <b>pour vous<\/b><\/p>\n<p>                                                                            <a class=\"editoCardType21__link editoCardType21__containerImage\" href=\"https:\/\/www.usinenouvelle.com\/article\/made-in-france-a-rennes-stellantis-accelere-la-production-de-la-citroen-c5-aircross-et-annonce-des-embauches.N2237009\" data-xiti-name=\"2237009\" rel=\"nofollow noopener\" target=\"_blank\"><\/p>\n<p>                                                                                                                                                    <img decoding=\"async\" src=\"data:image\/gif;base64,R0lGODdhAQABAPAAAMPDwwAAACwAAAAAAQABAAACAkQBADs=\" data-original=\"\/mediatheque\/5\/3\/8\/001530835_256x170_c.jpg\" alt=\"Made in France : A Rennes, Stellantis acc\u00e9l\u00e8re la production de la Citro\u00ebn C5 Aircross et annonce des embauches\"\/><\/p>\n<p>                            <\/a><\/p>\n","protected":false},"excerpt":{"rendered":"&#13; Toyota a annonc\u00e9 mercredi 3 septembre la construction d\u2019un v\u00e9hicule 100% \u00e9lectrique dans son usine de Kolin&hellip;\n","protected":false},"author":2,"featured_media":363307,"comment_status":"","ping_status":"","sticky":false,"template":"","format":"standard","meta":{"footnotes":""},"categories":[1586],"tags":[11,1977,1979,1777,674,1011,27,14,12,25,11790,20239,5823],"class_list":{"0":"post-363306","1":"post","2":"type-post","3":"status-publish","4":"format-standard","5":"has-post-thumbnail","7":"category-europe","8":"tag-actualites","9":"tag-auto","10":"tag-constructeurs","11":"tag-eu","12":"tag-europe","13":"tag-fr","14":"tag-france","15":"tag-international","16":"tag-news","17":"tag-republique-francaise","18":"tag-republique-tcheque","19":"tag-toyota","20":"tag-vehicule-electrique"},"share_on_mastodon":{"url":"https:\/\/pubeurope.com\/@fr\/115140557881596681","error":""},"_links":{"self":[{"href":"https:\/\/www.europesays.com\/fr\/wp-json\/wp\/v2\/posts\/363306","targetHints":{"allow":["GET"]}}],"collection":[{"href":"https:\/\/www.europesays.com\/fr\/wp-json\/wp\/v2\/posts"}],"about":[{"href":"https:\/\/www.europesays.com\/fr\/wp-json\/wp\/v2\/types\/post"}],"author":[{"embeddable":true,"href":"https:\/\/www.europesays.com\/fr\/wp-json\/wp\/v2\/users\/2"}],"replies":[{"embeddable":true,"href":"https:\/\/www.europesays.com\/fr\/wp-json\/wp\/v2\/comments?post=363306"}],"version-history":[{"count":0,"href":"https:\/\/www.europesays.com\/fr\/wp-json\/wp\/v2\/posts\/363306\/revisions"}],"wp:featuredmedia":[{"embeddable":true,"href":"https:\/\/www.europesays.com\/fr\/wp-json\/wp\/v2\/media\/363307"}],"wp:attachment":[{"href":"https:\/\/www.europesays.com\/fr\/wp-json\/wp\/v2\/media?parent=363306"}],"wp:term":[{"taxonomy":"category","embeddable":true,"href":"https:\/\/www.europesays.com\/fr\/wp-json\/wp\/v2\/categories?post=363306"},{"taxonomy":"post_tag","embeddable":true,"href":"https:\/\/www.europesays.com\/fr\/wp-json\/wp\/v2\/tags?post=363306"}],"curies":[{"name":"wp","href":"https:\/\/api.w.org\/{rel}","templated":true}]}}