{"id":363308,"date":"2025-09-03T13:17:11","date_gmt":"2025-09-03T13:17:11","guid":{"rendered":"https:\/\/www.europesays.com\/fr\/363308\/"},"modified":"2025-09-03T13:17:11","modified_gmt":"2025-09-03T13:17:11","slug":"attaque-au-couteau-a-marseille-jai-eu-la-peur-de-ma-vie-des-temoins-racontent-la-scene-dhorreur","status":"publish","type":"post","link":"https:\/\/www.europesays.com\/fr\/363308\/","title":{"rendered":"Attaque au couteau \u00e0 Marseille\u00a0: \u00ab\u00a0J\u2019ai eu la peur de ma vie\u00a0\u00bb\u2026 Des t\u00e9moins racontent la sc\u00e8ne d\u2019horreur"},"content":{"rendered":"<p>\n                                                                    l&rsquo;essentiel<br \/>\n                                                                Un homme a \u00e9t\u00e9 abattu par la police mardi 2\u00a0septembre \u00e0 Marseille, apr\u00e8s avoir poignard\u00e9 plusieurs personnes. Sur place, certains t\u00e9moins ont vu la sc\u00e8ne de tr\u00e8s pr\u00e8s.\n                            <\/p>\n<p>Abdulsamed, employ\u00e9 d\u2019un kebab, a assist\u00e9 \u00e0 l\u2019enti\u00e8ret\u00e9 de la sc\u00e8ne. Le mardi 2\u00a0septembre, <a href=\"https:\/\/www.ladepeche.fr\/2025\/09\/03\/attaque-au-couteau-a-marseille-qui-etait-le-tunisien-arme-abattu-par-la-police-12907851.php\" target=\"_self\" rel=\"nofollow noopener\">un homme a \u00e9t\u00e9 tu\u00e9 par les policiers \u00e0 Marseille apr\u00e8s avoir bless\u00e9 \u00e0 l\u2019arme blanche cinq personnes<\/a>.<\/p>\n<p class=\"std-elt__inline\">\n        <strong>\u00c0 lire aussi :<\/strong><br \/>\n        <a href=\"https:\/\/www.ladepeche.fr\/2025\/09\/03\/attaque-au-couteau-a-marseille-qui-etait-le-tunisien-arme-abattu-par-la-police-12907851.php\" rel=\"nofollow noopener\" target=\"_blank\">Attaque au couteau \u00e0 Marseille\u00a0: qui \u00e9tait le Tunisien arm\u00e9 abattu par la police\u00a0?<\/a>\n    <\/p>\n<p>\u00ab\u00a0Il est arriv\u00e9 vers nous et les gens criaient &lsquo;Appelez la police&rsquo;. La police est arriv\u00e9e, lui a demand\u00e9 de l\u00e2cher l\u2019arme. Il n\u2019a pas l\u00e2ch\u00e9 et il a voulu s\u2019attaquer au policier, alors le policier a tir\u00e9\u00a0\u00bb, raconte\u00a0Abdulsamed \u00e0 <a href=\"https:\/\/www.bfmtv.com\/marseille\/il-a-attaque-le-policier-alors-il-a-tire-un-homme-touche-par-des-eclats-de-balle-temoigne-apres-l-attaque-au-couteau-a-marseille_AV-202509030410.html\" target=\"_self\" rel=\"nofollow noopener\">BFMTV<\/a>.<\/p>\n<p class=\"std-elt__inline\">\n        <strong>\u00c0 lire aussi :<\/strong><br \/>\n        <a href=\"https:\/\/www.ladepeche.fr\/2025\/09\/02\/attaque-au-couteau-a-marseille-assaillant-abattu-nombre-de-victimes-deroule-des-faits-ce-que-lon-sait-des-premiers-elements-12906708.php\" rel=\"nofollow noopener\" target=\"_blank\">Attaque au couteau \u00e0 Marseille\u00a0: assaillant abattu, nombre de victimes, d\u00e9roul\u00e9 des faits\u2026 ce que l\u2019on sait des premiers \u00e9l\u00e9ments<\/a>\n    <\/p>\n<p>Lorsque les forces de l\u2019ordre ont tir\u00e9 sur l\u2019assaillant, l\u2019employ\u00e9 a re\u00e7u des \u00e9clats de tirs aux niveaux des jambes. Seulement \u00ab\u00a0deux m\u00e8tres\u00a0\u00bb le s\u00e9paraient du suspect de l\u2019attaque.\u00a0Abdulsamed reste profond\u00e9ment choqu\u00e9 de cette sc\u00e8ne, comme d\u2019autres riverains.<\/p>\n<p>\u00ab\u00a0J\u2019ai eu une petite boule au ventre\u00a0\u00bb<\/p>\n<p>\u00ab\u00a0Quand je suis venue le matin au travail en marchant, j\u2019ai eu une petite boule au ventre\u00a0\u00bb, explique une commer\u00e7ante \u00e0 nos confr\u00e8res.\u00a0\u00ab\u00a0J\u2019ai vu la police arriver, j\u2019ai eu la peur de ma vie\u00a0\u00bb, confie Andr\u00e9, qui s\u2019est retrouv\u00e9, malgr\u00e9 lui, pris entre le suspect et les forces de l\u2019ordre venues l\u2019interpeller.<\/p>\n<p><a href=\"https:\/\/www.ladepeche.fr\/2025\/09\/02\/attaque-au-couteau-a-marseille-assaillant-abattu-nombre-de-victimes-deroule-des-faits-ce-que-lon-sait-des-premiers-elements-12906708.php\" target=\"_self\" rel=\"nofollow noopener\">Une enqu\u00eate pour \u00ab\u00a0tentative d\u2019homicide\u00a0\u00bb ainsi que pour \u00ab\u00a0tentative d\u2019homicide volontaire sur fonctionnaire de police\u00a0\u00bb<\/a> a \u00e9t\u00e9 ouverte.<\/p>\n","protected":false},"excerpt":{"rendered":"l&rsquo;essentiel Un homme a \u00e9t\u00e9 abattu par la police mardi 2\u00a0septembre \u00e0 Marseille, apr\u00e8s avoir poignard\u00e9 plusieurs personnes.&hellip;\n","protected":false},"author":2,"featured_media":363309,"comment_status":"","ping_status":"","sticky":false,"template":"","format":"standard","meta":{"footnotes":""},"categories":[1586],"tags":[11,1777,674,1779,1011,27,12,25,1778,364],"class_list":{"0":"post-363308","1":"post","2":"type-post","3":"status-publish","4":"format-standard","5":"has-post-thumbnail","7":"category-europe","8":"tag-actualites","9":"tag-eu","10":"tag-europe","11":"tag-european-union","12":"tag-fr","13":"tag-france","14":"tag-news","15":"tag-republique-francaise","16":"tag-ue","17":"tag-union-europeenne"},"share_on_mastodon":{"url":"https:\/\/pubeurope.com\/@fr\/115140561864911009","error":""},"_links":{"self":[{"href":"https:\/\/www.europesays.com\/fr\/wp-json\/wp\/v2\/posts\/363308","targetHints":{"allow":["GET"]}}],"collection":[{"href":"https:\/\/www.europesays.com\/fr\/wp-json\/wp\/v2\/posts"}],"about":[{"href":"https:\/\/www.europesays.com\/fr\/wp-json\/wp\/v2\/types\/post"}],"author":[{"embeddable":true,"href":"https:\/\/www.europesays.com\/fr\/wp-json\/wp\/v2\/users\/2"}],"replies":[{"embeddable":true,"href":"https:\/\/www.europesays.com\/fr\/wp-json\/wp\/v2\/comments?post=363308"}],"version-history":[{"count":0,"href":"https:\/\/www.europesays.com\/fr\/wp-json\/wp\/v2\/posts\/363308\/revisions"}],"wp:featuredmedia":[{"embeddable":true,"href":"https:\/\/www.europesays.com\/fr\/wp-json\/wp\/v2\/media\/363309"}],"wp:attachment":[{"href":"https:\/\/www.europesays.com\/fr\/wp-json\/wp\/v2\/media?parent=363308"}],"wp:term":[{"taxonomy":"category","embeddable":true,"href":"https:\/\/www.europesays.com\/fr\/wp-json\/wp\/v2\/categories?post=363308"},{"taxonomy":"post_tag","embeddable":true,"href":"https:\/\/www.europesays.com\/fr\/wp-json\/wp\/v2\/tags?post=363308"}],"curies":[{"name":"wp","href":"https:\/\/api.w.org\/{rel}","templated":true}]}}