{"id":363310,"date":"2025-09-03T13:18:11","date_gmt":"2025-09-03T13:18:11","guid":{"rendered":"https:\/\/www.europesays.com\/fr\/363310\/"},"modified":"2025-09-03T13:18:11","modified_gmt":"2025-09-03T13:18:11","slug":"sabotages-peages-ou-chariots-gratuits-les-autorites-sattendent-a-tout","status":"publish","type":"post","link":"https:\/\/www.europesays.com\/fr\/363310\/","title":{"rendered":"Sabotages, p\u00e9ages ou chariots gratuits\u2026 Les autorit\u00e9s s\u2019attendent \u00e0 tout"},"content":{"rendered":"<p>Les autorit\u00e9s s\u2019attendent pour la journ\u00e9e de mobilisation du 10\u00a0septembre \u00e0 des actions diverses sur tout le territoire. Son ampleur reste la grande inconnue s\u2019agissant d\u2019un \u00ab\u00a0mouvement horizontal o\u00f9 chacun fait ce qu\u2019il veut\u00a0\u00bb. Les services de <a href=\"https:\/\/www.20minutes.fr\/dossier\/renseignement\" class=\"c-link c-link--is-underlined\" rel=\"nofollow noopener\" target=\"_blank\">renseignement <\/a>notent que ce mouvement \u00ab\u00a0a chang\u00e9 d\u2019orientation\u00a0\u00bb depuis son lancement sur les r\u00e9seaux sociaux, avec une \u00ab\u00a0prise en main par l\u2019<a href=\"https:\/\/www.20minutes.fr\/dossier\/extreme_gauche\" class=\"c-link c-link--is-underlined\" rel=\"nofollow noopener\" target=\"_blank\">extr\u00eame gauche<\/a> et l\u2019ultra gauche\u00a0\u00bb, a expliqu\u00e9 une source s\u00e9curitaire.<\/p>\n<p>Avec la rentr\u00e9e, les services rel\u00e8vent que la mobilisation passe d\u00e9sormais \u00ab\u00a0par des r\u00e9unions et des assembl\u00e9es g\u00e9n\u00e9rales o\u00f9 les gens se voient et \u00e9changent concr\u00e8tement\u00a0\u00bb. Il y a des r\u00e9unions \u00ab\u00a0partout, dans des villages et pas seulement dans les grandes villes\u00a0\u00bb et chacun, a ajout\u00e9 la source, \u00ab\u00a0y va de son id\u00e9e\u00a0\u00bb. \u00ab\u00a0\u00c7a part dans tous les sens.\u00a0\u00bb<\/p>\n<\/p>\n<p>Sont \u00e9voqu\u00e9s p\u00eale-m\u00eale des blocages de <a href=\"https:\/\/www.20minutes.fr\/dossier\/gare\" class=\"c-link c-link--is-underlined\" rel=\"nofollow noopener\" target=\"_blank\">gares<\/a>, d\u2019axes de circulation, de raffineries, de d\u00e9p\u00f4ts de la grande distribution comme Amazon, des op\u00e9rations p\u00e9ages gratuits, des chariots gratuits (partir de grandes surfaces sans payer), des sabotages de radars automatiques, de distributeurs de billets, des manifestations classiques\u2026<\/p>\n<p><a href=\"https:\/\/www.20minutes.fr\/dossier\/mouvement_social\" class=\"c-link c-btn c-btn--primary\" rel=\"nofollow noopener\" target=\"_blank\">Notre dossier sur les mouvements sociaux<\/a><\/p>\n<p>\u00ab\u00a0Si on note une adh\u00e9sion de plus en plus importante dans les r\u00e9unions, il y a une part d\u2019al\u00e9as. Tout d\u00e9pendra du nombre de personnes r\u00e9ellement mobilis\u00e9es le jour J pour entreprendre telle ou telle action\u00a0\u00bb, a expliqu\u00e9 la source s\u00e9curitaire. \u00ab\u00a0C\u2019est un mouvement horizontal, il n\u2019y a pas un chef, chacun fait ce qu\u2019il veut\u00a0\u00bb, a-t-elle poursuivi, d\u2019o\u00f9 la difficult\u00e9 pour les autorit\u00e9s d\u2019anticiper les actions qui seront men\u00e9es et leur ampleur.<\/p>\n<p><\/p>\n","protected":false},"excerpt":{"rendered":"Les autorit\u00e9s s\u2019attendent pour la journ\u00e9e de mobilisation du 10\u00a0septembre \u00e0 des actions diverses sur tout le territoire.&hellip;\n","protected":false},"author":2,"featured_media":363311,"comment_status":"","ping_status":"","sticky":false,"template":"","format":"standard","meta":{"footnotes":""},"categories":[2],"tags":[47,11,7551,9384,1011,27,2383,1272,10234,12771,12,25,104],"class_list":{"0":"post-363310","1":"post","2":"type-post","3":"status-publish","4":"format-standard","5":"has-post-thumbnail","7":"category-actualites","8":"tag-actualite","9":"tag-actualites","10":"tag-blocage","11":"tag-extreme-gauche","12":"tag-fr","13":"tag-france","14":"tag-gauche","15":"tag-manifestations","16":"tag-mobilisation","17":"tag-mouvements-sociaux","18":"tag-news","19":"tag-republique-francaise","20":"tag-societe"},"share_on_mastodon":{"url":"https:\/\/pubeurope.com\/@fr\/115140565652290121","error":""},"_links":{"self":[{"href":"https:\/\/www.europesays.com\/fr\/wp-json\/wp\/v2\/posts\/363310","targetHints":{"allow":["GET"]}}],"collection":[{"href":"https:\/\/www.europesays.com\/fr\/wp-json\/wp\/v2\/posts"}],"about":[{"href":"https:\/\/www.europesays.com\/fr\/wp-json\/wp\/v2\/types\/post"}],"author":[{"embeddable":true,"href":"https:\/\/www.europesays.com\/fr\/wp-json\/wp\/v2\/users\/2"}],"replies":[{"embeddable":true,"href":"https:\/\/www.europesays.com\/fr\/wp-json\/wp\/v2\/comments?post=363310"}],"version-history":[{"count":0,"href":"https:\/\/www.europesays.com\/fr\/wp-json\/wp\/v2\/posts\/363310\/revisions"}],"wp:featuredmedia":[{"embeddable":true,"href":"https:\/\/www.europesays.com\/fr\/wp-json\/wp\/v2\/media\/363311"}],"wp:attachment":[{"href":"https:\/\/www.europesays.com\/fr\/wp-json\/wp\/v2\/media?parent=363310"}],"wp:term":[{"taxonomy":"category","embeddable":true,"href":"https:\/\/www.europesays.com\/fr\/wp-json\/wp\/v2\/categories?post=363310"},{"taxonomy":"post_tag","embeddable":true,"href":"https:\/\/www.europesays.com\/fr\/wp-json\/wp\/v2\/tags?post=363310"}],"curies":[{"name":"wp","href":"https:\/\/api.w.org\/{rel}","templated":true}]}}