{"id":363314,"date":"2025-09-03T13:20:14","date_gmt":"2025-09-03T13:20:14","guid":{"rendered":"https:\/\/www.europesays.com\/fr\/363314\/"},"modified":"2025-09-03T13:20:14","modified_gmt":"2025-09-03T13:20:14","slug":"mercosur-la-commission-europeenne-valide-laccord-commercial-controverse-la-france-dit-quon-a-entendu-ses-reserves","status":"publish","type":"post","link":"https:\/\/www.europesays.com\/fr\/363314\/","title":{"rendered":"Mercosur\u00a0: la Commission europ\u00e9enne valide l&rsquo;accord commercial controvers\u00e9, la France dit qu&rsquo;on a entendu ses \u00ab\u00a0r\u00e9serves\u00a0\u00bb"},"content":{"rendered":"<p>La Commission europ\u00e9enne a valid\u00e9 ce mercredi le Mercosur, accord commercial controvers\u00e9 entre l&rsquo;Europe et des pays d&rsquo;Am\u00e9rique du Sud auquel se sont oppos\u00e9s fermement les agriculteurs fran\u00e7ais en 2024. La France dit que l&rsquo;UE a entendu ses \u00ab\u00a0r\u00e9serves\u00a0\u00bb. <\/p>\n<p>La France va-t-elle donner son feu vert\u00a0? La Commission europ\u00e9enne a valid\u00e9 ce mercredi le texte de l&rsquo;accord commercial avec les pays latino-am\u00e9ricains du Mercosur, en promettant des garanties \u00ab\u00a0robustes\u00a0\u00bb aux agriculteurs, et\u00a0appelle d\u00e9sormais les \u00c9tats membres et aux eurod\u00e9put\u00e9s \u00e0 l&rsquo;approuver dans les mois qui viennent.<\/p>\n<p>Jusqu&rsquo;ici, la France menait la fronde au sein des 27,\u00a0<a class=\"IciLink ici-link IciArticleLink g-ici-body-regular-1 underline brand svelte-lu7k6w\" href=\"https:\/\/www.francebleu.fr\/infos\/agriculture-peche\/crise-agricole-les-agriculteurs-reprennent-leur-mobilisation-l-accord-avec-le-mercosur-dans-le-viseur-9920741\" rel=\"nofollow noopener\" target=\"_blank\">les agriculteurs s&rsquo;y \u00e9taient notamment fortement oppos\u00e9s lors de manifestations en 2024<\/a>. Pour la convaincre et rassurer les agriculteurs europ\u00e9ens, Bruxelles promet d\u00e9sormais de compl\u00e9ter l&rsquo;accord par un \u00ab\u00a0acte juridique\u00a0\u00bb renfor\u00e7ant les mesures de sauvegarde pour \u00ab\u00a0les produits europ\u00e9ens sensibles\u00a0\u00bb.<br \/>L&rsquo;ex\u00e9cutif europ\u00e9en s&rsquo;engage \u00e0 intervenir en cas d&rsquo;impacts n\u00e9gatifs des importations sur certaines fili\u00e8res, comme <strong>le b\u0153uf, la volaille, le sucre et l&rsquo;\u00e9thanol<\/strong>.<\/p>\n<p>\u00c0 lire aussi   <img decoding=\"async\" src=\"https:\/\/www.europesays.com\/fr\/wp-content\/uploads\/2025\/09\/1756905614_619_560x315\" alt=\"Le Br\u00e9sil, plus grande puissance du Mercosur\" style=\"--_image-preview:url('data:image\/jpeg;base64,\/9j\/2wBDACgcHiMeGSgjISMtKygwPGRBPDc3PHtYXUlkkYCZlo+AjIqgtObDoKrarYqMyP\/L2u71\/\/\/\/m8H\/\/\/\/6\/+b9\/\/j\/2wBDASstLTw1PHZBQXb4pYyl+Pj4+Pj4+Pj4+Pj4+Pj4+Pj4+Pj4+Pj4+Pj4+Pj4+Pj4+Pj4+Pj4+Pj4+Pj4+Pj4+Pj\/wAARCAAXACoDASIAAhEBAxEB\/8QAGAAAAwEBAAAAAAAAAAAAAAAAAAIDAQX\/xAAXEAEBAQEAAAAAAAAAAAAAAAAAAQIR\/8QAFwEBAQEBAAAAAAAAAAAAAAAAAAECA\/\/EABURAQEAAAAAAAAAAAAAAAAAAAAR\/9oADAMBAAIRAxEAPwCErZU5TRqpFpT5qOarmlSKQxYZaRz5DSAObZ4pAEDym6AD\/9k=');\" loading=\"lazy\" fetchpriority=\"low\" aria-hidden=\"true\" class=\"svelte-1pnmlwx rounded\" onload=\"this.__e=event\" onerror=\"this.__e=event\"\/><\/p>\n<p>Des mesures imm\u00e9diatement salu\u00e9es \u00e0 Paris. La porte-parole du gouvernement Sophie Primas s&rsquo;est r\u00e9jouie que l&rsquo;Union europ\u00e9enne \u00ab\u00a0ait entendu les r\u00e9serves\u00a0\u00bb fran\u00e7aises. Le gouvernement a encore \u00ab\u00a0besoin d&rsquo;analyser cette clause de sauvegarde\u00a0\u00bb, a-t-elle nuanc\u00e9.<\/p>\n<p>Apr\u00e8s ce geste, la Commission plaide pour que les 27 donnent \u00ab\u00a0rapidement\u00a0\u00bb leur aval \u00e0 cet accord, par\u00a0n\u00e9cessit\u00e9 de diversifier les partenariats avec des \u00ab\u00a0alli\u00e9s fiables\u00a0\u00bb, alors que la concurrence est f\u00e9roce avec la Chine et que les\u00a0<a class=\"IciLink ici-link IciArticleLink g-ici-body-regular-1 underline brand svelte-lu7k6w\" href=\"https:\/\/www.francebleu.fr\/infos\/economie-social\/droits-de-douane-que-prevoit-l-accord-conclu-entre-l-union-europeenne-et-les-etats-unis-8342478\" rel=\"nofollow noopener\" target=\"_blank\">taxes douani\u00e8res sur les produits europ\u00e9ens augmentent dans les \u00c9tats-Unis de Donald Trump<\/a>.<\/p>\n<p>\u00c0 lire aussi   <img decoding=\"async\" src=\"https:\/\/www.europesays.com\/fr\/wp-content\/uploads\/2025\/09\/1756905614_178_560x315\" alt=\"La fili\u00e8re des vins et spiritueux fran\u00e7ais exporte pour plus de quatre milliards d'euros par an aux Etats-Unis.\" style=\"--_image-preview:url('data:image\/jpeg;base64,\/9j\/2wBDACgcHiMeGSgjISMtKygwPGRBPDc3PHtYXUlkkYCZlo+AjIqgtObDoKrarYqMyP\/L2u71\/\/\/\/m8H\/\/\/\/6\/+b9\/\/j\/2wBDASstLTw1PHZBQXb4pYyl+Pj4+Pj4+Pj4+Pj4+Pj4+Pj4+Pj4+Pj4+Pj4+Pj4+Pj4+Pj4+Pj4+Pj4+Pj4+Pj4+Pj\/wAARCAAXACoDASIAAhEBAxEB\/8QAGAAAAwEBAAAAAAAAAAAAAAAAAAIDAQT\/xAAYEAEBAQEBAAAAAAAAAAAAAAAAAQISA\/\/EABYBAQEBAAAAAAAAAAAAAAAAAAEAAv\/EABQRAQAAAAAAAAAAAAAAAAAAAAD\/2gAMAwEAAhEDEQA\/AOq0t0ndku2mVemzSHZppFeab0jNDtJzX0L2Ag2aNNAAm6HQBD\/\/2Q==');\" loading=\"lazy\" fetchpriority=\"low\" aria-hidden=\"true\" class=\"svelte-1pnmlwx rounded\" onload=\"this.__e=event\" onerror=\"this.__e=event\"\/><\/p>\n<p>Cet accord doit notamment permettre \u00e0 l&rsquo;Union europ\u00e9enne d&rsquo;exporter davantage de voitures, de machines, de vins et de spiritueux en Argentine, au Br\u00e9sil, en Uruguay et au Paraguay. En retour, il faciliterait l&rsquo;entr\u00e9e de viande, sucre, riz, miel ou soja sud-am\u00e9ricains, au risque de fragiliser certaines fili\u00e8res agricoles europ\u00e9ennes. \u00ab\u00a0Nous continuons \u00e0 diversifier nos \u00e9changes, \u00e0 renforcer de nouveaux partenariats et \u00e0 cr\u00e9er de nouvelles opportunit\u00e9s commerciales\u00a0\u00bb, revendique la pr\u00e9sidente de la Commission, Ursula von der Leyen.<\/p>\n<p>Inqui\u00e9tudes sur les\u00a0normes sanitaires et environnementales<\/p>\n<p>En France, le\u00a0RN d\u00e9nonce d\u00e9j\u00e0 une \u00ab\u00a0trahison\u00a0\u00bb d&rsquo;Emmanuel Macron si Paris change de camp sur le Mercosur, tandis que LFI r\u00e9clame une \u00ab\u00a0mobilisation g\u00e9n\u00e9rale\u00a0\u00bb contre le trait\u00e9. Au Parlement europ\u00e9en, le centriste Pascal Canfin promet de son c\u00f4t\u00e9 une initiative transpartisane pour tenter de \u00ab\u00a0suspendre l&rsquo;adoption\u00a0\u00bb de l&rsquo;accord, \u00ab\u00a0en l&rsquo;absence de transparence et de garanties claires\u00a0\u00bb.<\/p>\n<p>L&rsquo;un des sujets sensibles concerne <strong>les normes sanitaires et environnementales<\/strong>. Les agriculteurs europ\u00e9ens accusent leurs concurrents latino-am\u00e9ricains de ne pas respecter les normes de l&rsquo;UE, faute de contr\u00f4les suffisants.<\/p>\n","protected":false},"excerpt":{"rendered":"La Commission europ\u00e9enne a valid\u00e9 ce mercredi le Mercosur, accord commercial controvers\u00e9 entre l&rsquo;Europe et des pays d&rsquo;Am\u00e9rique&hellip;\n","protected":false},"author":2,"featured_media":363315,"comment_status":"","ping_status":"","sticky":false,"template":"","format":"standard","meta":{"footnotes":""},"categories":[4],"tags":[11,1011,27,12,25],"class_list":{"0":"post-363314","1":"post","2":"type-post","3":"status-publish","4":"format-standard","5":"has-post-thumbnail","7":"category-france","8":"tag-actualites","9":"tag-fr","10":"tag-france","11":"tag-news","12":"tag-republique-francaise"},"share_on_mastodon":{"url":"https:\/\/pubeurope.com\/@fr\/115140573993097096","error":""},"_links":{"self":[{"href":"https:\/\/www.europesays.com\/fr\/wp-json\/wp\/v2\/posts\/363314","targetHints":{"allow":["GET"]}}],"collection":[{"href":"https:\/\/www.europesays.com\/fr\/wp-json\/wp\/v2\/posts"}],"about":[{"href":"https:\/\/www.europesays.com\/fr\/wp-json\/wp\/v2\/types\/post"}],"author":[{"embeddable":true,"href":"https:\/\/www.europesays.com\/fr\/wp-json\/wp\/v2\/users\/2"}],"replies":[{"embeddable":true,"href":"https:\/\/www.europesays.com\/fr\/wp-json\/wp\/v2\/comments?post=363314"}],"version-history":[{"count":0,"href":"https:\/\/www.europesays.com\/fr\/wp-json\/wp\/v2\/posts\/363314\/revisions"}],"wp:featuredmedia":[{"embeddable":true,"href":"https:\/\/www.europesays.com\/fr\/wp-json\/wp\/v2\/media\/363315"}],"wp:attachment":[{"href":"https:\/\/www.europesays.com\/fr\/wp-json\/wp\/v2\/media?parent=363314"}],"wp:term":[{"taxonomy":"category","embeddable":true,"href":"https:\/\/www.europesays.com\/fr\/wp-json\/wp\/v2\/categories?post=363314"},{"taxonomy":"post_tag","embeddable":true,"href":"https:\/\/www.europesays.com\/fr\/wp-json\/wp\/v2\/tags?post=363314"}],"curies":[{"name":"wp","href":"https:\/\/api.w.org\/{rel}","templated":true}]}}