{"id":363320,"date":"2025-09-03T13:23:11","date_gmt":"2025-09-03T13:23:11","guid":{"rendered":"https:\/\/www.europesays.com\/fr\/363320\/"},"modified":"2025-09-03T13:23:11","modified_gmt":"2025-09-03T13:23:11","slug":"mohamed-haouas-pourra-enlever-son-bracelet-electronique-la-semaine-prochaine","status":"publish","type":"post","link":"https:\/\/www.europesays.com\/fr\/363320\/","title":{"rendered":"Mohamed Haouas pourra enlever son bracelet \u00e9lectronique la semaine prochaine"},"content":{"rendered":"<p>Une visite de Fabien Galthi\u00e9 mardi \u00e0 Montpellier<\/p>\n<p>Fabien Galthi\u00e9, son adjoint en charge des avants William Servat et son manager sant\u00e9 Bruno Boussagol \u00e9taient de passage au MHR en d\u00e9but de semaine, dans le cadre d&rsquo;un habituel tour des clubs. Selon plusieurs \u00e9chos, le s\u00e9lectionneur des Bleus, qui n&rsquo;a plus appel\u00e9 Mohamed Haouas (31\u00a0ans, 16 s\u00e9lections) depuis le 26\u00a0f\u00e9vrier 2023 et un match du Tournoi contre l&rsquo;\u00c9cosse au cours duquel ce dernier avait \u00e9t\u00e9 exclu, a salu\u00e9 son ancien joueur, notant au passage sa grande forme, confirm\u00e9e quelques jours plus t\u00f4t en amical contre Perpignan, o\u00f9 il est apparu aff\u00fbt\u00e9 et performant. Sur l&rsquo;aspect sportif pur, le staff des Bleus pourrait (re) compter sur lui \u00e0 l&rsquo;avenir mais Galthi\u00e9 ne prendra certainement pas un tel risque vu la pol\u00e9mique que cela engendrerait. C&rsquo;est en gros le message que Galthi\u00e9 a fait passer \u00e0 Haouas mardi. On ne devrait donc pas le revoir sous le maillot bleu.<\/p>\n","protected":false},"excerpt":{"rendered":"Une visite de Fabien Galthi\u00e9 mardi \u00e0 Montpellier Fabien Galthi\u00e9, son adjoint en charge des avants William Servat&hellip;\n","protected":false},"author":2,"featured_media":363321,"comment_status":"","ping_status":"","sticky":false,"template":"","format":"standard","meta":{"footnotes":""},"categories":[1416],"tags":[1011,27,479,1468,60],"class_list":{"0":"post-363320","1":"post","2":"type-post","3":"status-publish","4":"format-standard","5":"has-post-thumbnail","7":"category-rugby","8":"tag-fr","9":"tag-france","10":"tag-rugby","11":"tag-rugby-football","12":"tag-sports"},"share_on_mastodon":{"url":"https:\/\/pubeurope.com\/@fr\/115140585529817954","error":""},"_links":{"self":[{"href":"https:\/\/www.europesays.com\/fr\/wp-json\/wp\/v2\/posts\/363320","targetHints":{"allow":["GET"]}}],"collection":[{"href":"https:\/\/www.europesays.com\/fr\/wp-json\/wp\/v2\/posts"}],"about":[{"href":"https:\/\/www.europesays.com\/fr\/wp-json\/wp\/v2\/types\/post"}],"author":[{"embeddable":true,"href":"https:\/\/www.europesays.com\/fr\/wp-json\/wp\/v2\/users\/2"}],"replies":[{"embeddable":true,"href":"https:\/\/www.europesays.com\/fr\/wp-json\/wp\/v2\/comments?post=363320"}],"version-history":[{"count":0,"href":"https:\/\/www.europesays.com\/fr\/wp-json\/wp\/v2\/posts\/363320\/revisions"}],"wp:featuredmedia":[{"embeddable":true,"href":"https:\/\/www.europesays.com\/fr\/wp-json\/wp\/v2\/media\/363321"}],"wp:attachment":[{"href":"https:\/\/www.europesays.com\/fr\/wp-json\/wp\/v2\/media?parent=363320"}],"wp:term":[{"taxonomy":"category","embeddable":true,"href":"https:\/\/www.europesays.com\/fr\/wp-json\/wp\/v2\/categories?post=363320"},{"taxonomy":"post_tag","embeddable":true,"href":"https:\/\/www.europesays.com\/fr\/wp-json\/wp\/v2\/tags?post=363320"}],"curies":[{"name":"wp","href":"https:\/\/api.w.org\/{rel}","templated":true}]}}