{"id":363326,"date":"2025-09-03T13:27:13","date_gmt":"2025-09-03T13:27:13","guid":{"rendered":"https:\/\/www.europesays.com\/fr\/363326\/"},"modified":"2025-09-03T13:27:13","modified_gmt":"2025-09-03T13:27:13","slug":"essais-qualifications-et-course-a-monza","status":"publish","type":"post","link":"https:\/\/www.europesays.com\/fr\/363326\/","title":{"rendered":"essais, qualifications et course \u00e0 Monza !"},"content":{"rendered":"<p>Quelques jours apr\u00e8s la victoire d\u2019Oscar Piastri \u00e0 Zandvoort, la Formule 1 encha\u00eene avec la derni\u00e8re course europ\u00e9enne de la saison \u00e0 Monza, o\u00f9 Ferrari tentera de signer un grand r\u00e9sultat pour att\u00e9nuer la d\u00e9ception d\u2019une saison bien compliqu\u00e9e jusqu\u2019ici. D\u00e9couvrez le programme complet du Grand Prix d\u2019Italie ci-dessous.<\/p>\n<p>Pas de r\u00e9pit pour la Formule 1, <strong>quelques jours apr\u00e8s la victoire d\u2019Oscar Piastri et <a title=\"le podium du Fran\u00e7ais, Isack Hadjar \" href=\"https:\/\/www.automobile-magazine.fr\/formule-1\/article\/49249-isack-hadjar-jai-toujours-voulu-etre-sur-des-podiums-toutes-les-declarations-fortes-du-gp-des-pays-bas-2025\" target=\"_blank\" rel=\"noopener\">le podium du Fran\u00e7ais, Isack Hadjar <\/a>au Pays-Bas,<\/strong> <strong>place \u00e0 la derni\u00e8re course europ\u00e9enne de l\u2019ann\u00e9e \u00e0 Monza, h\u00f4te de la 76e \u00e9dition du Grand Prix d\u2019Italie.<\/strong> Situ\u00e9 au nord de Milan, ce circuit historique est surnomm\u00e9 le temple le vitesse, en raison des nombreuses lignes droites qui font la part belle \u00e0 la vitesse de pointe. <strong>Sur ce trac\u00e9 de 5,793 km et 11 virages, les pilotes restent pied au plancher pendant 77% du tour, soit le pourcentage de pleine charge au tour le plus long de la saison. <\/strong>Avec des pointes de vitesses d\u00e9passant les 350 km\/h, le moteur joue un r\u00f4le crucial dans les performances tout comme l\u2019a\u00e9rodynamique. Depuis plusieurs ann\u00e9es, les \u00e9curies ont pris l\u2019habitude d\u2019apporter \u00e0 Monza des packages \u00e0 tr\u00e8s faible appui pour limiter la r\u00e9sistance et l\u2019air et permettre aux monoplaces d\u2019accro\u00eetre leur vitesse maximale.<\/p>\n<blockquote class=\"twitter-tweet\" data-lang=\"fr\">\n<p lang=\"en\" dir=\"ltr\">RACE \ud83e\udd29 WEEK <\/p>\n<p>Monza, here we come! \ud83c\uddee\ud83c\uddf9<a href=\"https:\/\/twitter.com\/hashtag\/F1?src=hash&amp;ref_src=twsrc%5Etfw\" target=\"_blank\" rel=\"noopener\">#F1<\/a> <a href=\"https:\/\/twitter.com\/hashtag\/ItalianGP?src=hash&amp;ref_src=twsrc%5Etfw\" target=\"_blank\" rel=\"noopener\">#ItalianGP<\/a> <a href=\"https:\/\/t.co\/R7b5PojHzk\">pic.twitter.com\/R7b5PojHzk<\/a><\/p>\n<p>\u2014 Formula 1 (@F1) <a href=\"https:\/\/twitter.com\/F1\/status\/1962423932855709852?ref_src=twsrc%5Etfw\" target=\"_blank\" rel=\"noopener\">1 septembre 2025<\/a><\/p><\/blockquote>\n<p>Lewis Hamilton p\u00e9nalis\u00e9 avant m\u00eame le d\u00e9part ?<\/p>\n<p>Qui dit Monza, dit Tifosi et donc Ferrari ! <strong>Tout juste sortis d\u2019un double abandon le week-end dernier au <a title=\"Grand Prix des Pays-Bas\" href=\"https:\/\/www.automobile-magazine.fr\/formule-1\/article\/49248-grand-prix-des-pays-bas-2025-oscar-piastri-simpose-lando-norris-abandonne-et-isack-hadjar-signe-son-premier-podium-en-f1\" target=\"_blank\" rel=\"noopener\">Grand Prix des Pays-Bas<\/a>, les rouges esp\u00e8rent rebondir \u00e0 domicile et sauver une saison jusqu\u2019ici bien morose. <\/strong>Vainqueur face \u00e0 McLaren l\u2019an pass\u00e9, la Scuderia esp\u00e8re remettre \u00e7a cette saison, mais <strong>la mission s\u2019annonce d\u00e9j\u00e0 compliqu\u00e9e surtout pour Lewis Hamilton. D\u00e8s dimanche, le septuple champion du monde devra composer avec une p\u00e9nalit\u00e9 de 5 places sur la grille de d\u00e9part <\/strong>apr\u00e8s avoir \u00e9t\u00e9 jug\u00e9 coupable de ne pas avoir suffisant ralentit sous double drapeau jaune lors des tours d\u2019installation d\u2019avant course au Pays-Bas. Malgr\u00e9 ce coup dur, le Britannique compte bien faire les choses en grand pour sa premi\u00e8re \u00e0 Monza sous les couleurs rouges. Alors qu\u2019il vient tout juste de battre un triste record, celui du pilote Ferrari avec le plus de courses (15) sans avoir encore sign\u00e9 le moindre podium, Monza serait l\u2019endroit id\u00e9al pour enfin se hisser le top 3 voire gagner (hors course sprint).<\/p>\n<blockquote class=\"twitter-tweet\" data-lang=\"fr\">\n<p lang=\"en\" dir=\"ltr\">Lewis Hamilton faces a five-place grid drop in Monza, after failing to slow under double yellow flags, and to greatly reduce speed at the pit entry, prior to the Dutch Grand Prix<a href=\"https:\/\/twitter.com\/hashtag\/F1?src=hash&amp;ref_src=twsrc%5Etfw\" target=\"_blank\" rel=\"noopener\">#F1<\/a> <a href=\"https:\/\/twitter.com\/hashtag\/DutchGP?src=hash&amp;ref_src=twsrc%5Etfw\" target=\"_blank\" rel=\"noopener\">#DutchGP<\/a> <a href=\"https:\/\/t.co\/bJuSn8k5XK\">pic.twitter.com\/bJuSn8k5XK<\/a><\/p>\n<p>\u2014 Formula 1 (@F1) <a href=\"https:\/\/twitter.com\/F1\/status\/1962964998285631628?ref_src=twsrc%5Etfw\" target=\"_blank\" rel=\"noopener\">2 septembre 2025<\/a><\/p><\/blockquote>\n<p>La pole position peu r\u00e9compens\u00e9e<\/p>\n<p><strong>Lors des cinq derni\u00e8res \u00e9ditions du Grand Prix d\u2019Italie, le poleman n\u2019est jamais parvenu \u00e0 s\u2019imposer. <\/strong>Ce week-end, les grands favoris, McLaren, tenteront de briser ce cycle en d\u00e9crochant enfin la victoire apr\u00e8s avoir \u00e9t\u00e9 pi\u00e9g\u00e9 par Ferrari l\u2019an pass\u00e9.<strong> L\u2019\u00e9curie de Woking pourra notamment compter sur Lando Norris, qui devrait b\u00e9n\u00e9ficier d\u2019un moteur flambant neuf apr\u00e8s son abandon survenu \u00e0 Zandvoort. <\/strong>Apr\u00e8s avoir accus\u00e9 un terrible 25-0 au Pays-Bas, le Britannique aura \u00e0 c\u0153ur de briller pour att\u00e9nuer une situation comptable d\u00e9licate dans la course au titre face \u00e0 Oscar Piastri. <strong>\u00c0 l\u2019aube de ce 16e rendez-vous de la saison, Lando Norris compte 34 points de retard sur son co\u00e9quipier, leader au championnat des pilotes. <\/strong>Pour s\u2019imposer, le dauphin du championnat ne pourra pas compter sur une m\u00e9t\u00e9o capricieuse. Le ciel s\u2019annonce nuageux et les temp\u00e9ratures devraient plafonner autour des 27\u00b0. C\u00f4t\u00e9 diffusion TV, les essais libres et les qualifications seront \u00e0 retrouver sur Canal + Sport tandis que la course sera \u00e0 suivre sur Canal + dimanche \u00e0 15h00.<\/p>\n<blockquote class=\"twitter-tweet\" data-lang=\"fr\">\n<p lang=\"en\" dir=\"ltr\">\u00ab\u00a0The man from Monaco is the man for Monza!\u00a0\u00bb \ud83d\udde3\ufe0f\ud83d\udd25<\/p>\n<p>After winning his home race in 2024, there was no better way for <a href=\"https:\/\/twitter.com\/Charles_Leclerc?ref_src=twsrc%5Etfw\" target=\"_blank\" rel=\"noopener\">@Charles_Leclerc<\/a> to follow it up than winning <a href=\"https:\/\/twitter.com\/ScuderiaFerrari?ref_src=twsrc%5Etfw\" target=\"_blank\" rel=\"noopener\">@ScuderiaFerrari<\/a> too \u2764\ufe0f<a href=\"https:\/\/twitter.com\/hashtag\/F1?src=hash&amp;ref_src=twsrc%5Etfw\" target=\"_blank\" rel=\"noopener\">#F1<\/a> <a href=\"https:\/\/twitter.com\/hashtag\/ItalianGP?src=hash&amp;ref_src=twsrc%5Etfw\" target=\"_blank\" rel=\"noopener\">#ItalianGP<\/a> <a href=\"https:\/\/t.co\/vQazepHqGI\">pic.twitter.com\/vQazepHqGI<\/a><\/p>\n<p>\u2014 Formula 1 (@F1) <a href=\"https:\/\/twitter.com\/F1\/status\/1962957700217897420?ref_src=twsrc%5Etfw\" target=\"_blank\" rel=\"noopener\">2 septembre 2025<\/a><\/p><\/blockquote>\n<p>Les infos du circuit de Monza, Italie<\/p>\n<ul>\n<li><strong>76e \u00e9dition du GP d\u2019Italie<\/strong><\/li>\n<li><strong>Longueur : 5,793 km<\/strong><\/li>\n<li><strong>Nombre de virages : 11<\/strong><\/li>\n<li><strong>Zone DRS : 2<\/strong><\/li>\n<li><strong>Nombre de tours : 53<\/strong><\/li>\n<li><strong>Temps de pleine charge au tour : 77%<\/strong><\/li>\n<li><strong>Probabilit\u00e9 SC : 31% (0 tour en 2024)<\/strong><\/li>\n<li><strong>Poleman 2024 : Lando Norris (1&rsquo;19&Prime;327)<\/strong><\/li>\n<li><strong>Vainqueur 2024 : Charles Leclerc (1h14&rsquo;40&Prime;727)<\/strong><\/li>\n<\/ul>\n<p>Le programme du GP d\u2019Italie<\/p>\n<tr>S\u00e9anceDateHorairesCha\u00eene<\/tr>\n<tr>\n<td>S\u00e9anceEssais libres 1<\/td>\n<td>DateVendredi 5 septembre<\/td>\n<td>Horaires13h30 &#8211; 14h30<\/td>\n<td>Cha\u00eeneCanal + Sport<\/td>\n<\/tr>\n<tr>\n<td>S\u00e9anceEssais libres 2<\/td>\n<td>DateVendredi 5 septembre<\/td>\n<td>Horaires17h00 &#8211; 18h00<\/td>\n<td>Cha\u00eeneCanal + Sport<\/td>\n<\/tr>\n<tr>\n<td>S\u00e9anceEssais libres 3<\/td>\n<td>DateVendredi 5 septembre<\/td>\n<td>Horaires12h30 &#8211; 13h30<\/td>\n<td>Cha\u00eeneCanal + Sport<\/td>\n<\/tr>\n<tr>\n<td>S\u00e9anceQualifications<\/td>\n<td>DateSamedi 6 septembre<\/td>\n<td>Horaires16h00 &#8211; 17h00<\/td>\n<td>Cha\u00eeneCanal + Sport<\/td>\n<\/tr>\n<tr>\n<td>S\u00e9anceCourse<\/td>\n<td>DateDimanche 7 septembre<\/td>\n<td>Horaires15h00<\/td>\n<td>Cha\u00eeneCanal +<\/td>\n<\/tr>\n<p> <img decoding=\"async\" src=\"https:\/\/www.europesays.com\/fr\/wp-content\/uploads\/2025\/07\/gilles-rousset-favier.webp.webp\" alt=\"Gilles Rousset-Favier\" width=\"120\" height=\"120\" class=\"visu-auteur\" loading=\"lazy\"\/><\/p>\n<p class=\"short-txt\"> Journaliste sp\u00e9cialis\u00e9 dans les sports m\u00e9caniques (F1, WEC, FE, MotoGP)<\/p>\n<p>  Publi\u00e9 le  03\/09\/2025 \u00e0 15:15  <\/p>\n<p><script async src=\"https:\/\/platform.twitter.com\/widgets.js\" charset=\"utf-8\"><\/script><\/p>\n","protected":false},"excerpt":{"rendered":"Quelques jours apr\u00e8s la victoire d\u2019Oscar Piastri \u00e0 Zandvoort, la Formule 1 encha\u00eene avec la derni\u00e8re course europ\u00e9enne&hellip;\n","protected":false},"author":2,"featured_media":363327,"comment_status":"","ping_status":"","sticky":false,"template":"","format":"standard","meta":{"footnotes":""},"categories":[1412],"tags":[1451,1452,1453,1454,1455,1011,27,27138,60,27313,622],"class_list":{"0":"post-363326","1":"post","2":"type-post","3":"status-publish","4":"format-standard","5":"has-post-thumbnail","7":"category-f1","8":"tag-f1","9":"tag-formula-1","10":"tag-formula1","11":"tag-formule-1","12":"tag-formule1","13":"tag-fr","14":"tag-france","15":"tag-sport-automobile","16":"tag-sports","17":"tag-tout-le-sport","18":"tag-toute-lu0027actualitu00e9"},"share_on_mastodon":{"url":"https:\/\/pubeurope.com\/@fr\/115140601067829893","error":""},"_links":{"self":[{"href":"https:\/\/www.europesays.com\/fr\/wp-json\/wp\/v2\/posts\/363326","targetHints":{"allow":["GET"]}}],"collection":[{"href":"https:\/\/www.europesays.com\/fr\/wp-json\/wp\/v2\/posts"}],"about":[{"href":"https:\/\/www.europesays.com\/fr\/wp-json\/wp\/v2\/types\/post"}],"author":[{"embeddable":true,"href":"https:\/\/www.europesays.com\/fr\/wp-json\/wp\/v2\/users\/2"}],"replies":[{"embeddable":true,"href":"https:\/\/www.europesays.com\/fr\/wp-json\/wp\/v2\/comments?post=363326"}],"version-history":[{"count":0,"href":"https:\/\/www.europesays.com\/fr\/wp-json\/wp\/v2\/posts\/363326\/revisions"}],"wp:featuredmedia":[{"embeddable":true,"href":"https:\/\/www.europesays.com\/fr\/wp-json\/wp\/v2\/media\/363327"}],"wp:attachment":[{"href":"https:\/\/www.europesays.com\/fr\/wp-json\/wp\/v2\/media?parent=363326"}],"wp:term":[{"taxonomy":"category","embeddable":true,"href":"https:\/\/www.europesays.com\/fr\/wp-json\/wp\/v2\/categories?post=363326"},{"taxonomy":"post_tag","embeddable":true,"href":"https:\/\/www.europesays.com\/fr\/wp-json\/wp\/v2\/tags?post=363326"}],"curies":[{"name":"wp","href":"https:\/\/api.w.org\/{rel}","templated":true}]}}