{"id":363332,"date":"2025-09-03T13:30:16","date_gmt":"2025-09-03T13:30:16","guid":{"rendered":"https:\/\/www.europesays.com\/fr\/363332\/"},"modified":"2025-09-03T13:30:16","modified_gmt":"2025-09-03T13:30:16","slug":"bruce-willis-sur-le-declin-demi-moore-mere-de-3-de-ses-enfants-sexprime-et-evoque-la-manifestation-de-nouvelles-facettes-de-lacteur","status":"publish","type":"post","link":"https:\/\/www.europesays.com\/fr\/363332\/","title":{"rendered":"Bruce Willis sur le d\u00e9clin : Demi Moore, m\u00e8re de 3 de ses enfants, s&rsquo;exprime et \u00e9voque la manifestation de nouvelles \u00ab\u00a0facettes\u00a0\u00bb de l&rsquo;acteur"},"content":{"rendered":"<p>            <img loading=\"lazy\" decoding=\"async\" src=\"https:\/\/www.europesays.com\/fr\/wp-content\/uploads\/2025\/09\/15559a7e4ed390c9-35x35-1.jpg\" class=\"author-article-picture\" width=\"35\" height=\"35\"\/><\/p>\n<p>                Par<br \/>\n                                    Tiffany Iacomacci<br \/>\n                                                    | R\u00e9dactrice<\/p>\n<p>\n                Ils se sont s\u00e9par\u00e9s \u00e0 la suite d\u2019une tromperie ? Passionn\u00e9e par la vie des people, raconter leurs histoires a \u00e9t\u00e9 une \u00e9vidence. Conna\u00eetre la derni\u00e8re actualit\u00e9 de la famille royale ? Cela fait \u00e9galement partie des plaisirs de Tiffany. Curieuse de nature, elle ne se tient jamais loin des r\u00e9seaux sociaux afin d\u2019\u00eatre s\u00fbre de ne rien manquer concernant ses c\u00e9l\u00e9brit\u00e9s pr\u00e9f\u00e9r\u00e9es.\n            <\/p>\n<p>\n    Demi Moore a pris la parole dans un podcast anim\u00e9 par Oprah Winfrey, comme l\u2019a indiqu\u00e9 \u00ab\u00a0Page Six\u00a0\u00bb ce mardi 2 septembre. L\u2019actrice a fait quelques confidences au sujet de Bruce Willis, apportant des pr\u00e9cisions sur son quotidien et indiquant sa tristesse de voir l\u2019\u00e9tat de sant\u00e9 du com\u00e9dien, atteint de d\u00e9mence fronto-temporale, se d\u00e9grader.\n<\/p>\n<p>                            <img loading=\"lazy\" decoding=\"async\" class=\"player-thumbnail\" src=\"https:\/\/www.europesays.com\/fr\/wp-content\/uploads\/2025\/09\/a5e321173cdebed9-580x326-2.jpg\" width=\"580\" height=\"326\"\/><\/p>\n<p>                    Bruce Willis sur le d\u00e9clin : Demi Moore, m\u00e8re de 3 de ses enfants, s&rsquo;exprime et \u00e9voque la manifestation de nouvelles \u00ab\u00a0facettes\u00a0\u00bb de l&rsquo;acteur<\/p>\n<p>La suite apr\u00e8s la publicit\u00e9<\/p>\n<p>C\u2019est en 2022 que la vie de <a href=\"https:\/\/www.purepeople.com\/people\/bruce-willis_p357\" rel=\"nofollow noopener\" target=\"_blank\">Bruce Willis<\/a> a pris un tournant inattendu. Acteur tr\u00e8s appr\u00e9ci\u00e9 et avec une immense carri\u00e8re,<a href=\"https:\/\/www.purepeople.com\/article\/bruce-willis-gravement-malade-l-acteur-met-fin-a-sa-carriere-terrible-annonce-de-sa-famille_a483769\/1\" rel=\"nofollow noopener\" target=\"_blank\"> il a \u00e9t\u00e9 contraint de prendre sa retraite<\/a> \u00e0 cause d\u2019un souci de sant\u00e9.<strong> En effet, il souffre d\u2019une d\u00e9mence fronto-temporale, une maladie neurod\u00e9g\u00e9n\u00e9rative<\/strong>. Depuis, c\u2019est gr\u00e2ce \u00e0 Emma Heming, son \u00e9pouse et Demi Moore, son ex-femme, que les fans de Bruce Willis ont de ses nouvelles. Ce fut notamment le cas derni\u00e8rement, dans un podcast r\u00e9alis\u00e9 par <a href=\"https:\/\/www.purepeople.com\/people\/oprah-winfrey_p450\" rel=\"nofollow noopener\" target=\"_blank\">Oprah Winfrey<\/a>. Les propos de l\u2019actrice de The Substance ont \u00e9t\u00e9 rapport\u00e9s par Page Six ce mardi 2 septembre. \u00ab\u00a0C\u2019est difficile. C\u2019est dur de voir quelqu\u2019un d\u2019aussi dynamique, fort et d\u00e9termin\u00e9 \u00e9voluer vers d\u2019autres facettes de lui-m\u00eame\u00a0\u00bb, a-t-elle d\u2019abord confi\u00e9, tr\u00e8s pein\u00e9e. Si elle est tr\u00e8s pr\u00e9sente pour Bruce Willis, il est souvent difficile pour Demi Moore de faire face \u00e0 tout \u00e7a.<\/p>\n<p>Demi Moore a opt\u00e9 pour la transparence concernant cette situation. \u00ab\u00a0Mais vous savez, mon point de vue personnel est le suivant : je dis toujours qu\u2019il est essentiel de les rencontrer l\u00e0 o\u00f9 ils sont. N\u2019attendez pas d\u2019eux qu\u2019ils soient ce qu\u2019ils \u00e9taient ou ce que vous voudriez qu\u2019ils soient\u00a0\u00bb, a-t-elle assur\u00e9. Elle a ajout\u00e9 : \u00ab\u00a0Quand on fait cela, je trouve qu\u2019il y a une douceur incroyable, quelque chose de tendre et d\u2019aimant\u201d.<strong> Malgr\u00e9 les difficult\u00e9s du quotidien, Demi Moore souhaite seulement apporter son soutien \u00e0 un homme qui a longtemps compt\u00e9 pour elle. <\/strong>Boulevers\u00e9e par<a href=\"https:\/\/www.purepeople.com\/article\/bruce-willis-plus-capable-de-tenir-une-conversation-son-etat-de-sante-continue-de-se-degrader_a506128\/1\" rel=\"nofollow noopener\" target=\"_blank\"> la d\u00e9gradation de l\u2019\u00e9tat de Bruce Willis<\/a>, l\u2019actrice de 62 ans pr\u00e9cise que le plus important pour elle est d\u2019\u00eatre pr\u00e9sente. Demi Moore ne souhaite pas se souvenir du pass\u00e9 mais simplement apporter son soutien \u00e0 Bruce Willis et son \u00e9pouse Emma Heming.\u00a0<\/p>\n<p>Demi Moore : une ex-femme tr\u00e8s pr\u00e9sente pour Bruce Willis<\/p>\n<p>C\u2019est en ao\u00fbt 1987 que Demi Moore va faire la rencontre de Bruce Willis. Alors fianc\u00e9e avec Emilio Estevez, elle va rompre ses fian\u00e7ailles et entamer une relation avec l\u2019acteur. Tous deux se sont mari\u00e9s en novembre 1987 et ils ont eu trois filles, Rumer Glenn, Scout LaRue et Tallulah Belle. Le couple a mis fin \u00e0 son histoire d\u2019amour en 1998 mais ne s\u2019est jamais r\u00e9ellement s\u00e9par\u00e9.<strong> Demi Moore a toujours \u00e9t\u00e9 tr\u00e8s pr\u00e9sente pour Bruce Willis et elle l\u2019est davantage maintenant que sa sant\u00e9 est en d\u00e9clin.<\/strong> Sur ses r\u00e9seaux sociaux, l\u2019actrice partage des nouvelles de son ex-mari quand elle le peut et elle n\u2019h\u00e9site pas \u00e0 apporter son soutien \u00e0 Emma Heming. Pour l\u2019actuelle femme de Bruce Willis, <a href=\"https:\/\/www.purepeople.com\/article\/son-cerveau-le-lache-bruce-willis-tres-diminue-sa-jeune-epouse-sort-du-silence-pour-donner-des-nouvelles-de-lacteur_a541843\/1\" rel=\"nofollow noopener\" target=\"_blank\">qui a r\u00e9cemment donn\u00e9 de tristes nouvelles<\/a>, \u00eatre entour\u00e9e est primordial durant cette p\u00e9riode. Cette derni\u00e8re a r\u00e9cemment pris une d\u00e9cision tr\u00e8s compliqu\u00e9e : celle de placer le com\u00e9dien dans un \u00e9tablissement sp\u00e9cialis\u00e9, non loin de leur domicile familial.\u00a0<\/p>\n<p>La maladie progresse : Bruce Willis atteint de d\u00e9mence fronto-temporale, de simples gestes d\u00e9sormais impossibles \u00e0 r\u00e9aliser<\/p>\n","protected":false},"excerpt":{"rendered":"Par Tiffany Iacomacci | R\u00e9dactrice Ils se sont s\u00e9par\u00e9s \u00e0 la suite d\u2019une tromperie ? Passionn\u00e9e par la&hellip;\n","protected":false},"author":2,"featured_media":363333,"comment_status":"","ping_status":"","sticky":false,"template":"","format":"standard","meta":{"footnotes":""},"categories":[1359],"tags":[58,59,1011,27,973],"class_list":{"0":"post-363332","1":"post","2":"type-post","3":"status-publish","4":"format-standard","5":"has-post-thumbnail","7":"category-people","8":"tag-divertissement","9":"tag-entertainment","10":"tag-fr","11":"tag-france","12":"tag-people"},"share_on_mastodon":{"url":"https:\/\/pubeurope.com\/@fr\/115140612934031316","error":""},"_links":{"self":[{"href":"https:\/\/www.europesays.com\/fr\/wp-json\/wp\/v2\/posts\/363332","targetHints":{"allow":["GET"]}}],"collection":[{"href":"https:\/\/www.europesays.com\/fr\/wp-json\/wp\/v2\/posts"}],"about":[{"href":"https:\/\/www.europesays.com\/fr\/wp-json\/wp\/v2\/types\/post"}],"author":[{"embeddable":true,"href":"https:\/\/www.europesays.com\/fr\/wp-json\/wp\/v2\/users\/2"}],"replies":[{"embeddable":true,"href":"https:\/\/www.europesays.com\/fr\/wp-json\/wp\/v2\/comments?post=363332"}],"version-history":[{"count":0,"href":"https:\/\/www.europesays.com\/fr\/wp-json\/wp\/v2\/posts\/363332\/revisions"}],"wp:featuredmedia":[{"embeddable":true,"href":"https:\/\/www.europesays.com\/fr\/wp-json\/wp\/v2\/media\/363333"}],"wp:attachment":[{"href":"https:\/\/www.europesays.com\/fr\/wp-json\/wp\/v2\/media?parent=363332"}],"wp:term":[{"taxonomy":"category","embeddable":true,"href":"https:\/\/www.europesays.com\/fr\/wp-json\/wp\/v2\/categories?post=363332"},{"taxonomy":"post_tag","embeddable":true,"href":"https:\/\/www.europesays.com\/fr\/wp-json\/wp\/v2\/tags?post=363332"}],"curies":[{"name":"wp","href":"https:\/\/api.w.org\/{rel}","templated":true}]}}