{"id":363338,"date":"2025-09-03T13:33:17","date_gmt":"2025-09-03T13:33:17","guid":{"rendered":"https:\/\/www.europesays.com\/fr\/363338\/"},"modified":"2025-09-03T13:33:17","modified_gmt":"2025-09-03T13:33:17","slug":"ophelie-en-grand-danger-jusquou-ira-vanessa-pour-la-sauver-plus-belle-la-vie-spoilers-22-au-26-septembre-2025","status":"publish","type":"post","link":"https:\/\/www.europesays.com\/fr\/363338\/","title":{"rendered":"Oph\u00e9lie en grand danger : jusqu&rsquo;o\u00f9 ira Vanessa pour la sauver ? &#8211; Plus belle la vie (spoilers) 22 au 26 septembre 2025"},"content":{"rendered":"<p>\tLes spoilers des \u00e9pisodes Plus belle la vie en avance de TF1 du 22 au 26 septembre 2025 :  Oph\u00e9lie (Morgane Frioux) en danger de mort, Vanessa Kepler a 24h pour sauver sa fille. Tous les r\u00e9sum\u00e9s courts de #PBLV en avance ici.<br \/>\n<img fetchpriority=\"high\" decoding=\"async\" aria-describedby=\"caption-attachment-313473\" src=\"https:\/\/www.europesays.com\/fr\/wp-content\/uploads\/2025\/09\/ophelie-vanessa-pblv.jpg\" alt=\"Oph\u00e9lie en pleurs et Vanessa d\u00e9termin\u00e9e dans Plus belle la vie, une intrigue pleine de danger et d\u2019\u00e9motion en septembre 2025.\" width=\"1280\" height=\"720\" class=\"size-full wp-image-313473\"  \/><\/p>\n<p id=\"caption-attachment-313473\" class=\"wp-caption-text\">Oph\u00e9lie (Morgane Frioux)  en larmes face \u00e0 Vanessa (Agathe de La Boulaye) dans Plus belle la vie : une relation boulevers\u00e9e par le danger et les r\u00e9v\u00e9lations.<\/p>\n<p>Les <a href=\"https:\/\/www.nouveautes-tele.com\/38439-plus-belle-la-vie-le-guide-des-resumes-et-soilers.html\" rel=\"nofollow noopener\" target=\"_blank\"><strong>spoilers Plus belle la vie, encore plus belle <\/strong><\/a> 3 semaines en avance, on vous dit tout ce qui va se passer dans la semaine du 15 au 19 septembre 2025 avec les \u00e9pisodes 425 \u00e0 429 en attendant les r\u00e9sum\u00e9s complets et les r\u00e9caps vid\u00e9o sur notre <a href=\"https:\/\/www.youtube.com\/@nouveautesteleoff\/videos\" target=\"_blank\" rel=\"noopener nofollow\"><strong>cha\u00eene Youtube<\/strong><\/a>. <\/p>\n<p><strong>Les guests de la semaine de Plus belle la vie sont <\/strong>: Marley Rabarin (Mathis), Bryan Tr\u00e9sor (Baptiste Marci), Bertrand Nadler (Axel Dupr\u00e9), Rose Chemla (Louisa Salem), Marie Griffon (Constance), G\u00e9raldine Masquelier (Sylvie Vavin), L\u00e9o Bastard (Chris Vavin), Rosalie Chenel (In\u00e8s Salem), Enzo Capizzi (Hugo Basque), , Josiane Pinson (Gladys Dupr\u00e9), Olivier Bayart (Jean-David Perrot)<\/p>\n<p>Plus belle la vie en avance du lundi 22 septembre 2025<br \/>\n<\/p>\n<p><strong>Dans l\u2019\u00e9pisode 425 de Plus belle la vie <\/strong> : Suite aux \u00e9v\u00e9nements dramatiques r\u00e9cents, Idriss et L\u00e9a d\u00e9couvrent enfin la v\u00e9rit\u00e9, m\u00eame si celle-ci s\u2019av\u00e8re difficile \u00e0 accepter. Pendant ce temps, plusieurs habitants de Mistral reviennent pour participer \u00e0 une occasion particuli\u00e8re (le mariage de Gabriel et Axel), tandis que Barbara commence \u00e0 questionner les v\u00e9ritables intentions de Riva. De son c\u00f4t\u00e9, Oph\u00e9lie, boulevers\u00e9e par le comportement de Vanessa, re\u00e7oit de l\u2019aide d\u2019une source surprenante. <\/p>\n<p>Plus belle la vie en avance du mardi 23 septembre 2025 <\/p>\n<p><strong>Dans l\u2019\u00e9pisode 426 de Plus belle la vie <\/strong> :  Le moment tant attendu est arriv\u00e9 et chacun se pr\u00e9pare pour l\u2019occasion. Barbara, \u00e9paul\u00e9e par Louis, est r\u00e9solue \u00e0 influencer le cours des choses. Cependant, plusieurs retournements de situation impr\u00e9vus viennent troubler les festivit\u00e9s.<\/p>\n<p>Plus belle la vie en avance du mercredi 24 septembre 2025 <\/p>\n<p><strong>Dans l\u2019\u00e9pisode 427 de Plus belle la vie <\/strong> : Oph\u00e9lie choisit de prendre l\u2019initiative en affrontant directement Vanessa. Idriss vit \u00e0 la fois des moments de retrouvailles \u00e9mouvantes et envisage de nouveaux projets d\u2019avenir. Dans le quartier du Mistral, bien que l\u2019amour soit pr\u00e9sent, plusieurs personnes doivent faire face \u00e0 leurs obligations.<\/p>\n<p>Plus belle la vie en avance du jeudi 25 septembre 2025<br \/>\n<img loading=\"lazy\" decoding=\"async\" aria-describedby=\"caption-attachment-275626\" src=\"data:image\/svg+xml,%3Csvg%20xmlns=\" http:=\"\" alt=\"baptiste pblv\" width=\"1200\" height=\"665\" class=\"size-full wp-image-275626\" data-lazy- data-lazy- data-lazy-src=\"https:\/\/www.europesays.com\/fr\/wp-content\/uploads\/2025\/09\/pblv-235eOOF.jpg\"\/><\/p>\n<p id=\"caption-attachment-275626\" class=\"wp-caption-text\">Baptiste revient dans Plus belle la vie avec Mathis pour le mariage de Riva<\/p>\n<p><strong>Dans l\u2019\u00e9pisode 428 de Plus belle la vie <\/strong> :<br \/>Oph\u00e9lie se retrouve dans une situation d\u00e9licate, poussant Vanessa \u00e0 tout mettre en \u0153uvre pour lui porter secours. Au poste de police, un malentendu contraint Ariane \u00e0 intervenir rapidement et discr\u00e8tement. Parall\u00e8lement, Baptiste parviendra-t-il \u00e0 rassembler le courage n\u00e9cessaire pour r\u00e9v\u00e9ler une nouvelle attristante \u00e0 ses proches ?<br \/>\nPlus belle la vie en avance du vendredi 26 septembre 2025 <\/p>\n<p><strong>Dans l\u2019\u00e9pisode 429 de Plus belle la vie <\/strong> : L\u2019urgence se fait sentir pour Vanessa (Agathe de la Boulaye) car Oph\u00e9lie fait face \u00e0 un danger imminent. Les divergences professionnelles risquent-elles d\u2019affecter les liens entre Baptiste et son p\u00e8re ? Au centre m\u00e9dical, L\u00e9a accueille une patiente qui manifeste des r\u00e9ticences particuli\u00e8res.<\/p>\n<p>&#13;<\/p>\n<p style=\"font-size:18px; font-weight:bold; margin-bottom:10px; color:#002147;\">&#13;<br \/>\n    \ud83d\udc8c Abonnez-vous \u00e0 la newsletter Nouveaut\u00e9s T\u00e9l\u00e9 DNA &amp; ITC &#13;\n  <\/p>\n<p style=\"font-size:14px; margin-bottom:15px; color:#555;\">&#13;<br \/>\n    \ud83d\udce9 Soyez pr\u00e9venu par mail <strong>d\u00e8s la publication d&rsquo;un article Demain nous appartient et\/ou Ici tout commence <\/strong>.  &#13;<br \/>\n    \ud83d\udc49 Gratuit, et d\u00e9sinscription possible \u00e0 tout moment.&#13;\n  <\/p>\n<p>&#13;<br \/>\n&#13;<\/p>\n<p>\ud83d\udcac Et vous, que pensez-vous des prochains \u00e9pisodes du feuilleton quotidien Plus belle la vie  sur TF1 ?<br \/>R\u00e9agissez en commentaire ou rejoignez les fans sur notre <a href=\"https:\/\/www.nouveautes-tele.com\/57711-forum-plus-belle-la-vie-france-3-vos-avis.html\" rel=\"nofollow noopener\" target=\"_blank\"><strong>forum PBLV<\/strong><\/a> !<\/p>\n<p>-&gt; N&rsquo;h\u00e9sitez pas \u00e0 nous suivre sur <a href=\"https:\/\/whatsapp.com\/channel\/0029Vaff4LEFcowCVHrXqx17\" target=\"_blank\" rel=\"noopener nofollow\"><strong>notre cha\u00eene WhatsApp<\/strong><\/a> pour ne rien manquer des derni\u00e8res actualit\u00e9s de Nouveaut\u00e9s-T\u00e9l\u00e9. &#13;<br \/>\n&#13;<\/p>\n<p>                          <img loading=\"lazy\" decoding=\"async\" width=\"512\" height=\"512\" src=\"data:image\/svg+xml,%3Csvg%20xmlns=\" http:=\"\" alt=\"Logo de Nouveaut\u00e9 t\u00e9l\u00e9\" data-lazy-src=\"https:\/\/www.europesays.com\/fr\/wp-content\/uploads\/2025\/06\/nt-logo.png\"\/><\/p>\n<p>\t\t\t  Isabelle Corteilles<\/p>\n<p>Titou, passionn\u00e9e de m\u00e9dias et incollable sur l\u2019actualit\u00e9 des s\u00e9ries t\u00e9l\u00e9. De la g\u00e9n\u00e9ration Dawson\u2019s Creek et Sous le Soleil, je navigue aujourd\u2019hui entre le Spoon de DNA, les marais salants d\u2019ITC, le Mistral de PBLV, le Com\u00e8te de TP2L, la Pe\u00f1a Loca de Nouveau Jour et les Sauvages d\u2019Un Si Grand Soleil, pour ne rien rater des derni\u00e8res intrigues et indiscr\u00e9tions.<\/p>\n","protected":false},"excerpt":{"rendered":"Les spoilers des \u00e9pisodes Plus belle la vie en avance de TF1 du 22 au 26 septembre 2025&hellip;\n","protected":false},"author":2,"featured_media":363339,"comment_status":"","ping_status":"","sticky":false,"template":"","format":"standard","meta":{"footnotes":""},"categories":[1356],"tags":[58,59,1011,27,252,1364],"class_list":{"0":"post-363338","1":"post","2":"type-post","3":"status-publish","4":"format-standard","5":"has-post-thumbnail","7":"category-television","8":"tag-divertissement","9":"tag-entertainment","10":"tag-fr","11":"tag-france","12":"tag-television","13":"tag-tv"},"share_on_mastodon":{"url":"https:\/\/pubeurope.com\/@fr\/115140624780731411","error":""},"_links":{"self":[{"href":"https:\/\/www.europesays.com\/fr\/wp-json\/wp\/v2\/posts\/363338","targetHints":{"allow":["GET"]}}],"collection":[{"href":"https:\/\/www.europesays.com\/fr\/wp-json\/wp\/v2\/posts"}],"about":[{"href":"https:\/\/www.europesays.com\/fr\/wp-json\/wp\/v2\/types\/post"}],"author":[{"embeddable":true,"href":"https:\/\/www.europesays.com\/fr\/wp-json\/wp\/v2\/users\/2"}],"replies":[{"embeddable":true,"href":"https:\/\/www.europesays.com\/fr\/wp-json\/wp\/v2\/comments?post=363338"}],"version-history":[{"count":0,"href":"https:\/\/www.europesays.com\/fr\/wp-json\/wp\/v2\/posts\/363338\/revisions"}],"wp:featuredmedia":[{"embeddable":true,"href":"https:\/\/www.europesays.com\/fr\/wp-json\/wp\/v2\/media\/363339"}],"wp:attachment":[{"href":"https:\/\/www.europesays.com\/fr\/wp-json\/wp\/v2\/media?parent=363338"}],"wp:term":[{"taxonomy":"category","embeddable":true,"href":"https:\/\/www.europesays.com\/fr\/wp-json\/wp\/v2\/categories?post=363338"},{"taxonomy":"post_tag","embeddable":true,"href":"https:\/\/www.europesays.com\/fr\/wp-json\/wp\/v2\/tags?post=363338"}],"curies":[{"name":"wp","href":"https:\/\/api.w.org\/{rel}","templated":true}]}}